{"id":126988,"date":"2022-10-12T16:38:35","date_gmt":"2022-10-12T14:38:35","guid":{"rendered":"https:\/\/caritas-wp.glauco.it\/caritas-dev\/?p=126988"},"modified":"2022-10-25T12:43:38","modified_gmt":"2022-10-25T10:43:38","slug":"via-alla-riforma-dellassistenza-agli-anziani-non-autosufficienti-la-voce-della-caritas","status":"publish","type":"post","link":"https:\/\/caritas-wp.glauco.it\/caritas-dev\/via-alla-riforma-dellassistenza-agli-anziani-non-autosufficienti-la-voce-della-caritas\/","title":{"rendered":"Via alla riforma dell&#8217;assistenza agli anziani non autosufficienti: la voce della Caritas"},"content":{"rendered":"<p>L\u2019ultimo Consiglio dei Ministri dell\u2019uscente governo Draghi, ha da poco approvato la <strong>Legge Delega di riforma dell\u2019assistenza agli anziani non autosufficienti<\/strong>, frutto di un lungo confronto tra il governo e il mondo associativo; ma soprattutto, frutto dell\u2019impegno della rete del <a href=\"https:\/\/www.pattononautosufficienza.it\/\" target=\"_blank\" rel=\"noopener\">Patto per un nuovo Welfare sulla Non Autosufficienza<\/a> che riunisce ben 52 organizzazioni \u2013 dalla Caritas a chi si occupa di Alzheimer e Parkinson \u2013 per la prima volta insieme in un\u2019azione comune.<br \/>\nL\u2019aspetto fondamentale della Legge Delega nel concreto, si traduce con l\u2019armonizzazione dei servizi che verranno offerti agli anziani non autosufficienti, evitando cos\u00ec una frammentazione burocratica e di fruizione dei servizi presenti sul territorio, estremamente faticosa nel recente passato, per gli anziani e le loro famiglie. Tutto questo verr\u00e0 reso concreto <strong>grazie all\u2019introduzione del Sistema Nazionale Assistenza Anziani (SNA)<\/strong>; un sistema con cui tenere insieme gli interventi sanitari per gli anziani non autosufficienti (erogati dalle Asl), gli interventi sociali (offerti dai Comuni) ai quali si aggiungono le prestazioni monetarie, vale a dire l\u2019indennit\u00e0 di accompagnamento. \u201c<em>Questi tre aspetti fino a prima dell\u2019approvazione della Legge Delega erano tutti separati<\/em>\u201d racconta il Direttore di Caritas Italiana Don Marco Pagniello. \u201c<em>Ma grazie alla recente approvazione verranno finalmente integrati in maniera armonica gli aiuti sanitari sociali ed economici per gli anziani non autosufficienti<\/em>\u201d.<br \/>\nUna delle innovazioni pi\u00f9 importanti offerte dalla legge Delega \u00e8 quella di facilitare l\u2019accesso ai servizi di assistenza sia per gli anziani non autosufficienti che per le loro famiglie. Verr\u00e0 infatti progettato un <strong>Punto Unico di Accesso<\/strong>, presso la Casa della comunit\u00e0 (le nuove strutture sui territori nei quali il cittadino pu\u00f2 trovare informazioni e servizi di assistenza sanitaria) in grado di orientare badanti, <em>caregiver<\/em> e famigliari sugli interventi disponibili e sulle pratiche amministrative da svolgere: informazioni oggi \u201cdisperse\u201d tra Asl Comuni e Regione. Ma unitaria sar\u00e0 soprattutto la rilevazione e certificazione dei bisogni della persona anziana, con una sola Valutazione Nazionale di Base (VNB) che definir\u00e0 la possibilit\u00e0 di ricevere le prestazioni statali, mentre una successiva valutazione multidimensionale territoriale, a partire dai dati gi\u00e0 raccolti con la VNB, stabilir\u00e0 l\u2019accesso alle prestazioni locali di Comuni e Regioni.<br \/>\nAltro aspetto prioritario della riforma riguarda la permanenza a casa degli anziani non autosufficienti, per cui si prevedono \u201ctre mosse\u201d necessarie al superamento delle attuali criticit\u00e0 dei servizi domiciliari. Primo, assicurare risposte unitarie da parte di Comuni e Asl. Secondo, offrire un appropriato mix di prestazioni: medico-infermieristico-riabilitative, di aiuto all\u2019anziano nelle attivit\u00e0 fondamentali della vita quotidiana e di affiancamento a familiari e badanti. \u201c<em>Da questo punto di vista \u00e8 positiva anche l\u2019introduzione di specifiche misure rivolte ai caregiver familiari finalizzate a sostenere il miglioramento delle loro condizioni di vita e lavoro<\/em>\u201d continua Don Marco Pagniello \u201c<em>come ad esempio la regolarizzazione del lavoro di cura a domicilio e percorsi formativi che permetteranno di promuovere l\u2019occupazione di qualit\u00e0 nel settore dei servizi socio-assistenziali: un aspetto importante per i nostri anziani<\/em>\u201d.<br \/>\nInfine il terzo aspetto riguarda il garantire un\u2019assistenza per il tempo effettivamente necessario, stabilendone la durata in base ai bisogni di anziani e familiari. Un altro tassello \u00e8 poi rappresentato dalla possibilit\u00e0 per le famiglie di scegliere tra il solo aiuto monetario (l\u2019attuale indennit\u00e0 di accompagnamento) oppure la possibilit\u00e0 di convertire gli aiuti monetari in servizi di cura: in via sperimentale la legge prevede infatti l\u2019introduzione della prestazione universale con questa doppia opzione e che andr\u00e0 a sostituirsi alla indennit\u00e0 di accompagnamento.<br \/>\n\u201c<em>Per noi questa legge delega \u00e8 estremamente importante perch\u00e9 garantisce un accesso al sistema di welfare nel modo pi\u00f9 semplice possibile per le persone anziane non autosufficienti. Ed \u00e8 un passo importante nell\u2019avvicinare la pubblica amministrazione alle persone, fornendo servizi adeguati, tempestivi e integrati in condizioni spesso personali di grande fatica e incertezza per le persone. \u00c8 quello che tutti si aspettano e che si meritano tutti i cittadini<\/em>\u201d conclude Pagniello.<br \/>\nUn cambiamento epocale quello segnato dalla Legge Delega a cui oggi il governo uscente ha dato ufficialmente il via in extremis. Ora toccher\u00e0 al nuovo governo confermare l\u2019impianto della Delega per poi sottoporla all\u2019esame del Parlamento e infine, entro un anno dal s\u00ec delle Camere, emanare i decreti delegati. Un iter dall\u2019esito tutt\u2019altro che scontato, con il nodo delle risorse necessarie (7 miliardi complessivi, in parte coperti dal Pnrr) da cercare gi\u00e0 a partire dalla prossima Legge di Bilancio.<\/p>\n<p>&nbsp;<\/p>\n","protected":false},"excerpt":{"rendered":"<p>L\u2019ultimo Consiglio dei Ministri dell\u2019uscente governo Draghi, ha da poco approvato la Legge Delega di riforma dell\u2019assistenza agli anziani non autosufficienti, frutto di un lungo confronto tra il governo e il mondo associativo; ma soprattutto, frutto dell\u2019impegno della rete del Patto per un nuovo Welfare sulla Non Autosufficienza che riunisce ben 52 organizzazioni \u2013 dalla [&hellip;]<\/p>\n","protected":false},"author":13,"featured_media":127005,"comment_status":"closed","ping_status":"closed","sticky":false,"template":"","format":"standard","meta":{"_lmt_disableupdate":"no","_lmt_disable":"no","footnotes":""},"categories":[32,5],"tags":[66],"canale_per_feed":[],"acf":[],"yoast_head":"<!-- This site is optimized with the Yoast SEO plugin v21.4 - https:\/\/yoast.com\/wordpress\/plugins\/seo\/ -->\n<title>Via alla riforma dell&#039;assistenza agli anziani non autosufficienti: la voce della Caritas - Caritas DEV<\/title>\n<meta name=\"robots\" content=\"index, follow, max-snippet:-1, max-image-preview:large, max-video-preview:-1\" \/>\n<link rel=\"canonical\" href=\"https:\/\/caritas-wp.glauco.it\/caritas-dev\/via-alla-riforma-dellassistenza-agli-anziani-non-autosufficienti-la-voce-della-caritas\/\" \/>\n<meta property=\"og:locale\" content=\"it_IT\" \/>\n<meta property=\"og:type\" content=\"article\" \/>\n<meta property=\"og:title\" content=\"Via alla riforma dell&#039;assistenza agli anziani non autosufficienti: la voce della Caritas - Caritas DEV\" \/>\n<meta property=\"og:description\" content=\"L\u2019ultimo Consiglio dei Ministri dell\u2019uscente governo Draghi, ha da poco approvato la Legge Delega di riforma dell\u2019assistenza agli anziani non autosufficienti, frutto di un lungo confronto tra il governo e il mondo associativo; ma soprattutto, frutto dell\u2019impegno della rete del Patto per un nuovo Welfare sulla Non Autosufficienza che riunisce ben 52 organizzazioni \u2013 dalla [&hellip;]\" \/>\n<meta property=\"og:url\" content=\"https:\/\/caritas-wp.glauco.it\/caritas-dev\/via-alla-riforma-dellassistenza-agli-anziani-non-autosufficienti-la-voce-della-caritas\/\" \/>\n<meta property=\"og:site_name\" content=\"Caritas DEV\" \/>\n<meta property=\"article:published_time\" content=\"2022-10-12T14:38:35+00:00\" \/>\n<meta property=\"article:modified_time\" content=\"2022-10-25T10:43:38+00:00\" \/>\n<meta property=\"og:image\" content=\"https:\/\/caritas-wp.glauco.it\/caritas-dev\/wp-content\/uploads\/sites\/7\/2022\/10\/sircaritas_20221012161713995_15743b79023766c09b19941ea01d79f2-scaled.jpg\" \/>\n\t<meta property=\"og:image:width\" content=\"2560\" \/>\n\t<meta property=\"og:image:height\" content=\"1707\" \/>\n\t<meta property=\"og:image:type\" content=\"image\/jpeg\" \/>\n<meta name=\"author\" content=\"bottazzi\" \/>\n<meta name=\"twitter:card\" content=\"summary_large_image\" \/>\n<meta name=\"twitter:label1\" content=\"Scritto da\" \/>\n\t<meta name=\"twitter:data1\" content=\"bottazzi\" \/>\n\t<meta name=\"twitter:label2\" content=\"Tempo di lettura stimato\" \/>\n\t<meta name=\"twitter:data2\" content=\"4 minuti\" \/>\n<script type=\"application\/ld+json\" class=\"yoast-schema-graph\">{\"@context\":\"https:\/\/schema.org\",\"@graph\":[{\"@type\":\"Article\",\"@id\":\"https:\/\/caritas-wp.glauco.it\/caritas-dev\/via-alla-riforma-dellassistenza-agli-anziani-non-autosufficienti-la-voce-della-caritas\/#article\",\"isPartOf\":{\"@id\":\"https:\/\/caritas-wp.glauco.it\/caritas-dev\/via-alla-riforma-dellassistenza-agli-anziani-non-autosufficienti-la-voce-della-caritas\/\"},\"author\":{\"name\":\"bottazzi\",\"@id\":\"https:\/\/caritas-wp.glauco.it\/caritas-dev\/#\/schema\/person\/062f1762ed0cd17c2b2fc114cb3c2f07\"},\"headline\":\"Via alla riforma dell&#8217;assistenza agli anziani non autosufficienti: la voce della Caritas\",\"datePublished\":\"2022-10-12T14:38:35+00:00\",\"dateModified\":\"2022-10-25T10:43:38+00:00\",\"mainEntityOfPage\":{\"@id\":\"https:\/\/caritas-wp.glauco.it\/caritas-dev\/via-alla-riforma-dellassistenza-agli-anziani-non-autosufficienti-la-voce-della-caritas\/\"},\"wordCount\":735,\"publisher\":{\"@id\":\"https:\/\/caritas-wp.glauco.it\/caritas-dev\/#organization\"},\"keywords\":[\"povert\u00e0\"],\"articleSection\":[\"In Italia\",\"news\"],\"inLanguage\":\"it-IT\"},{\"@type\":\"WebPage\",\"@id\":\"https:\/\/caritas-wp.glauco.it\/caritas-dev\/via-alla-riforma-dellassistenza-agli-anziani-non-autosufficienti-la-voce-della-caritas\/\",\"url\":\"https:\/\/caritas-wp.glauco.it\/caritas-dev\/via-alla-riforma-dellassistenza-agli-anziani-non-autosufficienti-la-voce-della-caritas\/\",\"name\":\"Via alla riforma dell'assistenza agli anziani non autosufficienti: la voce della Caritas - Caritas DEV\",\"isPartOf\":{\"@id\":\"https:\/\/caritas-wp.glauco.it\/caritas-dev\/#website\"},\"datePublished\":\"2022-10-12T14:38:35+00:00\",\"dateModified\":\"2022-10-25T10:43:38+00:00\",\"breadcrumb\":{\"@id\":\"https:\/\/caritas-wp.glauco.it\/caritas-dev\/via-alla-riforma-dellassistenza-agli-anziani-non-autosufficienti-la-voce-della-caritas\/#breadcrumb\"},\"inLanguage\":\"it-IT\",\"potentialAction\":[{\"@type\":\"ReadAction\",\"target\":[\"https:\/\/caritas-wp.glauco.it\/caritas-dev\/via-alla-riforma-dellassistenza-agli-anziani-non-autosufficienti-la-voce-della-caritas\/\"]}]},{\"@type\":\"BreadcrumbList\",\"@id\":\"https:\/\/caritas-wp.glauco.it\/caritas-dev\/via-alla-riforma-dellassistenza-agli-anziani-non-autosufficienti-la-voce-della-caritas\/#breadcrumb\",\"itemListElement\":[{\"@type\":\"ListItem\",\"position\":1,\"name\":\"Home\",\"item\":\"https:\/\/caritas-wp.glauco.it\/caritas-dev\/\"},{\"@type\":\"ListItem\",\"position\":2,\"name\":\"Via alla riforma dell&#8217;assistenza agli anziani non autosufficienti: la voce della Caritas\"}]},{\"@type\":\"WebSite\",\"@id\":\"https:\/\/caritas-wp.glauco.it\/caritas-dev\/#website\",\"url\":\"https:\/\/caritas-wp.glauco.it\/caritas-dev\/\",\"name\":\"Caritas DEV\",\"description\":\"Organismo Pastorale della CEI\",\"publisher\":{\"@id\":\"https:\/\/caritas-wp.glauco.it\/caritas-dev\/#organization\"},\"potentialAction\":[{\"@type\":\"SearchAction\",\"target\":{\"@type\":\"EntryPoint\",\"urlTemplate\":\"https:\/\/caritas-wp.glauco.it\/caritas-dev\/?s={search_term_string}\"},\"query-input\":\"required name=search_term_string\"}],\"inLanguage\":\"it-IT\"},{\"@type\":\"Organization\",\"@id\":\"https:\/\/caritas-wp.glauco.it\/caritas-dev\/#organization\",\"name\":\"Caritas Italiana\",\"url\":\"https:\/\/caritas-wp.glauco.it\/caritas-dev\/\",\"logo\":{\"@type\":\"ImageObject\",\"inLanguage\":\"it-IT\",\"@id\":\"https:\/\/caritas-wp.glauco.it\/caritas-dev\/#\/schema\/logo\/image\/\",\"url\":\"https:\/\/caritas-wp.glauco.it\/caritas-dev\/wp-content\/uploads\/sites\/7\/2022\/07\/logo_caritas-1.png\",\"contentUrl\":\"https:\/\/caritas-wp.glauco.it\/caritas-dev\/wp-content\/uploads\/sites\/7\/2022\/07\/logo_caritas-1.png\",\"width\":187,\"height\":80,\"caption\":\"Caritas Italiana\"},\"image\":{\"@id\":\"https:\/\/caritas-wp.glauco.it\/caritas-dev\/#\/schema\/logo\/image\/\"}},{\"@type\":\"Person\",\"@id\":\"https:\/\/caritas-wp.glauco.it\/caritas-dev\/#\/schema\/person\/062f1762ed0cd17c2b2fc114cb3c2f07\",\"name\":\"bottazzi\"}]}<\/script>\n<!-- \/ Yoast SEO plugin. -->","yoast_head_json":{"title":"Via alla riforma dell'assistenza agli anziani non autosufficienti: la voce della Caritas - Caritas DEV","robots":{"index":"index","follow":"follow","max-snippet":"max-snippet:-1","max-image-preview":"max-image-preview:large","max-video-preview":"max-video-preview:-1"},"canonical":"https:\/\/caritas-wp.glauco.it\/caritas-dev\/via-alla-riforma-dellassistenza-agli-anziani-non-autosufficienti-la-voce-della-caritas\/","og_locale":"it_IT","og_type":"article","og_title":"Via alla riforma dell'assistenza agli anziani non autosufficienti: la voce della Caritas - Caritas DEV","og_description":"L\u2019ultimo Consiglio dei Ministri dell\u2019uscente governo Draghi, ha da poco approvato la Legge Delega di riforma dell\u2019assistenza agli anziani non autosufficienti, frutto di un lungo confronto tra il governo e il mondo associativo; ma soprattutto, frutto dell\u2019impegno della rete del Patto per un nuovo Welfare sulla Non Autosufficienza che riunisce ben 52 organizzazioni \u2013 dalla [&hellip;]","og_url":"https:\/\/caritas-wp.glauco.it\/caritas-dev\/via-alla-riforma-dellassistenza-agli-anziani-non-autosufficienti-la-voce-della-caritas\/","og_site_name":"Caritas DEV","article_published_time":"2022-10-12T14:38:35+00:00","article_modified_time":"2022-10-25T10:43:38+00:00","og_image":[{"width":2560,"height":1707,"url":"https:\/\/caritas-wp.glauco.it\/caritas-dev\/wp-content\/uploads\/sites\/7\/2022\/10\/sircaritas_20221012161713995_15743b79023766c09b19941ea01d79f2-scaled.jpg","type":"image\/jpeg"}],"author":"bottazzi","twitter_card":"summary_large_image","twitter_misc":{"Scritto da":"bottazzi","Tempo di lettura stimato":"4 minuti"},"schema":{"@context":"https:\/\/schema.org","@graph":[{"@type":"Article","@id":"https:\/\/caritas-wp.glauco.it\/caritas-dev\/via-alla-riforma-dellassistenza-agli-anziani-non-autosufficienti-la-voce-della-caritas\/#article","isPartOf":{"@id":"https:\/\/caritas-wp.glauco.it\/caritas-dev\/via-alla-riforma-dellassistenza-agli-anziani-non-autosufficienti-la-voce-della-caritas\/"},"author":{"name":"bottazzi","@id":"https:\/\/caritas-wp.glauco.it\/caritas-dev\/#\/schema\/person\/062f1762ed0cd17c2b2fc114cb3c2f07"},"headline":"Via alla riforma dell&#8217;assistenza agli anziani non autosufficienti: la voce della Caritas","datePublished":"2022-10-12T14:38:35+00:00","dateModified":"2022-10-25T10:43:38+00:00","mainEntityOfPage":{"@id":"https:\/\/caritas-wp.glauco.it\/caritas-dev\/via-alla-riforma-dellassistenza-agli-anziani-non-autosufficienti-la-voce-della-caritas\/"},"wordCount":735,"publisher":{"@id":"https:\/\/caritas-wp.glauco.it\/caritas-dev\/#organization"},"keywords":["povert\u00e0"],"articleSection":["In Italia","news"],"inLanguage":"it-IT"},{"@type":"WebPage","@id":"https:\/\/caritas-wp.glauco.it\/caritas-dev\/via-alla-riforma-dellassistenza-agli-anziani-non-autosufficienti-la-voce-della-caritas\/","url":"https:\/\/caritas-wp.glauco.it\/caritas-dev\/via-alla-riforma-dellassistenza-agli-anziani-non-autosufficienti-la-voce-della-caritas\/","name":"Via alla riforma dell'assistenza agli anziani non autosufficienti: la voce della Caritas - Caritas DEV","isPartOf":{"@id":"https:\/\/caritas-wp.glauco.it\/caritas-dev\/#website"},"datePublished":"2022-10-12T14:38:35+00:00","dateModified":"2022-10-25T10:43:38+00:00","breadcrumb":{"@id":"https:\/\/caritas-wp.glauco.it\/caritas-dev\/via-alla-riforma-dellassistenza-agli-anziani-non-autosufficienti-la-voce-della-caritas\/#breadcrumb"},"inLanguage":"it-IT","potentialAction":[{"@type":"ReadAction","target":["https:\/\/caritas-wp.glauco.it\/caritas-dev\/via-alla-riforma-dellassistenza-agli-anziani-non-autosufficienti-la-voce-della-caritas\/"]}]},{"@type":"BreadcrumbList","@id":"https:\/\/caritas-wp.glauco.it\/caritas-dev\/via-alla-riforma-dellassistenza-agli-anziani-non-autosufficienti-la-voce-della-caritas\/#breadcrumb","itemListElement":[{"@type":"ListItem","position":1,"name":"Home","item":"https:\/\/caritas-wp.glauco.it\/caritas-dev\/"},{"@type":"ListItem","position":2,"name":"Via alla riforma dell&#8217;assistenza agli anziani non autosufficienti: la voce della Caritas"}]},{"@type":"WebSite","@id":"https:\/\/caritas-wp.glauco.it\/caritas-dev\/#website","url":"https:\/\/caritas-wp.glauco.it\/caritas-dev\/","name":"Caritas DEV","description":"Organismo Pastorale della CEI","publisher":{"@id":"https:\/\/caritas-wp.glauco.it\/caritas-dev\/#organization"},"potentialAction":[{"@type":"SearchAction","target":{"@type":"EntryPoint","urlTemplate":"https:\/\/caritas-wp.glauco.it\/caritas-dev\/?s={search_term_string}"},"query-input":"required name=search_term_string"}],"inLanguage":"it-IT"},{"@type":"Organization","@id":"https:\/\/caritas-wp.glauco.it\/caritas-dev\/#organization","name":"Caritas Italiana","url":"https:\/\/caritas-wp.glauco.it\/caritas-dev\/","logo":{"@type":"ImageObject","inLanguage":"it-IT","@id":"https:\/\/caritas-wp.glauco.it\/caritas-dev\/#\/schema\/logo\/image\/","url":"https:\/\/caritas-wp.glauco.it\/caritas-dev\/wp-content\/uploads\/sites\/7\/2022\/07\/logo_caritas-1.png","contentUrl":"https:\/\/caritas-wp.glauco.it\/caritas-dev\/wp-content\/uploads\/sites\/7\/2022\/07\/logo_caritas-1.png","width":187,"height":80,"caption":"Caritas Italiana"},"image":{"@id":"https:\/\/caritas-wp.glauco.it\/caritas-dev\/#\/schema\/logo\/image\/"}},{"@type":"Person","@id":"https:\/\/caritas-wp.glauco.it\/caritas-dev\/#\/schema\/person\/062f1762ed0cd17c2b2fc114cb3c2f07","name":"bottazzi"}]}},"modified_by":"rieni","_links":{"self":[{"href":"https:\/\/caritas-wp.glauco.it\/caritas-dev\/wp-json\/wp\/v2\/posts\/126988"}],"collection":[{"href":"https:\/\/caritas-wp.glauco.it\/caritas-dev\/wp-json\/wp\/v2\/posts"}],"about":[{"href":"https:\/\/caritas-wp.glauco.it\/caritas-dev\/wp-json\/wp\/v2\/types\/post"}],"author":[{"embeddable":true,"href":"https:\/\/caritas-wp.glauco.it\/caritas-dev\/wp-json\/wp\/v2\/users\/13"}],"replies":[{"embeddable":true,"href":"https:\/\/caritas-wp.glauco.it\/caritas-dev\/wp-json\/wp\/v2\/comments?post=126988"}],"version-history":[{"count":3,"href":"https:\/\/caritas-wp.glauco.it\/caritas-dev\/wp-json\/wp\/v2\/posts\/126988\/revisions"}],"predecessor-version":[{"id":131403,"href":"https:\/\/caritas-wp.glauco.it\/caritas-dev\/wp-json\/wp\/v2\/posts\/126988\/revisions\/131403"}],"wp:featuredmedia":[{"embeddable":true,"href":"https:\/\/caritas-wp.glauco.it\/caritas-dev\/wp-json\/wp\/v2\/media\/127005"}],"wp:attachment":[{"href":"https:\/\/caritas-wp.glauco.it\/caritas-dev\/wp-json\/wp\/v2\/media?parent=126988"}],"wp:term":[{"taxonomy":"category","embeddable":true,"href":"https:\/\/caritas-wp.glauco.it\/caritas-dev\/wp-json\/wp\/v2\/categories?post=126988"},{"taxonomy":"post_tag","embeddable":true,"href":"https:\/\/caritas-wp.glauco.it\/caritas-dev\/wp-json\/wp\/v2\/tags?post=126988"},{"taxonomy":"canale_per_feed","embeddable":true,"href":"https:\/\/caritas-wp.glauco.it\/caritas-dev\/wp-json\/wp\/v2\/canale_per_feed?post=126988"}],"curies":[{"name":"wp","href":"https:\/\/api.w.org\/{rel}","templated":true}]}}