{"id":131808,"date":"2023-10-24T08:42:44","date_gmt":"2023-10-24T06:42:44","guid":{"rendered":"https:\/\/caritas-wp.glauco.it\/caritas-dev\/siria\/"},"modified":"2024-06-04T15:57:15","modified_gmt":"2024-06-04T13:57:15","slug":"siria","status":"publish","type":"post","link":"https:\/\/caritas-wp.glauco.it\/caritas-dev\/siria\/","title":{"rendered":"Siria"},"content":{"rendered":"<p>Il 6 febbraio 2023 il Nord della Siria e il sud-ovest della Turchia sono state colpite da un<strong> <a href=\"https:\/\/www.caritas.it\/siria-e-turchia-a-sei-mesi-dal-terremoto\/\" target=\"_blank\" rel=\"noopener\">fortissimo terremoto<\/a><\/strong> con decine di migliaia di morti, feriti, centinaia di migliaia di nuovi sfollati. Il <a href=\"https:\/\/www.caritas.it\/wp-content\/uploads\/sites\/2\/2023\/08\/CARITAS_Dossier-Terremoto-Siria-Turchia_compressed.pdf\" target=\"_blank\" rel=\"noopener\">sisma<\/a> ha colpito un Paese gi\u00e0 devastato da una <strong>guerra scoppiata nel marzo 2011<\/strong> che ha provocato oltre mezzo milioni di morti. La guerra \u00e8 ancora in corso in alcune aree del Paese, seppure a minore intensit\u00e0 e con scontri localizzati.<\/p>\n<p>La Siria \u00e8 un Paese frammentato, sotto l&#8217;influenza di vari attori esterni. Vi perdura una crisi umanitaria prolungata e complessa in cui la Chiesa, oltre ad esserne essa stessa vittima, \u00e8 presente in modo incessante e capillare. Centinaia di migliaia di vittime, distruzioni massicce, milioni di sfollati interni e di rifugiati nei Paesi confinanti. Un dramma epocale dinanzi ala quale l\u2019Europa si rivela impacciata e imbarazzata, quando non crudele.<\/p>\n<p>Molteplici gli appelli di <strong>papa Francesco ai governanti e alla comunit\u00e0 internazionale<\/strong> per una pace duratura, ponendo l\u2019accento sulla complessit\u00e0 e le contraddizioni di questo dramma:<\/p>\n<blockquote><p>\u201cMentre il popolo soffre, incredibili quantit\u00e0 di denaro vengono spese per fornire le armi ai combattenti. E alcuni dei paesi fornitori di queste armi, sono anche fra quelli che parlano di pace. Come si pu\u00f2 credere a chi con la mano destra ti accarezza e con la mano sinistra ti colpisce?\u201d.<\/p><\/blockquote>\n<h3><span style=\"color: #ff0000\"><strong>Gli interventi di Caritas Italiana<\/strong><\/span><\/h3>\n<p>Dall\u2019inizio della crisi siriana Caritas Italiana \u00e8 attiva a sostegno della popolazione locale, in collaborazione con le Caritas di tutti i paesi colpiti dall&#8217;emergenza, alcune congregazioni religiose e altre organizzazioni.<\/p>\n<p>Un <strong>impegno complessivo dal 2011 con decine di progetti in 11 paesi<\/strong> (Siria, Libano, Giordania, Turchia, Iraq, Grecia, Cipro, Albania, Macedonia, Serbia, Bosnia-Erzegovina) per un totale di oltre 8 milioni euro stanziati derivanti da donazioni e dall\u2019otto per mille alla Chiesa Cattolica. I programmi in atto e le prospettive per il futuro riguardano principalmente l\u2019aiuto d\u2019urgenza, interventi sanitari, iniziative per la promozione della pace e la riconciliazione, la riabilitazione socio-economica, l\u2019accompagnamento e la formazione delle organizzazioni locali.<\/p>\n<p>In Siria, in particolare, negli anni 2021\/2022 si sono\u00a0 <strong><a href=\"https:\/\/www.caritas.it\/wp-content\/uploads\/sites\/2\/2023\/10\/siria_scheda_sito.pdf\" target=\"_blank\" rel=\"noopener\">sostenuti alcuni dei progetti attuati da Caritas Siria<\/a><\/strong> a Homs, Damasco-Ghouta, Lattakia, Aleppo e Hassakeh principalmente con aiuti d\u2019urgenza, alloggio, sostegno educativo e psicologico, assistenza sanitaria. Nel 2023 l&#8217;impegno di Caritas Italiana si \u00e8 concentrato nelle aree colpite dal terremoto ad Aleppo e Littoral e nell&#8217;area di Damasco, Ghouta, per fornire aiuti alla popolazione colpite dal sisma e dalla guerra con un sostegno a famiglie vulnerabile e ai giovani con: distribuzione di beni di prima necessit\u00e0, la riparazione di abitazioni, il ripristino di attivit\u00e0 produttive, l&#8217;appoggio all&#8217;inclusione lavorativa.<\/p>\n<p>A Damasco prosegue il <strong>programma pluriennale<\/strong> in favore della formazione e l\u2019impiego lavorativo dei giovani e della loro convivenza pacifica. In particolare si \u00e8 aperto il primo centro giovanile che offre corsi di formazione nell\u2019ambito dell\u2019<a href=\"https:\/\/www.youtube.com\/watch?v=vD4j19QcI9s\" data-rel=\"lightbox-video-0\" target=\"_blank\" rel=\"noopener\">artigianato tradizionale damasceno<\/a> (Ajami) con il duplice obiettivo di acquisire\u00a0 competenze a scopo professionale e di favorire l\u2019incontro e il dialogo tra giovani di diversa estrazione sociale e religiosa. Gli interventi in Siria di Caritas Italiana sono possibili grazie anche a contributi dell&#8217;8xmille della Chiesa cattolica.<\/p>\n<p><iframe loading=\"lazy\" title=\"11 anni di guerra: i progetti della Caritas in Siria\" width=\"500\" height=\"281\" src=\"https:\/\/www.youtube.com\/embed\/JgNB2fPLdkk?feature=oembed\" frameborder=\"0\" allow=\"accelerometer; autoplay; clipboard-write; encrypted-media; gyroscope; picture-in-picture; web-share\" referrerpolicy=\"strict-origin-when-cross-origin\" allowfullscreen><\/iframe><\/p>\n<h3><span style=\"color: #ff0000\"><strong>Le azioni della Chiesa e della rete Caritas\u00a0<\/strong><\/span><\/h3>\n<p>L&#8217;azione di Caritas Italiana si inserisce nel quadro pi\u00f9 ampio degli <strong>interventi della rete Caritas in Siria e negli altri Paesi coinvolti<\/strong> dalla crisi. Caritas Siria \u00e8 impegnata nel portare aiuto in tutto il territorio nazionale a pi\u00f9 di 100.000 persone, attraverso la distribuzione di aiuti alimentari, beni di prima necessit\u00e0, sussidi economici, assistenza medica e psicologica, sostegno all\u2019educazione scolastica e all\u2019alloggio, protezione per i pi\u00f9 vulnerabili (bambini, anziani e donne).<\/p>\n<p>La guerra ha provocato <strong>6,6 milioni di profughi rifugiatisi in altri Paesi del Medio Oriente e in Europa<\/strong>. La rete Caritas si \u00e8 attivata sin dai primi momenti, offrendo aiuti di urgenza (generi di prima necessit\u00e0 e alloggio), formazione, orientamento sociale e protezione per i pi\u00f9 deboli in Libano, Giordania, Turchia, e lungo la rotta Balcanica con interventi in Grecia, Serbia (tuttora in corso) Albania, Macedonia, Austria, Bulgaria e Bosnia Erzegovina.<\/p>\n<p>Caritas Italiana ha promosso <strong>diverse campagne<\/strong>, come &#8220;<em>Amata e martoriata Siria<\/em>&#8221; in collaborazione con TV2000, Avvenire e Banca Popolare Etica, oppure le maratone televisive sempre con TV2000 nel corso del 2023 e ha aderito alla campagna \u201c<em>Siria: la pace \u00e8 possibile<\/em>\u201d promossa a livello internazionale dalla Santa Sede e dalle Caritas di tutto il mondo.<\/p>\n<p>&nbsp;<\/p>\n","protected":false},"excerpt":{"rendered":"<p>Il 6 febbraio 2023 il Nord della Siria e il sud-ovest della Turchia sono state colpite da un fortissimo terremoto con decine di migliaia di morti, feriti, centinaia di migliaia di nuovi sfollati. Il sisma ha colpito un Paese gi\u00e0 devastato da una guerra scoppiata nel marzo 2011 che ha provocato oltre mezzo milioni di [&hellip;]<\/p>\n","protected":false},"author":1,"featured_media":131809,"comment_status":"closed","ping_status":"closed","sticky":false,"template":"","format":"standard","meta":{"_lmt_disableupdate":"no","_lmt_disable":"","footnotes":""},"categories":[177],"tags":[],"canale_per_feed":[],"acf":[],"yoast_head":"<!-- This site is optimized with the Yoast SEO plugin v21.4 - https:\/\/yoast.com\/wordpress\/plugins\/seo\/ -->\n<title>Siria - Caritas DEV<\/title>\n<meta name=\"robots\" content=\"index, follow, max-snippet:-1, max-image-preview:large, max-video-preview:-1\" \/>\n<link rel=\"canonical\" href=\"https:\/\/caritas-wp.glauco.it\/caritas-dev\/siria\/\" \/>\n<meta property=\"og:locale\" content=\"it_IT\" \/>\n<meta property=\"og:type\" content=\"article\" \/>\n<meta property=\"og:title\" content=\"Siria - Caritas DEV\" \/>\n<meta property=\"og:description\" content=\"Il 6 febbraio 2023 il Nord della Siria e il sud-ovest della Turchia sono state colpite da un fortissimo terremoto con decine di migliaia di morti, feriti, centinaia di migliaia di nuovi sfollati. Il sisma ha colpito un Paese gi\u00e0 devastato da una guerra scoppiata nel marzo 2011 che ha provocato oltre mezzo milioni di [&hellip;]\" \/>\n<meta property=\"og:url\" content=\"https:\/\/caritas-wp.glauco.it\/caritas-dev\/siria\/\" \/>\n<meta property=\"og:site_name\" content=\"Caritas DEV\" \/>\n<meta property=\"article:published_time\" content=\"2023-10-24T06:42:44+00:00\" \/>\n<meta property=\"article:modified_time\" content=\"2024-06-04T13:57:15+00:00\" \/>\n<meta property=\"og:image\" content=\"https:\/\/caritas-wp.glauco.it\/caritas-dev\/wp-content\/uploads\/sites\/7\/2024\/06\/30783069338_eebe8987ff_o-scaled-1.jpg\" \/>\n\t<meta property=\"og:image:width\" content=\"2560\" \/>\n\t<meta property=\"og:image:height\" content=\"1437\" \/>\n\t<meta property=\"og:image:type\" content=\"image\/jpeg\" \/>\n<meta name=\"author\" content=\"sEEd_aDm_wP\" \/>\n<meta name=\"twitter:card\" content=\"summary_large_image\" \/>\n<meta name=\"twitter:label1\" content=\"Scritto da\" \/>\n\t<meta name=\"twitter:data1\" content=\"sEEd_aDm_wP\" \/>\n\t<meta name=\"twitter:label2\" content=\"Tempo di lettura stimato\" \/>\n\t<meta name=\"twitter:data2\" content=\"4 minuti\" \/>\n<script type=\"application\/ld+json\" class=\"yoast-schema-graph\">{\"@context\":\"https:\/\/schema.org\",\"@graph\":[{\"@type\":\"Article\",\"@id\":\"https:\/\/caritas-wp.glauco.it\/caritas-dev\/siria\/#article\",\"isPartOf\":{\"@id\":\"https:\/\/caritas-wp.glauco.it\/caritas-dev\/siria\/\"},\"author\":{\"name\":\"sEEd_aDm_wP\",\"@id\":\"https:\/\/caritas-wp.glauco.it\/caritas-dev\/#\/schema\/person\/3cada41afcce51378e1a7c7a79364e54\"},\"headline\":\"Siria\",\"datePublished\":\"2023-10-24T06:42:44+00:00\",\"dateModified\":\"2024-06-04T13:57:15+00:00\",\"mainEntityOfPage\":{\"@id\":\"https:\/\/caritas-wp.glauco.it\/caritas-dev\/siria\/\"},\"wordCount\":723,\"publisher\":{\"@id\":\"https:\/\/caritas-wp.glauco.it\/caritas-dev\/#organization\"},\"articleSection\":[\"Medio Oriente e Nord Africa\"],\"inLanguage\":\"it-IT\"},{\"@type\":\"WebPage\",\"@id\":\"https:\/\/caritas-wp.glauco.it\/caritas-dev\/siria\/\",\"url\":\"https:\/\/caritas-wp.glauco.it\/caritas-dev\/siria\/\",\"name\":\"Siria - Caritas DEV\",\"isPartOf\":{\"@id\":\"https:\/\/caritas-wp.glauco.it\/caritas-dev\/#website\"},\"datePublished\":\"2023-10-24T06:42:44+00:00\",\"dateModified\":\"2024-06-04T13:57:15+00:00\",\"breadcrumb\":{\"@id\":\"https:\/\/caritas-wp.glauco.it\/caritas-dev\/siria\/#breadcrumb\"},\"inLanguage\":\"it-IT\",\"potentialAction\":[{\"@type\":\"ReadAction\",\"target\":[\"https:\/\/caritas-wp.glauco.it\/caritas-dev\/siria\/\"]}]},{\"@type\":\"BreadcrumbList\",\"@id\":\"https:\/\/caritas-wp.glauco.it\/caritas-dev\/siria\/#breadcrumb\",\"itemListElement\":[{\"@type\":\"ListItem\",\"position\":1,\"name\":\"Home\",\"item\":\"https:\/\/caritas-wp.glauco.it\/caritas-dev\/\"},{\"@type\":\"ListItem\",\"position\":2,\"name\":\"Siria\"}]},{\"@type\":\"WebSite\",\"@id\":\"https:\/\/caritas-wp.glauco.it\/caritas-dev\/#website\",\"url\":\"https:\/\/caritas-wp.glauco.it\/caritas-dev\/\",\"name\":\"Caritas DEV\",\"description\":\"Organismo Pastorale della CEI\",\"publisher\":{\"@id\":\"https:\/\/caritas-wp.glauco.it\/caritas-dev\/#organization\"},\"potentialAction\":[{\"@type\":\"SearchAction\",\"target\":{\"@type\":\"EntryPoint\",\"urlTemplate\":\"https:\/\/caritas-wp.glauco.it\/caritas-dev\/?s={search_term_string}\"},\"query-input\":\"required name=search_term_string\"}],\"inLanguage\":\"it-IT\"},{\"@type\":\"Organization\",\"@id\":\"https:\/\/caritas-wp.glauco.it\/caritas-dev\/#organization\",\"name\":\"Caritas Italiana\",\"url\":\"https:\/\/caritas-wp.glauco.it\/caritas-dev\/\",\"logo\":{\"@type\":\"ImageObject\",\"inLanguage\":\"it-IT\",\"@id\":\"https:\/\/caritas-wp.glauco.it\/caritas-dev\/#\/schema\/logo\/image\/\",\"url\":\"https:\/\/caritas-wp.glauco.it\/caritas-dev\/wp-content\/uploads\/sites\/7\/2022\/07\/logo_caritas-1.png\",\"contentUrl\":\"https:\/\/caritas-wp.glauco.it\/caritas-dev\/wp-content\/uploads\/sites\/7\/2022\/07\/logo_caritas-1.png\",\"width\":187,\"height\":80,\"caption\":\"Caritas Italiana\"},\"image\":{\"@id\":\"https:\/\/caritas-wp.glauco.it\/caritas-dev\/#\/schema\/logo\/image\/\"}},{\"@type\":\"Person\",\"@id\":\"https:\/\/caritas-wp.glauco.it\/caritas-dev\/#\/schema\/person\/3cada41afcce51378e1a7c7a79364e54\",\"name\":\"sEEd_aDm_wP\",\"sameAs\":[\"https:\/\/caritas-wp.glauco.it\"]}]}<\/script>\n<!-- \/ Yoast SEO plugin. -->","yoast_head_json":{"title":"Siria - Caritas DEV","robots":{"index":"index","follow":"follow","max-snippet":"max-snippet:-1","max-image-preview":"max-image-preview:large","max-video-preview":"max-video-preview:-1"},"canonical":"https:\/\/caritas-wp.glauco.it\/caritas-dev\/siria\/","og_locale":"it_IT","og_type":"article","og_title":"Siria - Caritas DEV","og_description":"Il 6 febbraio 2023 il Nord della Siria e il sud-ovest della Turchia sono state colpite da un fortissimo terremoto con decine di migliaia di morti, feriti, centinaia di migliaia di nuovi sfollati. Il sisma ha colpito un Paese gi\u00e0 devastato da una guerra scoppiata nel marzo 2011 che ha provocato oltre mezzo milioni di [&hellip;]","og_url":"https:\/\/caritas-wp.glauco.it\/caritas-dev\/siria\/","og_site_name":"Caritas DEV","article_published_time":"2023-10-24T06:42:44+00:00","article_modified_time":"2024-06-04T13:57:15+00:00","og_image":[{"width":2560,"height":1437,"url":"https:\/\/caritas-wp.glauco.it\/caritas-dev\/wp-content\/uploads\/sites\/7\/2024\/06\/30783069338_eebe8987ff_o-scaled-1.jpg","type":"image\/jpeg"}],"author":"sEEd_aDm_wP","twitter_card":"summary_large_image","twitter_misc":{"Scritto da":"sEEd_aDm_wP","Tempo di lettura stimato":"4 minuti"},"schema":{"@context":"https:\/\/schema.org","@graph":[{"@type":"Article","@id":"https:\/\/caritas-wp.glauco.it\/caritas-dev\/siria\/#article","isPartOf":{"@id":"https:\/\/caritas-wp.glauco.it\/caritas-dev\/siria\/"},"author":{"name":"sEEd_aDm_wP","@id":"https:\/\/caritas-wp.glauco.it\/caritas-dev\/#\/schema\/person\/3cada41afcce51378e1a7c7a79364e54"},"headline":"Siria","datePublished":"2023-10-24T06:42:44+00:00","dateModified":"2024-06-04T13:57:15+00:00","mainEntityOfPage":{"@id":"https:\/\/caritas-wp.glauco.it\/caritas-dev\/siria\/"},"wordCount":723,"publisher":{"@id":"https:\/\/caritas-wp.glauco.it\/caritas-dev\/#organization"},"articleSection":["Medio Oriente e Nord Africa"],"inLanguage":"it-IT"},{"@type":"WebPage","@id":"https:\/\/caritas-wp.glauco.it\/caritas-dev\/siria\/","url":"https:\/\/caritas-wp.glauco.it\/caritas-dev\/siria\/","name":"Siria - Caritas DEV","isPartOf":{"@id":"https:\/\/caritas-wp.glauco.it\/caritas-dev\/#website"},"datePublished":"2023-10-24T06:42:44+00:00","dateModified":"2024-06-04T13:57:15+00:00","breadcrumb":{"@id":"https:\/\/caritas-wp.glauco.it\/caritas-dev\/siria\/#breadcrumb"},"inLanguage":"it-IT","potentialAction":[{"@type":"ReadAction","target":["https:\/\/caritas-wp.glauco.it\/caritas-dev\/siria\/"]}]},{"@type":"BreadcrumbList","@id":"https:\/\/caritas-wp.glauco.it\/caritas-dev\/siria\/#breadcrumb","itemListElement":[{"@type":"ListItem","position":1,"name":"Home","item":"https:\/\/caritas-wp.glauco.it\/caritas-dev\/"},{"@type":"ListItem","position":2,"name":"Siria"}]},{"@type":"WebSite","@id":"https:\/\/caritas-wp.glauco.it\/caritas-dev\/#website","url":"https:\/\/caritas-wp.glauco.it\/caritas-dev\/","name":"Caritas DEV","description":"Organismo Pastorale della CEI","publisher":{"@id":"https:\/\/caritas-wp.glauco.it\/caritas-dev\/#organization"},"potentialAction":[{"@type":"SearchAction","target":{"@type":"EntryPoint","urlTemplate":"https:\/\/caritas-wp.glauco.it\/caritas-dev\/?s={search_term_string}"},"query-input":"required name=search_term_string"}],"inLanguage":"it-IT"},{"@type":"Organization","@id":"https:\/\/caritas-wp.glauco.it\/caritas-dev\/#organization","name":"Caritas Italiana","url":"https:\/\/caritas-wp.glauco.it\/caritas-dev\/","logo":{"@type":"ImageObject","inLanguage":"it-IT","@id":"https:\/\/caritas-wp.glauco.it\/caritas-dev\/#\/schema\/logo\/image\/","url":"https:\/\/caritas-wp.glauco.it\/caritas-dev\/wp-content\/uploads\/sites\/7\/2022\/07\/logo_caritas-1.png","contentUrl":"https:\/\/caritas-wp.glauco.it\/caritas-dev\/wp-content\/uploads\/sites\/7\/2022\/07\/logo_caritas-1.png","width":187,"height":80,"caption":"Caritas Italiana"},"image":{"@id":"https:\/\/caritas-wp.glauco.it\/caritas-dev\/#\/schema\/logo\/image\/"}},{"@type":"Person","@id":"https:\/\/caritas-wp.glauco.it\/caritas-dev\/#\/schema\/person\/3cada41afcce51378e1a7c7a79364e54","name":"sEEd_aDm_wP","sameAs":["https:\/\/caritas-wp.glauco.it"]}]}},"modified_by":"sEEd_aDm_wP","_links":{"self":[{"href":"https:\/\/caritas-wp.glauco.it\/caritas-dev\/wp-json\/wp\/v2\/posts\/131808"}],"collection":[{"href":"https:\/\/caritas-wp.glauco.it\/caritas-dev\/wp-json\/wp\/v2\/posts"}],"about":[{"href":"https:\/\/caritas-wp.glauco.it\/caritas-dev\/wp-json\/wp\/v2\/types\/post"}],"author":[{"embeddable":true,"href":"https:\/\/caritas-wp.glauco.it\/caritas-dev\/wp-json\/wp\/v2\/users\/1"}],"replies":[{"embeddable":true,"href":"https:\/\/caritas-wp.glauco.it\/caritas-dev\/wp-json\/wp\/v2\/comments?post=131808"}],"version-history":[{"count":1,"href":"https:\/\/caritas-wp.glauco.it\/caritas-dev\/wp-json\/wp\/v2\/posts\/131808\/revisions"}],"predecessor-version":[{"id":131844,"href":"https:\/\/caritas-wp.glauco.it\/caritas-dev\/wp-json\/wp\/v2\/posts\/131808\/revisions\/131844"}],"wp:featuredmedia":[{"embeddable":true,"href":"https:\/\/caritas-wp.glauco.it\/caritas-dev\/wp-json\/wp\/v2\/media\/131809"}],"wp:attachment":[{"href":"https:\/\/caritas-wp.glauco.it\/caritas-dev\/wp-json\/wp\/v2\/media?parent=131808"}],"wp:term":[{"taxonomy":"category","embeddable":true,"href":"https:\/\/caritas-wp.glauco.it\/caritas-dev\/wp-json\/wp\/v2\/categories?post=131808"},{"taxonomy":"post_tag","embeddable":true,"href":"https:\/\/caritas-wp.glauco.it\/caritas-dev\/wp-json\/wp\/v2\/tags?post=131808"},{"taxonomy":"canale_per_feed","embeddable":true,"href":"https:\/\/caritas-wp.glauco.it\/caritas-dev\/wp-json\/wp\/v2\/canale_per_feed?post=131808"}],"curies":[{"name":"wp","href":"https:\/\/api.w.org\/{rel}","templated":true}]}}