{"id":2026,"date":"2019-10-17T12:16:00","date_gmt":"2019-10-17T10:16:00","guid":{"rendered":"https:\/\/caritas-wp.glauco.it\/caritas-dev\/per-piccina-che-tu-sia\/"},"modified":"2022-09-22T09:48:05","modified_gmt":"2022-09-22T07:48:05","slug":"per-piccina-che-tu-sia","status":"publish","type":"post","link":"https:\/\/caritas-wp.glauco.it\/caritas-dev\/per-piccina-che-tu-sia\/","title":{"rendered":"Per piccina che tu sia"},"content":{"rendered":"<div>\u00a0<\/div>\n<div>\u00a0<\/div>\n<div><img decoding=\"async\" src=\"\/pls\/caritasitaliana\/v3_s2ew_consultazione.redir_allegati_doc?p_id_pagina=8446&#038;p_id_allegato=6639&#038;p_url_rimando=\/caritasitaliana\/allegati\/8446\/Copertina_EDB_casa_web_interno.jpg\" align=\"left\" alt=\"\" ><\/div>\n<div>Viene pubblicato in vista della <a href=\"\/pls\/caritasitaliana\/V3_S2EW_CONSULTAZIONE.mostra_pagina?id_pagina=8443\">Giornata mondiale di lotta contro la povert\u00e0 del 17 ottobre<\/a>, <strong>&#8220;Per piccina che tu sia. Quando la casa diventa un problema&#8221;<\/strong>, il nuovo libro della serie &#8220;VivaVoce&#8221; dell&#8217;EDB, a cura di Paolo Beccegato e Renato Marinaro di Caritas Italiana.<\/div>\n<div>\u00a0<\/div>\n<div>In questi ultimi anni il difficile accesso alla casa e l\u0092impossibilit\u00e0 di condurre la propria esistenza in condizioni abitative dignitose hanno rappresentato uno dei problemi pi\u00f9 gravi nello scenario dell\u0092Italia durante la crisi economica. Essi hanno determinato fenomeni crescenti di marginalit\u00e0 ed esclusione sociale per molte persone e famiglie, italiane e straniere, e ci\u00f2 \u00e8 avvenuto anche a causa della scarsa efficacia dei provvedimenti legislativi che hanno affrontato in modo settoriale aspetti diversi del problema, senza giungere tuttavia a prefigurarne una soluzione efficace e definitiva.  Le storie raccontate in questo volume illustrano il fenomeno da diverse prospettive, perch\u00e9 molto spesso il disagio abitativo si intreccia con altre situazioni di difficolt\u00e0. E mostrano come la \u00abcasa\u00bb, oltre a essere un bisogno primario e un diritto fondamentale per ogni persona, costituisca il luogo delle relazioni umane vitali.<\/div>\n<div>\u00a0<\/div>\n<div>Questo libro segue i quattro gi\u00e0 pubblicati dagli stessi autori dal titolo &#8220;<a href=\"\/home_page\/area_stampa\/00007630_Ragazzi_in_panchina__novembre_2017_.html\">Ragazzi in panchina. Storie di giovani che non studiano e non lavorano<\/a>&#8221; (EDB 2017), &#8220;<a href=\"\/pls\/caritasitaliana\/v3_s2ew_consultazione.mostra_pagina?id_pagina=7643\">Rifarsi una vita. Storie oltre il carcere<\/a>&#8221; (EDB 2018), &#8220;<a href=\"\/home_page\/area_stampa\/00007925_Falsi_miti__novembre_2018_.html\">Falsi miti. Storie di migranti oltre i luoghi comuni e le fake news<\/a>&#8221; (EDB 2018) e &#8220;<a href=\"\/home_page\/area_stampa\/00008245_Uno_zaino_da_riempire__giugno_2019_.html\">Uno zaino da riempire. Storie di povert\u00e0 educativa dei giovani e degli adulti<\/a>&#8221; (EDB 2019).<\/div>\n<div>\u00a0<\/div>\n<div><strong>Per piccina che tu sia (ottobre 2019)<\/strong><\/div>\n<div>Quando la casa diventa un problema.<\/div>\n<div>A cura di Paolo Beccegato e Renato Marinaro. Introduzione di Francesco Soddu. Postfazione di Postfazione di Gianluigi Chiaro. EDB &#8211; Pagine: 160<\/div>\n<div>\u00a0<\/div>\n<div>Indice: Introduzione (F. Soddu)  |  Roberta attraverso lo specchio  |   \u00abLa normalit\u00e0, \u00e8 questa qua?\u00bb  |  Sala d\u0092attesa  |  Cosimo, una vita ritrovata  |  Emergenza freddo  |  Un\u0092inguaribile romantica  |  I sogni di Marco  |  Io Salvatore\u0085  |  Gli occhi di Anna  |  \u00abQuesto \u00e8 il mio posto\u00bb  |  Dalle stalle, alle stelle, alle stalle  |  Postfazione (G. Chiaro).<\/div>\n<div>\u00a0<\/div>\n<div>\u00a0<\/div>\n","protected":false},"excerpt":{"rendered":"<p>\u00a0 \u00a0 Viene pubblicato in vista della Giornata mondiale di lotta contro la povert\u00e0 del 17 ottobre, &#8220;Per piccina che tu sia. Quando la casa diventa un problema&#8221;, il nuovo libro della serie &#8220;VivaVoce&#8221; dell&#8217;EDB, a cura di Paolo Beccegato e Renato Marinaro di Caritas Italiana. \u00a0 In questi ultimi anni il difficile accesso alla [&hellip;]<\/p>\n","protected":false},"author":1,"featured_media":3132,"comment_status":"closed","ping_status":"closed","sticky":false,"template":"","format":"standard","meta":{"_lmt_disableupdate":"","_lmt_disable":"","footnotes":""},"categories":[11,122],"tags":[],"canale_per_feed":[],"acf":[],"yoast_head":"<!-- This site is optimized with the Yoast SEO plugin v21.4 - https:\/\/yoast.com\/wordpress\/plugins\/seo\/ -->\n<title>Per piccina che tu sia - Caritas DEV<\/title>\n<meta name=\"robots\" content=\"index, follow, max-snippet:-1, max-image-preview:large, max-video-preview:-1\" \/>\n<link rel=\"canonical\" href=\"https:\/\/caritas-wp.glauco.it\/caritas-dev\/per-piccina-che-tu-sia\/\" \/>\n<meta property=\"og:locale\" content=\"it_IT\" \/>\n<meta property=\"og:type\" content=\"article\" \/>\n<meta property=\"og:title\" content=\"Per piccina che tu sia - Caritas DEV\" \/>\n<meta property=\"og:description\" content=\"\u00a0 \u00a0 Viene pubblicato in vista della Giornata mondiale di lotta contro la povert\u00e0 del 17 ottobre, &#8220;Per piccina che tu sia. Quando la casa diventa un problema&#8221;, il nuovo libro della serie &#8220;VivaVoce&#8221; dell&#8217;EDB, a cura di Paolo Beccegato e Renato Marinaro di Caritas Italiana. \u00a0 In questi ultimi anni il difficile accesso alla [&hellip;]\" \/>\n<meta property=\"og:url\" content=\"https:\/\/caritas-wp.glauco.it\/caritas-dev\/per-piccina-che-tu-sia\/\" \/>\n<meta property=\"og:site_name\" content=\"Caritas DEV\" \/>\n<meta property=\"article:published_time\" content=\"2019-10-17T10:16:00+00:00\" \/>\n<meta property=\"article:modified_time\" content=\"2022-09-22T07:48:05+00:00\" \/>\n<meta property=\"og:image\" content=\"https:\/\/caritas-wp.glauco.it\/caritas-dev\/wp-content\/uploads\/sites\/7\/2022\/09\/Copertina_EDB_casa_miniatura.jpg\" \/>\n\t<meta property=\"og:image:width\" content=\"120\" \/>\n\t<meta property=\"og:image:height\" content=\"186\" \/>\n\t<meta property=\"og:image:type\" content=\"image\/jpeg\" \/>\n<meta name=\"author\" content=\"sEEd_aDm_wP\" \/>\n<meta name=\"twitter:card\" content=\"summary_large_image\" \/>\n<meta name=\"twitter:label1\" content=\"Scritto da\" \/>\n\t<meta name=\"twitter:data1\" content=\"sEEd_aDm_wP\" \/>\n\t<meta name=\"twitter:label2\" content=\"Tempo di lettura stimato\" \/>\n\t<meta name=\"twitter:data2\" content=\"2 minuti\" \/>\n<script type=\"application\/ld+json\" class=\"yoast-schema-graph\">{\"@context\":\"https:\/\/schema.org\",\"@graph\":[{\"@type\":\"Article\",\"@id\":\"https:\/\/caritas-wp.glauco.it\/caritas-dev\/per-piccina-che-tu-sia\/#article\",\"isPartOf\":{\"@id\":\"https:\/\/caritas-wp.glauco.it\/caritas-dev\/per-piccina-che-tu-sia\/\"},\"author\":{\"name\":\"sEEd_aDm_wP\",\"@id\":\"https:\/\/caritas-wp.glauco.it\/caritas-dev\/#\/schema\/person\/3cada41afcce51378e1a7c7a79364e54\"},\"headline\":\"Per piccina che tu sia\",\"datePublished\":\"2019-10-17T10:16:00+00:00\",\"dateModified\":\"2022-09-22T07:48:05+00:00\",\"mainEntityOfPage\":{\"@id\":\"https:\/\/caritas-wp.glauco.it\/caritas-dev\/per-piccina-che-tu-sia\/\"},\"wordCount\":326,\"publisher\":{\"@id\":\"https:\/\/caritas-wp.glauco.it\/caritas-dev\/#organization\"},\"articleSection\":[\"Libri\",\"Libri 2019\"],\"inLanguage\":\"it-IT\"},{\"@type\":\"WebPage\",\"@id\":\"https:\/\/caritas-wp.glauco.it\/caritas-dev\/per-piccina-che-tu-sia\/\",\"url\":\"https:\/\/caritas-wp.glauco.it\/caritas-dev\/per-piccina-che-tu-sia\/\",\"name\":\"Per piccina che tu sia - Caritas DEV\",\"isPartOf\":{\"@id\":\"https:\/\/caritas-wp.glauco.it\/caritas-dev\/#website\"},\"datePublished\":\"2019-10-17T10:16:00+00:00\",\"dateModified\":\"2022-09-22T07:48:05+00:00\",\"breadcrumb\":{\"@id\":\"https:\/\/caritas-wp.glauco.it\/caritas-dev\/per-piccina-che-tu-sia\/#breadcrumb\"},\"inLanguage\":\"it-IT\",\"potentialAction\":[{\"@type\":\"ReadAction\",\"target\":[\"https:\/\/caritas-wp.glauco.it\/caritas-dev\/per-piccina-che-tu-sia\/\"]}]},{\"@type\":\"BreadcrumbList\",\"@id\":\"https:\/\/caritas-wp.glauco.it\/caritas-dev\/per-piccina-che-tu-sia\/#breadcrumb\",\"itemListElement\":[{\"@type\":\"ListItem\",\"position\":1,\"name\":\"Home\",\"item\":\"https:\/\/caritas-wp.glauco.it\/caritas-dev\/\"},{\"@type\":\"ListItem\",\"position\":2,\"name\":\"Per piccina che tu sia\"}]},{\"@type\":\"WebSite\",\"@id\":\"https:\/\/caritas-wp.glauco.it\/caritas-dev\/#website\",\"url\":\"https:\/\/caritas-wp.glauco.it\/caritas-dev\/\",\"name\":\"Caritas DEV\",\"description\":\"Organismo Pastorale della CEI\",\"publisher\":{\"@id\":\"https:\/\/caritas-wp.glauco.it\/caritas-dev\/#organization\"},\"potentialAction\":[{\"@type\":\"SearchAction\",\"target\":{\"@type\":\"EntryPoint\",\"urlTemplate\":\"https:\/\/caritas-wp.glauco.it\/caritas-dev\/?s={search_term_string}\"},\"query-input\":\"required name=search_term_string\"}],\"inLanguage\":\"it-IT\"},{\"@type\":\"Organization\",\"@id\":\"https:\/\/caritas-wp.glauco.it\/caritas-dev\/#organization\",\"name\":\"Caritas Italiana\",\"url\":\"https:\/\/caritas-wp.glauco.it\/caritas-dev\/\",\"logo\":{\"@type\":\"ImageObject\",\"inLanguage\":\"it-IT\",\"@id\":\"https:\/\/caritas-wp.glauco.it\/caritas-dev\/#\/schema\/logo\/image\/\",\"url\":\"https:\/\/caritas-wp.glauco.it\/caritas-dev\/wp-content\/uploads\/sites\/7\/2022\/07\/logo_caritas-1.png\",\"contentUrl\":\"https:\/\/caritas-wp.glauco.it\/caritas-dev\/wp-content\/uploads\/sites\/7\/2022\/07\/logo_caritas-1.png\",\"width\":187,\"height\":80,\"caption\":\"Caritas Italiana\"},\"image\":{\"@id\":\"https:\/\/caritas-wp.glauco.it\/caritas-dev\/#\/schema\/logo\/image\/\"}},{\"@type\":\"Person\",\"@id\":\"https:\/\/caritas-wp.glauco.it\/caritas-dev\/#\/schema\/person\/3cada41afcce51378e1a7c7a79364e54\",\"name\":\"sEEd_aDm_wP\",\"sameAs\":[\"https:\/\/caritas-wp.glauco.it\"]}]}<\/script>\n<!-- \/ Yoast SEO plugin. -->","yoast_head_json":{"title":"Per piccina che tu sia - Caritas DEV","robots":{"index":"index","follow":"follow","max-snippet":"max-snippet:-1","max-image-preview":"max-image-preview:large","max-video-preview":"max-video-preview:-1"},"canonical":"https:\/\/caritas-wp.glauco.it\/caritas-dev\/per-piccina-che-tu-sia\/","og_locale":"it_IT","og_type":"article","og_title":"Per piccina che tu sia - Caritas DEV","og_description":"\u00a0 \u00a0 Viene pubblicato in vista della Giornata mondiale di lotta contro la povert\u00e0 del 17 ottobre, &#8220;Per piccina che tu sia. Quando la casa diventa un problema&#8221;, il nuovo libro della serie &#8220;VivaVoce&#8221; dell&#8217;EDB, a cura di Paolo Beccegato e Renato Marinaro di Caritas Italiana. \u00a0 In questi ultimi anni il difficile accesso alla [&hellip;]","og_url":"https:\/\/caritas-wp.glauco.it\/caritas-dev\/per-piccina-che-tu-sia\/","og_site_name":"Caritas DEV","article_published_time":"2019-10-17T10:16:00+00:00","article_modified_time":"2022-09-22T07:48:05+00:00","og_image":[{"width":120,"height":186,"url":"https:\/\/caritas-wp.glauco.it\/caritas-dev\/wp-content\/uploads\/sites\/7\/2022\/09\/Copertina_EDB_casa_miniatura.jpg","type":"image\/jpeg"}],"author":"sEEd_aDm_wP","twitter_card":"summary_large_image","twitter_misc":{"Scritto da":"sEEd_aDm_wP","Tempo di lettura stimato":"2 minuti"},"schema":{"@context":"https:\/\/schema.org","@graph":[{"@type":"Article","@id":"https:\/\/caritas-wp.glauco.it\/caritas-dev\/per-piccina-che-tu-sia\/#article","isPartOf":{"@id":"https:\/\/caritas-wp.glauco.it\/caritas-dev\/per-piccina-che-tu-sia\/"},"author":{"name":"sEEd_aDm_wP","@id":"https:\/\/caritas-wp.glauco.it\/caritas-dev\/#\/schema\/person\/3cada41afcce51378e1a7c7a79364e54"},"headline":"Per piccina che tu sia","datePublished":"2019-10-17T10:16:00+00:00","dateModified":"2022-09-22T07:48:05+00:00","mainEntityOfPage":{"@id":"https:\/\/caritas-wp.glauco.it\/caritas-dev\/per-piccina-che-tu-sia\/"},"wordCount":326,"publisher":{"@id":"https:\/\/caritas-wp.glauco.it\/caritas-dev\/#organization"},"articleSection":["Libri","Libri 2019"],"inLanguage":"it-IT"},{"@type":"WebPage","@id":"https:\/\/caritas-wp.glauco.it\/caritas-dev\/per-piccina-che-tu-sia\/","url":"https:\/\/caritas-wp.glauco.it\/caritas-dev\/per-piccina-che-tu-sia\/","name":"Per piccina che tu sia - Caritas DEV","isPartOf":{"@id":"https:\/\/caritas-wp.glauco.it\/caritas-dev\/#website"},"datePublished":"2019-10-17T10:16:00+00:00","dateModified":"2022-09-22T07:48:05+00:00","breadcrumb":{"@id":"https:\/\/caritas-wp.glauco.it\/caritas-dev\/per-piccina-che-tu-sia\/#breadcrumb"},"inLanguage":"it-IT","potentialAction":[{"@type":"ReadAction","target":["https:\/\/caritas-wp.glauco.it\/caritas-dev\/per-piccina-che-tu-sia\/"]}]},{"@type":"BreadcrumbList","@id":"https:\/\/caritas-wp.glauco.it\/caritas-dev\/per-piccina-che-tu-sia\/#breadcrumb","itemListElement":[{"@type":"ListItem","position":1,"name":"Home","item":"https:\/\/caritas-wp.glauco.it\/caritas-dev\/"},{"@type":"ListItem","position":2,"name":"Per piccina che tu sia"}]},{"@type":"WebSite","@id":"https:\/\/caritas-wp.glauco.it\/caritas-dev\/#website","url":"https:\/\/caritas-wp.glauco.it\/caritas-dev\/","name":"Caritas DEV","description":"Organismo Pastorale della CEI","publisher":{"@id":"https:\/\/caritas-wp.glauco.it\/caritas-dev\/#organization"},"potentialAction":[{"@type":"SearchAction","target":{"@type":"EntryPoint","urlTemplate":"https:\/\/caritas-wp.glauco.it\/caritas-dev\/?s={search_term_string}"},"query-input":"required name=search_term_string"}],"inLanguage":"it-IT"},{"@type":"Organization","@id":"https:\/\/caritas-wp.glauco.it\/caritas-dev\/#organization","name":"Caritas Italiana","url":"https:\/\/caritas-wp.glauco.it\/caritas-dev\/","logo":{"@type":"ImageObject","inLanguage":"it-IT","@id":"https:\/\/caritas-wp.glauco.it\/caritas-dev\/#\/schema\/logo\/image\/","url":"https:\/\/caritas-wp.glauco.it\/caritas-dev\/wp-content\/uploads\/sites\/7\/2022\/07\/logo_caritas-1.png","contentUrl":"https:\/\/caritas-wp.glauco.it\/caritas-dev\/wp-content\/uploads\/sites\/7\/2022\/07\/logo_caritas-1.png","width":187,"height":80,"caption":"Caritas Italiana"},"image":{"@id":"https:\/\/caritas-wp.glauco.it\/caritas-dev\/#\/schema\/logo\/image\/"}},{"@type":"Person","@id":"https:\/\/caritas-wp.glauco.it\/caritas-dev\/#\/schema\/person\/3cada41afcce51378e1a7c7a79364e54","name":"sEEd_aDm_wP","sameAs":["https:\/\/caritas-wp.glauco.it"]}]}},"modified_by":null,"_links":{"self":[{"href":"https:\/\/caritas-wp.glauco.it\/caritas-dev\/wp-json\/wp\/v2\/posts\/2026"}],"collection":[{"href":"https:\/\/caritas-wp.glauco.it\/caritas-dev\/wp-json\/wp\/v2\/posts"}],"about":[{"href":"https:\/\/caritas-wp.glauco.it\/caritas-dev\/wp-json\/wp\/v2\/types\/post"}],"author":[{"embeddable":true,"href":"https:\/\/caritas-wp.glauco.it\/caritas-dev\/wp-json\/wp\/v2\/users\/1"}],"replies":[{"embeddable":true,"href":"https:\/\/caritas-wp.glauco.it\/caritas-dev\/wp-json\/wp\/v2\/comments?post=2026"}],"version-history":[{"count":1,"href":"https:\/\/caritas-wp.glauco.it\/caritas-dev\/wp-json\/wp\/v2\/posts\/2026\/revisions"}],"predecessor-version":[{"id":2027,"href":"https:\/\/caritas-wp.glauco.it\/caritas-dev\/wp-json\/wp\/v2\/posts\/2026\/revisions\/2027"}],"wp:featuredmedia":[{"embeddable":true,"href":"https:\/\/caritas-wp.glauco.it\/caritas-dev\/wp-json\/wp\/v2\/media\/3132"}],"wp:attachment":[{"href":"https:\/\/caritas-wp.glauco.it\/caritas-dev\/wp-json\/wp\/v2\/media?parent=2026"}],"wp:term":[{"taxonomy":"category","embeddable":true,"href":"https:\/\/caritas-wp.glauco.it\/caritas-dev\/wp-json\/wp\/v2\/categories?post=2026"},{"taxonomy":"post_tag","embeddable":true,"href":"https:\/\/caritas-wp.glauco.it\/caritas-dev\/wp-json\/wp\/v2\/tags?post=2026"},{"taxonomy":"canale_per_feed","embeddable":true,"href":"https:\/\/caritas-wp.glauco.it\/caritas-dev\/wp-json\/wp\/v2\/canale_per_feed?post=2026"}],"curies":[{"name":"wp","href":"https:\/\/api.w.org\/{rel}","templated":true}]}}