{"id":2068,"date":"2018-10-17T11:16:00","date_gmt":"2018-10-17T09:16:00","guid":{"rendered":"https:\/\/caritas-wp.glauco.it\/caritas-dev\/17-ottobre-presentazione-rapporto-poverta-in-attesa\/"},"modified":"2022-09-22T09:48:04","modified_gmt":"2022-09-22T07:48:04","slug":"17-ottobre-presentazione-rapporto-poverta-in-attesa","status":"publish","type":"post","link":"https:\/\/caritas-wp.glauco.it\/caritas-dev\/17-ottobre-presentazione-rapporto-poverta-in-attesa\/","title":{"rendered":"17 ottobre, presentazione Rapporto &#8220;Povert\u00e0 in attesa&#8221;."},"content":{"rendered":"<div>Il 17 ottobre 2018, nella Giornata mondiale di lotta contro la povert\u00e0, Caritas Italiana presenta a Roma, presso Fondazione CON IL SUD (Via del Corso, 267), il suo<strong> Rapporto 2018 su povert\u00e0 e politiche di contrasto dal titolo &#8220;Povert\u00e0 in attesa&#8221;.<\/strong><\/div>\n<div>\u00a0<\/div>\n<div>Questa edizione integra per la prima volta in un unico testo il 17\u00b0 &#8220;Rapporto su povert\u00e0 ed esclusione sociale in Italia&#8221; e il 5\u00b0 &#8220;Rapporto sulle politiche contro la povert\u00e0 in Italia&#8221;, con l&#8217;intento di offrire uno strumento aggiornato di studio ed approfondimento, nonch\u00e9 per stimolare l\u0092azione delle istituzioni civili, e per questo analizza in particolare l\u0092attuazione in Italia del Reddito di Inclusione (REI).\u00a0<\/div>\n<div>\u00a0<\/div>\n<div>Qui una <strong><a href=\"\/pls\/caritasitaliana\/v3_s2ew_consultazione.redir_allegati_doc?p_id_pagina=7847&#038;p_id_allegato=6062&#038;p_url_rimando=\/caritasitaliana\/allegati\/7847\/Poverta%20in%20Attesa_Sintesi.pdf\" target=\"_blank\" rel=\"noopener\">sintesi del Rapporto<\/a><\/strong> e\u00a0<strong><a href=\"\/pls\/caritasitaliana\/v3_s2ew_consultazione.redir_allegati_doc?p_id_pagina=7847&#038;p_id_allegato=6063&#038;p_url_rimando=\/caritasitaliana\/allegati\/7847\/Infografica%206.pdf\" target=\"_blank\" rel=\"noopener\">un&#8217;infografica<\/a><\/strong><strong>.<\/strong><\/div>\n<div>\u00a0<\/div>\n<div>Video di approfondimento:<\/div>\n<div><a href=\"https:\/\/www.youtube.com\/watch?v=yMAbvsY04mE\" data-rel=\"lightbox-video-0\" target=\"_blank\" rel=\"noopener\">Carlo Borgomeo, Presidente Fondazione CON IL SUD e impresa sociale Con i bambini<\/a><\/div>\n<div><a href=\"https:\/\/youtu.be\/pudAYlDPyEM\" data-rel=\"lightbox-video-1\" target=\"_blank\" rel=\"noopener\">Federica De Lauso, Ufficio Studi Caritas Italiana<\/a><\/div>\n<div><a href=\"https:\/\/youtu.be\/ENe9GKmsVH4\" data-rel=\"lightbox-video-2\" target=\"_blank\" rel=\"noopener\">Gianmario Gazzi, Consiglio Nazionale Ordine Assistenti sociali<\/a><\/div>\n<div><a href=\"https:\/\/youtu.be\/-qvexUu-WIU\" data-rel=\"lightbox-video-3\" target=\"_blank\" rel=\"noopener\">Lorenzo Lusignoli, Dipartimento politiche sociali e sanitarie della Cisl<\/a><\/div>\n<div><a href=\"https:\/\/youtu.be\/xJcKcUorWkk\" data-rel=\"lightbox-video-4\" target=\"_blank\" rel=\"noopener\">Walter Nanni, Ufficio Studi e Ricerche Caritas Italiana<\/a><\/div>\n<div><a href=\"https:\/\/youtu.be\/hnOXS6V3o14\" data-rel=\"lightbox-video-5\" target=\"_blank\" rel=\"noopener\">Cristiano Gori, Universit\u00e0 di Trento<\/a><\/div>\n<div>\u00a0<\/div>\n<div>\n<div><strong>Estratti (.pdf):<\/strong><\/div>\n<div><a href=\"\/pls\/caritasitaliana\/v3_s2ew_consultazione.redir_allegati_doc?p_id_pagina=7847&#038;p_id_allegato=6116&#038;p_url_rimando=\/caritasitaliana\/allegati\/7847\/indice_Rapporto_Poverta_in_attesa.pdf\" target=\"_blank\" rel=\"noopener\">Indice<\/a><\/div>\n<div><a href=\"\/pls\/caritasitaliana\/v3_s2ew_consultazione.redir_allegati_doc?p_id_pagina=7847&#038;p_id_allegato=6113&#038;p_url_rimando=\/caritasitaliana\/allegati\/7847\/Cap_02_Rapporto_2018.pdf\" target=\"_blank\" rel=\"noopener\">Capitolo 2<\/a>\u00a0&#8211;\u00a0Il volto dei poveri incontrati nei centri di ascolto Caritas (Federica De Lauso)<\/div>\n<div><a href=\"\/pls\/caritasitaliana\/v3_s2ew_consultazione.redir_allegati_doc?p_id_pagina=7847&#038;p_id_allegato=6112&#038;p_url_rimando=\/caritasitaliana\/allegati\/7847\/Cap_03_Rapporto_2018.pdf\" target=\"_blank\" rel=\"noopener\">Capitolo 3<\/a>\u00a0&#8211;\u00a0La povert\u00e0 educativa e culturale: un fenomeno a pi\u00f9 dimensioni (Walter Nanni, Vera Pellegrino)<\/div>\n<div><a href=\"\/pls\/caritasitaliana\/v3_s2ew_consultazione.redir_allegati_doc?p_id_pagina=7847&#038;p_id_allegato=6115&#038;p_url_rimando=\/caritasitaliana\/allegati\/7847\/Cap_05_Rapporto_2018.pdf\" target=\"_blank\" rel=\"noopener\">Capitolo 5<\/a>\u00a0&#8211;\u00a0L\u0092attuazione del REI. A che punto siamo (Cristiano Gori)<\/div>\n<div><a href=\"\/pls\/caritasitaliana\/v3_s2ew_consultazione.redir_allegati_doc?p_id_pagina=7847&#038;p_id_allegato=6114&#038;p_url_rimando=\/caritasitaliana\/allegati\/7847\/Cap_08_Rapporto_2018.pdf\" target=\"_blank\" rel=\"noopener\">Capitolo 8<\/a>\u00a0&#8211;\u00a0Il \u0093cantiere REI\u0094 e la collaborazione con i territori (Cristina Berliri, Alessandra Marini)<\/div>\n<\/div>\n<div>\u00a0<\/div>\n<div><strong>Programma della presentazione:<\/strong><\/div>\n<div>10.15 | Accoglienza\u00a0<\/div>\n<div>10.30 | Saluti\u00a0<\/div>\n<div>\u00a0 \u00a0 \u00a0 \u00a0 \u00a0 \u00a0 <strong>Don Francesco Soddu<\/strong> &#8211; Direttore Caritas Italiana (<a href=\"\/caritasitaliana\/allegati\/7847\/SODDU%20rapporto%20POVERTA.pdf\" target=\"_blank\" rel=\"noopener\">vedi l&#8217;intervento<\/a>)<\/div>\n<div>10.45 | Introduzione ai lavori<\/div>\n<div>\u00a0 \u00a0 \u00a0 \u00a0 \u00a0 \u00a0 <strong>Gianmario Gazzi <\/strong>\u0096 Consiglio Nazionale Ordine Assistenti sociali\u00a0<\/div>\n<div>11.00 | Presentazione Rapporto<\/div>\n<div><span style=\"white-space:pre\">\t<\/span>\u00a0 \u00a0 <strong>Walter Nanni<\/strong> \u0096 Ufficio Studi e Ricerche Caritas Italiana (<a href=\"http:\/\/s2ew.caritasitaliana.it\/materiali\/Rapporto%20povert%C3%A0%202018\/Nanni%20Presentazione%20Rapporto%20Povert%C3%A0%2017%20ottobre%202018.pdf\" target=\"_blank\" rel=\"noopener\">vedi le slide<\/a>)<\/div>\n<div><span style=\"white-space:pre\">\t<\/span>\u00a0 \u00a0 <strong>Cristiano Gori<\/strong> \u0096 Universit\u00e0 di Trento (<a href=\"http:\/\/s2ew.caritasitaliana.it\/materiali\/Rapporto%20povert%C3%A0%202018\/Gori%20Presentazione%20Rapporto%20Caritas%20_3.pdf\" target=\"_blank\" rel=\"noopener\">vedi le slide<\/a>)<\/div>\n<div>11.50 | Interventi<\/div>\n<div><span style=\"white-space:pre\">\t<\/span>\u00a0 \u00a0 <strong>Pasquale Tridico<\/strong> \u0096 Universit\u00e0 di Roma Tre<\/div>\n<div>12.15 | Dibattito\u00a0<\/div>\n<div>12.45 | Conclusioni<\/div>\n<div><span style=\"white-space:pre\">\t<\/span>\u00a0 \u00a0<strong> Francesco Marsico<\/strong> \u0096 Area nazionale Caritas Italiana<\/div>\n<div>\u00a0<\/div>\n<div>Il Rapporto si \u00e8 avvalso del contributo e della collaborazione di oltre venti autori, esperti ed esponenti di numerose organizzazioni della societ\u00e0 civile, alcune delle quali impegnate nell\u0092<a href=\"http:\/\/www.redditoinclusione.it\" target=\"_blank\" rel=\"noopener\">Alleanza contro la Povert\u00e0 in Italia<\/a>. Un ampio spazio \u00e8, inoltre, dedicato ad approfondire il fenomeno della \u0093povert\u00e0 educativa\u0094. Su questo argomento sono riportati i principali risultati di una ricerca patrocinata da <a href=\"https:\/\/www.caritas.eu\/\" target=\"_blank\" rel=\"noopener\">Caritas Europa<\/a>, in riferimento al capitale educativo delle persone che si rivolgono alla Caritas in Germania, Grecia, Italia e Portogallo. Il Rapporto offre, altres\u00ec, i\u00a0 risultati di uno studio di carattere qualitativo sulla debolezza del capitale formativo delle famiglie con figli adolescenti, nelle periferie di tre citt\u00e0 italiane (Bari, Bologna e Roma).<\/div>\n<div>\u00a0<\/div>\n","protected":false},"excerpt":{"rendered":"<p>Il 17 ottobre 2018, nella Giornata mondiale di lotta contro la povert\u00e0, Caritas Italiana presenta a Roma, presso Fondazione CON IL SUD (Via del Corso, 267), il suo Rapporto 2018 su povert\u00e0 e politiche di contrasto dal titolo &#8220;Povert\u00e0 in attesa&#8221;. \u00a0 Questa edizione integra per la prima volta in un unico testo il 17\u00b0 [&hellip;]<\/p>\n","protected":false},"author":1,"featured_media":3114,"comment_status":"closed","ping_status":"closed","sticky":false,"template":"","format":"standard","meta":{"_lmt_disableupdate":"","_lmt_disable":"","footnotes":""},"categories":[11,121],"tags":[],"canale_per_feed":[],"acf":[],"yoast_head":"<!-- This site is optimized with the Yoast SEO plugin v21.4 - https:\/\/yoast.com\/wordpress\/plugins\/seo\/ -->\n<title>17 ottobre, presentazione Rapporto &quot;Povert\u00e0 in attesa&quot;. - Caritas DEV<\/title>\n<meta name=\"robots\" content=\"index, follow, max-snippet:-1, max-image-preview:large, max-video-preview:-1\" \/>\n<link rel=\"canonical\" href=\"https:\/\/caritas-wp.glauco.it\/caritas-dev\/17-ottobre-presentazione-rapporto-poverta-in-attesa\/\" \/>\n<meta property=\"og:locale\" content=\"it_IT\" \/>\n<meta property=\"og:type\" content=\"article\" \/>\n<meta property=\"og:title\" content=\"17 ottobre, presentazione Rapporto &quot;Povert\u00e0 in attesa&quot;. - Caritas DEV\" \/>\n<meta property=\"og:description\" content=\"Il 17 ottobre 2018, nella Giornata mondiale di lotta contro la povert\u00e0, Caritas Italiana presenta a Roma, presso Fondazione CON IL SUD (Via del Corso, 267), il suo Rapporto 2018 su povert\u00e0 e politiche di contrasto dal titolo &#8220;Povert\u00e0 in attesa&#8221;. \u00a0 Questa edizione integra per la prima volta in un unico testo il 17\u00b0 [&hellip;]\" \/>\n<meta property=\"og:url\" content=\"https:\/\/caritas-wp.glauco.it\/caritas-dev\/17-ottobre-presentazione-rapporto-poverta-in-attesa\/\" \/>\n<meta property=\"og:site_name\" content=\"Caritas DEV\" \/>\n<meta property=\"article:published_time\" content=\"2018-10-17T09:16:00+00:00\" \/>\n<meta property=\"article:modified_time\" content=\"2022-09-22T07:48:04+00:00\" \/>\n<meta property=\"og:image\" content=\"https:\/\/caritas-wp.glauco.it\/caritas-dev\/wp-content\/uploads\/sites\/7\/2022\/09\/Primo_Piano_rapporto_Poverta.jpg\" \/>\n\t<meta property=\"og:image:width\" content=\"1920\" \/>\n\t<meta property=\"og:image:height\" content=\"1080\" \/>\n\t<meta property=\"og:image:type\" content=\"image\/jpeg\" \/>\n<meta name=\"author\" content=\"sEEd_aDm_wP\" \/>\n<meta name=\"twitter:card\" content=\"summary_large_image\" \/>\n<meta name=\"twitter:label1\" content=\"Scritto da\" \/>\n\t<meta name=\"twitter:data1\" content=\"sEEd_aDm_wP\" \/>\n\t<meta name=\"twitter:label2\" content=\"Tempo di lettura stimato\" \/>\n\t<meta name=\"twitter:data2\" content=\"2 minuti\" \/>\n<script type=\"application\/ld+json\" class=\"yoast-schema-graph\">{\"@context\":\"https:\/\/schema.org\",\"@graph\":[{\"@type\":\"Article\",\"@id\":\"https:\/\/caritas-wp.glauco.it\/caritas-dev\/17-ottobre-presentazione-rapporto-poverta-in-attesa\/#article\",\"isPartOf\":{\"@id\":\"https:\/\/caritas-wp.glauco.it\/caritas-dev\/17-ottobre-presentazione-rapporto-poverta-in-attesa\/\"},\"author\":{\"name\":\"sEEd_aDm_wP\",\"@id\":\"https:\/\/caritas-wp.glauco.it\/caritas-dev\/#\/schema\/person\/3cada41afcce51378e1a7c7a79364e54\"},\"headline\":\"17 ottobre, presentazione Rapporto &#8220;Povert\u00e0 in attesa&#8221;.\",\"datePublished\":\"2018-10-17T09:16:00+00:00\",\"dateModified\":\"2022-09-22T07:48:04+00:00\",\"mainEntityOfPage\":{\"@id\":\"https:\/\/caritas-wp.glauco.it\/caritas-dev\/17-ottobre-presentazione-rapporto-poverta-in-attesa\/\"},\"wordCount\":397,\"publisher\":{\"@id\":\"https:\/\/caritas-wp.glauco.it\/caritas-dev\/#organization\"},\"articleSection\":[\"Libri\",\"Libri 2018\"],\"inLanguage\":\"it-IT\"},{\"@type\":\"WebPage\",\"@id\":\"https:\/\/caritas-wp.glauco.it\/caritas-dev\/17-ottobre-presentazione-rapporto-poverta-in-attesa\/\",\"url\":\"https:\/\/caritas-wp.glauco.it\/caritas-dev\/17-ottobre-presentazione-rapporto-poverta-in-attesa\/\",\"name\":\"17 ottobre, presentazione Rapporto \\\"Povert\u00e0 in attesa\\\". - Caritas DEV\",\"isPartOf\":{\"@id\":\"https:\/\/caritas-wp.glauco.it\/caritas-dev\/#website\"},\"datePublished\":\"2018-10-17T09:16:00+00:00\",\"dateModified\":\"2022-09-22T07:48:04+00:00\",\"breadcrumb\":{\"@id\":\"https:\/\/caritas-wp.glauco.it\/caritas-dev\/17-ottobre-presentazione-rapporto-poverta-in-attesa\/#breadcrumb\"},\"inLanguage\":\"it-IT\",\"potentialAction\":[{\"@type\":\"ReadAction\",\"target\":[\"https:\/\/caritas-wp.glauco.it\/caritas-dev\/17-ottobre-presentazione-rapporto-poverta-in-attesa\/\"]}]},{\"@type\":\"BreadcrumbList\",\"@id\":\"https:\/\/caritas-wp.glauco.it\/caritas-dev\/17-ottobre-presentazione-rapporto-poverta-in-attesa\/#breadcrumb\",\"itemListElement\":[{\"@type\":\"ListItem\",\"position\":1,\"name\":\"Home\",\"item\":\"https:\/\/caritas-wp.glauco.it\/caritas-dev\/\"},{\"@type\":\"ListItem\",\"position\":2,\"name\":\"17 ottobre, presentazione Rapporto &#8220;Povert\u00e0 in attesa&#8221;.\"}]},{\"@type\":\"WebSite\",\"@id\":\"https:\/\/caritas-wp.glauco.it\/caritas-dev\/#website\",\"url\":\"https:\/\/caritas-wp.glauco.it\/caritas-dev\/\",\"name\":\"Caritas DEV\",\"description\":\"Organismo Pastorale della CEI\",\"publisher\":{\"@id\":\"https:\/\/caritas-wp.glauco.it\/caritas-dev\/#organization\"},\"potentialAction\":[{\"@type\":\"SearchAction\",\"target\":{\"@type\":\"EntryPoint\",\"urlTemplate\":\"https:\/\/caritas-wp.glauco.it\/caritas-dev\/?s={search_term_string}\"},\"query-input\":\"required name=search_term_string\"}],\"inLanguage\":\"it-IT\"},{\"@type\":\"Organization\",\"@id\":\"https:\/\/caritas-wp.glauco.it\/caritas-dev\/#organization\",\"name\":\"Caritas Italiana\",\"url\":\"https:\/\/caritas-wp.glauco.it\/caritas-dev\/\",\"logo\":{\"@type\":\"ImageObject\",\"inLanguage\":\"it-IT\",\"@id\":\"https:\/\/caritas-wp.glauco.it\/caritas-dev\/#\/schema\/logo\/image\/\",\"url\":\"https:\/\/caritas-wp.glauco.it\/caritas-dev\/wp-content\/uploads\/sites\/7\/2022\/07\/logo_caritas-1.png\",\"contentUrl\":\"https:\/\/caritas-wp.glauco.it\/caritas-dev\/wp-content\/uploads\/sites\/7\/2022\/07\/logo_caritas-1.png\",\"width\":187,\"height\":80,\"caption\":\"Caritas Italiana\"},\"image\":{\"@id\":\"https:\/\/caritas-wp.glauco.it\/caritas-dev\/#\/schema\/logo\/image\/\"}},{\"@type\":\"Person\",\"@id\":\"https:\/\/caritas-wp.glauco.it\/caritas-dev\/#\/schema\/person\/3cada41afcce51378e1a7c7a79364e54\",\"name\":\"sEEd_aDm_wP\",\"sameAs\":[\"https:\/\/caritas-wp.glauco.it\"]}]}<\/script>\n<!-- \/ Yoast SEO plugin. -->","yoast_head_json":{"title":"17 ottobre, presentazione Rapporto \"Povert\u00e0 in attesa\". - Caritas DEV","robots":{"index":"index","follow":"follow","max-snippet":"max-snippet:-1","max-image-preview":"max-image-preview:large","max-video-preview":"max-video-preview:-1"},"canonical":"https:\/\/caritas-wp.glauco.it\/caritas-dev\/17-ottobre-presentazione-rapporto-poverta-in-attesa\/","og_locale":"it_IT","og_type":"article","og_title":"17 ottobre, presentazione Rapporto \"Povert\u00e0 in attesa\". - Caritas DEV","og_description":"Il 17 ottobre 2018, nella Giornata mondiale di lotta contro la povert\u00e0, Caritas Italiana presenta a Roma, presso Fondazione CON IL SUD (Via del Corso, 267), il suo Rapporto 2018 su povert\u00e0 e politiche di contrasto dal titolo &#8220;Povert\u00e0 in attesa&#8221;. \u00a0 Questa edizione integra per la prima volta in un unico testo il 17\u00b0 [&hellip;]","og_url":"https:\/\/caritas-wp.glauco.it\/caritas-dev\/17-ottobre-presentazione-rapporto-poverta-in-attesa\/","og_site_name":"Caritas DEV","article_published_time":"2018-10-17T09:16:00+00:00","article_modified_time":"2022-09-22T07:48:04+00:00","og_image":[{"width":1920,"height":1080,"url":"https:\/\/caritas-wp.glauco.it\/caritas-dev\/wp-content\/uploads\/sites\/7\/2022\/09\/Primo_Piano_rapporto_Poverta.jpg","type":"image\/jpeg"}],"author":"sEEd_aDm_wP","twitter_card":"summary_large_image","twitter_misc":{"Scritto da":"sEEd_aDm_wP","Tempo di lettura stimato":"2 minuti"},"schema":{"@context":"https:\/\/schema.org","@graph":[{"@type":"Article","@id":"https:\/\/caritas-wp.glauco.it\/caritas-dev\/17-ottobre-presentazione-rapporto-poverta-in-attesa\/#article","isPartOf":{"@id":"https:\/\/caritas-wp.glauco.it\/caritas-dev\/17-ottobre-presentazione-rapporto-poverta-in-attesa\/"},"author":{"name":"sEEd_aDm_wP","@id":"https:\/\/caritas-wp.glauco.it\/caritas-dev\/#\/schema\/person\/3cada41afcce51378e1a7c7a79364e54"},"headline":"17 ottobre, presentazione Rapporto &#8220;Povert\u00e0 in attesa&#8221;.","datePublished":"2018-10-17T09:16:00+00:00","dateModified":"2022-09-22T07:48:04+00:00","mainEntityOfPage":{"@id":"https:\/\/caritas-wp.glauco.it\/caritas-dev\/17-ottobre-presentazione-rapporto-poverta-in-attesa\/"},"wordCount":397,"publisher":{"@id":"https:\/\/caritas-wp.glauco.it\/caritas-dev\/#organization"},"articleSection":["Libri","Libri 2018"],"inLanguage":"it-IT"},{"@type":"WebPage","@id":"https:\/\/caritas-wp.glauco.it\/caritas-dev\/17-ottobre-presentazione-rapporto-poverta-in-attesa\/","url":"https:\/\/caritas-wp.glauco.it\/caritas-dev\/17-ottobre-presentazione-rapporto-poverta-in-attesa\/","name":"17 ottobre, presentazione Rapporto \"Povert\u00e0 in attesa\". - Caritas DEV","isPartOf":{"@id":"https:\/\/caritas-wp.glauco.it\/caritas-dev\/#website"},"datePublished":"2018-10-17T09:16:00+00:00","dateModified":"2022-09-22T07:48:04+00:00","breadcrumb":{"@id":"https:\/\/caritas-wp.glauco.it\/caritas-dev\/17-ottobre-presentazione-rapporto-poverta-in-attesa\/#breadcrumb"},"inLanguage":"it-IT","potentialAction":[{"@type":"ReadAction","target":["https:\/\/caritas-wp.glauco.it\/caritas-dev\/17-ottobre-presentazione-rapporto-poverta-in-attesa\/"]}]},{"@type":"BreadcrumbList","@id":"https:\/\/caritas-wp.glauco.it\/caritas-dev\/17-ottobre-presentazione-rapporto-poverta-in-attesa\/#breadcrumb","itemListElement":[{"@type":"ListItem","position":1,"name":"Home","item":"https:\/\/caritas-wp.glauco.it\/caritas-dev\/"},{"@type":"ListItem","position":2,"name":"17 ottobre, presentazione Rapporto &#8220;Povert\u00e0 in attesa&#8221;."}]},{"@type":"WebSite","@id":"https:\/\/caritas-wp.glauco.it\/caritas-dev\/#website","url":"https:\/\/caritas-wp.glauco.it\/caritas-dev\/","name":"Caritas DEV","description":"Organismo Pastorale della CEI","publisher":{"@id":"https:\/\/caritas-wp.glauco.it\/caritas-dev\/#organization"},"potentialAction":[{"@type":"SearchAction","target":{"@type":"EntryPoint","urlTemplate":"https:\/\/caritas-wp.glauco.it\/caritas-dev\/?s={search_term_string}"},"query-input":"required name=search_term_string"}],"inLanguage":"it-IT"},{"@type":"Organization","@id":"https:\/\/caritas-wp.glauco.it\/caritas-dev\/#organization","name":"Caritas Italiana","url":"https:\/\/caritas-wp.glauco.it\/caritas-dev\/","logo":{"@type":"ImageObject","inLanguage":"it-IT","@id":"https:\/\/caritas-wp.glauco.it\/caritas-dev\/#\/schema\/logo\/image\/","url":"https:\/\/caritas-wp.glauco.it\/caritas-dev\/wp-content\/uploads\/sites\/7\/2022\/07\/logo_caritas-1.png","contentUrl":"https:\/\/caritas-wp.glauco.it\/caritas-dev\/wp-content\/uploads\/sites\/7\/2022\/07\/logo_caritas-1.png","width":187,"height":80,"caption":"Caritas Italiana"},"image":{"@id":"https:\/\/caritas-wp.glauco.it\/caritas-dev\/#\/schema\/logo\/image\/"}},{"@type":"Person","@id":"https:\/\/caritas-wp.glauco.it\/caritas-dev\/#\/schema\/person\/3cada41afcce51378e1a7c7a79364e54","name":"sEEd_aDm_wP","sameAs":["https:\/\/caritas-wp.glauco.it"]}]}},"modified_by":null,"_links":{"self":[{"href":"https:\/\/caritas-wp.glauco.it\/caritas-dev\/wp-json\/wp\/v2\/posts\/2068"}],"collection":[{"href":"https:\/\/caritas-wp.glauco.it\/caritas-dev\/wp-json\/wp\/v2\/posts"}],"about":[{"href":"https:\/\/caritas-wp.glauco.it\/caritas-dev\/wp-json\/wp\/v2\/types\/post"}],"author":[{"embeddable":true,"href":"https:\/\/caritas-wp.glauco.it\/caritas-dev\/wp-json\/wp\/v2\/users\/1"}],"replies":[{"embeddable":true,"href":"https:\/\/caritas-wp.glauco.it\/caritas-dev\/wp-json\/wp\/v2\/comments?post=2068"}],"version-history":[{"count":5,"href":"https:\/\/caritas-wp.glauco.it\/caritas-dev\/wp-json\/wp\/v2\/posts\/2068\/revisions"}],"predecessor-version":[{"id":3093,"href":"https:\/\/caritas-wp.glauco.it\/caritas-dev\/wp-json\/wp\/v2\/posts\/2068\/revisions\/3093"}],"wp:featuredmedia":[{"embeddable":true,"href":"https:\/\/caritas-wp.glauco.it\/caritas-dev\/wp-json\/wp\/v2\/media\/3114"}],"wp:attachment":[{"href":"https:\/\/caritas-wp.glauco.it\/caritas-dev\/wp-json\/wp\/v2\/media?parent=2068"}],"wp:term":[{"taxonomy":"category","embeddable":true,"href":"https:\/\/caritas-wp.glauco.it\/caritas-dev\/wp-json\/wp\/v2\/categories?post=2068"},{"taxonomy":"post_tag","embeddable":true,"href":"https:\/\/caritas-wp.glauco.it\/caritas-dev\/wp-json\/wp\/v2\/tags?post=2068"},{"taxonomy":"canale_per_feed","embeddable":true,"href":"https:\/\/caritas-wp.glauco.it\/caritas-dev\/wp-json\/wp\/v2\/canale_per_feed?post=2068"}],"curies":[{"name":"wp","href":"https:\/\/api.w.org\/{rel}","templated":true}]}}