{"id":2153,"date":"2017-10-26T08:58:00","date_gmt":"2017-10-26T06:58:00","guid":{"rendered":"https:\/\/caritas-wp.glauco.it\/caritas-dev\/per-uscire-tutti-dalla-crisi-rapporto-2017-sulle-politiche-contro-la-poverta-in-italia\/"},"modified":"2022-09-22T09:48:02","modified_gmt":"2022-09-22T07:48:02","slug":"per-uscire-tutti-dalla-crisi-rapporto-2017-sulle-politiche-contro-la-poverta-in-italia","status":"publish","type":"post","link":"https:\/\/caritas-wp.glauco.it\/caritas-dev\/per-uscire-tutti-dalla-crisi-rapporto-2017-sulle-politiche-contro-la-poverta-in-italia\/","title":{"rendered":"Per uscire tutti dalla crisi &#8211; Rapporto 2017 sulle politiche contro la povert\u00e0 in Italia"},"content":{"rendered":"<div><img decoding=\"async\" align=\"left\" alt=\"\" src=\"\/pls\/caritasitaliana\/v3_s2ew_consultazione.redir_allegati_doc?p_id_pagina=7312&#038;p_id_allegato=5308&#038;p_url_rimando=\/caritasitaliana\/allegati\/7312\/Copertina_rapporto_2017_web.jpg\" >A ridosso della discussione della Legge di Bilancio e dell\u0092introduzione \u0096 a partire dal prossimo gennaio &#8211; del <a href=\"http:\/\/www.redditoinclusione.it\/posizione-alleanza-su-reddito-di-inclusione\/\" target=\"_blank\" rel=\"noopener\">Reddito d\u0092inclusione<\/a> (REI), Caritas Italiana pubblica interamente on-line la quarta edizione del <strong>Rapporto sulle politiche contro la povert\u00e0 in Italia<\/strong>, dal titolo <a href=\"\/materiali\/Pubblicazioni\/libri_2017\/rapp_caritas_politichepoverta2017.pdf\" target=\"_blank\" rel=\"noopener\">&#8220;Per uscire tutti dalla crisi&#8221;<\/a> (.pdf).<\/div>\n<div><\/div>\n<div>Sul versante della lotta alla povert\u00e0 il 2017 \u00e8 stato un anno importante, che ha visto il realizzarsi della cosiddetta \u0093misura ponte\u0094, il <a href=\"\/pls\/caritasitaliana\/V3_S2EW_CONSULTAZIONE.mostra_pagina?id_pagina=6563\">Sostegno per l\u0092Inclusione Attiva (SIA)<\/a>, che ha anticipato molte delle novit\u00e0 del REI, soprattutto per quanto riguarda la struttura dell\u0092intervento insieme alla conclusione del\u0092iter della Legge 15 marzo 2017, n. 33, sul \u0093contrasto della povert\u00e0, il riordino delle prestazioni di natura assistenziale e il rafforzamento del sistema degli interventi e dei servizi sociali\u0094.<\/div>\n<div><\/div>\n<div>L\u0092osservazione delle modalit\u00e0 di applicazione del SIA \u0096 nel volume si restituiscono alcune evidenze tratte da una ricerca valutativa promossa da Caritas italiana in cinque regioni \u0096 offre la possibilit\u00e0 di individuare i <strong>principali nodi attuativi che dovranno essere affrontati dal Reddito di Inclusione<\/strong>, facendo emergere una mappa delle criticit\u00e0 da tenere in evidenza nel tentativo di mitigarle efficacemente. Il volume illustra inoltre le<strong> novit\u00e0 contenute nella legge di contrasto alla povert\u00e0<\/strong> \u0096 ricordando il complesso iter che ha condotto alla sua approvazione e in esso il ruolo della <a href=\"http:\/\/www.redditoinclusione.it\/il-patto-aperto-contro-la-poverta\/presentazione-alleanza\/\" target=\"_blank\" rel=\"noopener\">Alleanza contro la povert\u00e0<\/a>, cui Caritas Italiana aderisce \u0096 e ricostruisce anche il complesso mosaico di misure che popolano, con diverse modalit\u00e0 di integrazione, l&#8217;insieme delle policy nazionali.<\/div>\n<div><\/div>\n<div>Focus specifici, con il contributo della <a href=\"http:\/\/www.bancoalimentare.it\/it\" target=\"_blank\" rel=\"noopener\">Fondazione Banco Alimentare<\/a>, della <a href=\"http:\/\/www.fiopsd.org\/\" target=\"_blank\" rel=\"noopener\">Federazione italiana persone senza dimora<\/a> (fio.PSD) e di <a href=\"https:\/\/www.savethechildren.it\/\" target=\"_blank\" rel=\"noopener\">Save the Children<\/a>, sono dedicati al tema dell&#8217;aiuto alimentare, finanziato dall\u0092Unione europea attraverso il FEAD (Fund for European Aid to the Most Deprived), e a quello delle misure sulla povert\u00e0 educativa, sostenute anch\u0092esse dal FEAD e da risorse provenienti dalla Legge di Bilancio 2017 e della grave emarginazione adulta.<\/div>\n<div><\/div>\n<div>\u00abTutto questo &#8211; si legge nell&#8217;introduzione del testo &#8211; per consegnare ai lettori un <strong>quadro sinottico degli interventi a livello nazionale<\/strong>, che consenta di porsi e porre domande valutative fondamentali su, per esempio, il livello di integrazione tra le misure, la qualit\u00e0 del coordinamento tra policy sul piano territoriale, pensando anche ad altri filoni di risorse territorialmente destinate, come quelle dei PON Aree metropolitane, rendendo possibile definire la direzione dell\u0092evoluzione auspicabile di questi segmenti di intervento nei prossimi anni\u00bb.<\/div>\n<div><\/div>\n<div>\u00abSono in tanti coloro che non riescono oggi ad avere il necessario per vivere &#8211; <a href=\"https:\/\/www.avvenire.it\/attualita\/pagine\/bisogna-rispondere-a-tutti-i-poveri-serve-coraggio-non-c-pi-tempo\" target=\"_blank\" rel=\"noopener\">ha ricordato di recente il card. Francesco Montenegro<\/a>, Presidente di Caritas Italiana &#8211; e questa platea di persone va considerata nella sua universalit\u00e0. Richiede la giusta attenzione. Subito, sin da oggi. Non \u00e8 altro che un discorso di equit\u00e0 e giustizia\u00bb.<\/div>\n<div><\/div>\n<div>Questo 4\u00b0 Rapporto sulle politiche contro la povert\u00e0 si collega al Rapporto sulla povert\u00e0 e l&#8217;esclusione sociale dal titolo &#8220;Futuro anteriore&#8221;, che sar\u00e0 presentato in una conferenza stampa <strong>venerd\u00ec 17 novembre prossimo<\/strong>, a ridosso della prima <a href=\"\/pls\/caritasitaliana\/V3_S2EW_CONSULTAZIONE.mostra_pagina?id_pagina=7142\" target=\"_blank\" rel=\"noopener\">Giornata mondiale dei Poveri del 19 novembre<\/a>, istituita da papa Francesco a conclusione del Giubileo della Misericordia.<\/div>\n","protected":false},"excerpt":{"rendered":"<p>A ridosso della discussione della Legge di Bilancio e dell\u0092introduzione \u0096 a partire dal prossimo gennaio &#8211; del Reddito d\u0092inclusione (REI), Caritas Italiana pubblica interamente on-line la quarta edizione del Rapporto sulle politiche contro la povert\u00e0 in Italia, dal titolo &#8220;Per uscire tutti dalla crisi&#8221; (.pdf). Sul versante della lotta alla povert\u00e0 il 2017 \u00e8 [&hellip;]<\/p>\n","protected":false},"author":1,"featured_media":3023,"comment_status":"closed","ping_status":"closed","sticky":false,"template":"","format":"standard","meta":{"_lmt_disableupdate":"","_lmt_disable":"","footnotes":""},"categories":[11,120],"tags":[],"canale_per_feed":[],"acf":[],"yoast_head":"<!-- This site is optimized with the Yoast SEO plugin v21.4 - https:\/\/yoast.com\/wordpress\/plugins\/seo\/ -->\n<title>Per uscire tutti dalla crisi - Rapporto 2017 sulle politiche contro la povert\u00e0 in Italia - Caritas DEV<\/title>\n<meta name=\"robots\" content=\"index, follow, max-snippet:-1, max-image-preview:large, max-video-preview:-1\" \/>\n<link rel=\"canonical\" href=\"https:\/\/caritas-wp.glauco.it\/caritas-dev\/per-uscire-tutti-dalla-crisi-rapporto-2017-sulle-politiche-contro-la-poverta-in-italia\/\" \/>\n<meta property=\"og:locale\" content=\"it_IT\" \/>\n<meta property=\"og:type\" content=\"article\" \/>\n<meta property=\"og:title\" content=\"Per uscire tutti dalla crisi - Rapporto 2017 sulle politiche contro la povert\u00e0 in Italia - Caritas DEV\" \/>\n<meta property=\"og:description\" content=\"A ridosso della discussione della Legge di Bilancio e dell\u0092introduzione \u0096 a partire dal prossimo gennaio &#8211; del Reddito d\u0092inclusione (REI), Caritas Italiana pubblica interamente on-line la quarta edizione del Rapporto sulle politiche contro la povert\u00e0 in Italia, dal titolo &#8220;Per uscire tutti dalla crisi&#8221; (.pdf). Sul versante della lotta alla povert\u00e0 il 2017 \u00e8 [&hellip;]\" \/>\n<meta property=\"og:url\" content=\"https:\/\/caritas-wp.glauco.it\/caritas-dev\/per-uscire-tutti-dalla-crisi-rapporto-2017-sulle-politiche-contro-la-poverta-in-italia\/\" \/>\n<meta property=\"og:site_name\" content=\"Caritas DEV\" \/>\n<meta property=\"article:published_time\" content=\"2017-10-26T06:58:00+00:00\" \/>\n<meta property=\"article:modified_time\" content=\"2022-09-22T07:48:02+00:00\" \/>\n<meta property=\"og:image\" content=\"https:\/\/caritas-wp.glauco.it\/caritas-dev\/wp-content\/uploads\/sites\/7\/2022\/09\/Copertina_rapporto_2017_picc.jpg\" \/>\n\t<meta property=\"og:image:width\" content=\"120\" \/>\n\t<meta property=\"og:image:height\" content=\"168\" \/>\n\t<meta property=\"og:image:type\" content=\"image\/jpeg\" \/>\n<meta name=\"author\" content=\"sEEd_aDm_wP\" \/>\n<meta name=\"twitter:card\" content=\"summary_large_image\" \/>\n<meta name=\"twitter:label1\" content=\"Scritto da\" \/>\n\t<meta name=\"twitter:data1\" content=\"sEEd_aDm_wP\" \/>\n\t<meta name=\"twitter:label2\" content=\"Tempo di lettura stimato\" \/>\n\t<meta name=\"twitter:data2\" content=\"2 minuti\" \/>\n<script type=\"application\/ld+json\" class=\"yoast-schema-graph\">{\"@context\":\"https:\/\/schema.org\",\"@graph\":[{\"@type\":\"Article\",\"@id\":\"https:\/\/caritas-wp.glauco.it\/caritas-dev\/per-uscire-tutti-dalla-crisi-rapporto-2017-sulle-politiche-contro-la-poverta-in-italia\/#article\",\"isPartOf\":{\"@id\":\"https:\/\/caritas-wp.glauco.it\/caritas-dev\/per-uscire-tutti-dalla-crisi-rapporto-2017-sulle-politiche-contro-la-poverta-in-italia\/\"},\"author\":{\"name\":\"sEEd_aDm_wP\",\"@id\":\"https:\/\/caritas-wp.glauco.it\/caritas-dev\/#\/schema\/person\/3cada41afcce51378e1a7c7a79364e54\"},\"headline\":\"Per uscire tutti dalla crisi &#8211; Rapporto 2017 sulle politiche contro la povert\u00e0 in Italia\",\"datePublished\":\"2017-10-26T06:58:00+00:00\",\"dateModified\":\"2022-09-22T07:48:02+00:00\",\"mainEntityOfPage\":{\"@id\":\"https:\/\/caritas-wp.glauco.it\/caritas-dev\/per-uscire-tutti-dalla-crisi-rapporto-2017-sulle-politiche-contro-la-poverta-in-italia\/\"},\"wordCount\":503,\"publisher\":{\"@id\":\"https:\/\/caritas-wp.glauco.it\/caritas-dev\/#organization\"},\"articleSection\":[\"Libri\",\"Libri 2017\"],\"inLanguage\":\"it-IT\"},{\"@type\":\"WebPage\",\"@id\":\"https:\/\/caritas-wp.glauco.it\/caritas-dev\/per-uscire-tutti-dalla-crisi-rapporto-2017-sulle-politiche-contro-la-poverta-in-italia\/\",\"url\":\"https:\/\/caritas-wp.glauco.it\/caritas-dev\/per-uscire-tutti-dalla-crisi-rapporto-2017-sulle-politiche-contro-la-poverta-in-italia\/\",\"name\":\"Per uscire tutti dalla crisi - Rapporto 2017 sulle politiche contro la povert\u00e0 in Italia - Caritas DEV\",\"isPartOf\":{\"@id\":\"https:\/\/caritas-wp.glauco.it\/caritas-dev\/#website\"},\"datePublished\":\"2017-10-26T06:58:00+00:00\",\"dateModified\":\"2022-09-22T07:48:02+00:00\",\"breadcrumb\":{\"@id\":\"https:\/\/caritas-wp.glauco.it\/caritas-dev\/per-uscire-tutti-dalla-crisi-rapporto-2017-sulle-politiche-contro-la-poverta-in-italia\/#breadcrumb\"},\"inLanguage\":\"it-IT\",\"potentialAction\":[{\"@type\":\"ReadAction\",\"target\":[\"https:\/\/caritas-wp.glauco.it\/caritas-dev\/per-uscire-tutti-dalla-crisi-rapporto-2017-sulle-politiche-contro-la-poverta-in-italia\/\"]}]},{\"@type\":\"BreadcrumbList\",\"@id\":\"https:\/\/caritas-wp.glauco.it\/caritas-dev\/per-uscire-tutti-dalla-crisi-rapporto-2017-sulle-politiche-contro-la-poverta-in-italia\/#breadcrumb\",\"itemListElement\":[{\"@type\":\"ListItem\",\"position\":1,\"name\":\"Home\",\"item\":\"https:\/\/caritas-wp.glauco.it\/caritas-dev\/\"},{\"@type\":\"ListItem\",\"position\":2,\"name\":\"Per uscire tutti dalla crisi &#8211; Rapporto 2017 sulle politiche contro la povert\u00e0 in Italia\"}]},{\"@type\":\"WebSite\",\"@id\":\"https:\/\/caritas-wp.glauco.it\/caritas-dev\/#website\",\"url\":\"https:\/\/caritas-wp.glauco.it\/caritas-dev\/\",\"name\":\"Caritas DEV\",\"description\":\"Organismo Pastorale della CEI\",\"publisher\":{\"@id\":\"https:\/\/caritas-wp.glauco.it\/caritas-dev\/#organization\"},\"potentialAction\":[{\"@type\":\"SearchAction\",\"target\":{\"@type\":\"EntryPoint\",\"urlTemplate\":\"https:\/\/caritas-wp.glauco.it\/caritas-dev\/?s={search_term_string}\"},\"query-input\":\"required name=search_term_string\"}],\"inLanguage\":\"it-IT\"},{\"@type\":\"Organization\",\"@id\":\"https:\/\/caritas-wp.glauco.it\/caritas-dev\/#organization\",\"name\":\"Caritas Italiana\",\"url\":\"https:\/\/caritas-wp.glauco.it\/caritas-dev\/\",\"logo\":{\"@type\":\"ImageObject\",\"inLanguage\":\"it-IT\",\"@id\":\"https:\/\/caritas-wp.glauco.it\/caritas-dev\/#\/schema\/logo\/image\/\",\"url\":\"https:\/\/caritas-wp.glauco.it\/caritas-dev\/wp-content\/uploads\/sites\/7\/2022\/07\/logo_caritas-1.png\",\"contentUrl\":\"https:\/\/caritas-wp.glauco.it\/caritas-dev\/wp-content\/uploads\/sites\/7\/2022\/07\/logo_caritas-1.png\",\"width\":187,\"height\":80,\"caption\":\"Caritas Italiana\"},\"image\":{\"@id\":\"https:\/\/caritas-wp.glauco.it\/caritas-dev\/#\/schema\/logo\/image\/\"}},{\"@type\":\"Person\",\"@id\":\"https:\/\/caritas-wp.glauco.it\/caritas-dev\/#\/schema\/person\/3cada41afcce51378e1a7c7a79364e54\",\"name\":\"sEEd_aDm_wP\",\"sameAs\":[\"https:\/\/caritas-wp.glauco.it\"]}]}<\/script>\n<!-- \/ Yoast SEO plugin. -->","yoast_head_json":{"title":"Per uscire tutti dalla crisi - Rapporto 2017 sulle politiche contro la povert\u00e0 in Italia - Caritas DEV","robots":{"index":"index","follow":"follow","max-snippet":"max-snippet:-1","max-image-preview":"max-image-preview:large","max-video-preview":"max-video-preview:-1"},"canonical":"https:\/\/caritas-wp.glauco.it\/caritas-dev\/per-uscire-tutti-dalla-crisi-rapporto-2017-sulle-politiche-contro-la-poverta-in-italia\/","og_locale":"it_IT","og_type":"article","og_title":"Per uscire tutti dalla crisi - Rapporto 2017 sulle politiche contro la povert\u00e0 in Italia - Caritas DEV","og_description":"A ridosso della discussione della Legge di Bilancio e dell\u0092introduzione \u0096 a partire dal prossimo gennaio &#8211; del Reddito d\u0092inclusione (REI), Caritas Italiana pubblica interamente on-line la quarta edizione del Rapporto sulle politiche contro la povert\u00e0 in Italia, dal titolo &#8220;Per uscire tutti dalla crisi&#8221; (.pdf). Sul versante della lotta alla povert\u00e0 il 2017 \u00e8 [&hellip;]","og_url":"https:\/\/caritas-wp.glauco.it\/caritas-dev\/per-uscire-tutti-dalla-crisi-rapporto-2017-sulle-politiche-contro-la-poverta-in-italia\/","og_site_name":"Caritas DEV","article_published_time":"2017-10-26T06:58:00+00:00","article_modified_time":"2022-09-22T07:48:02+00:00","og_image":[{"width":120,"height":168,"url":"https:\/\/caritas-wp.glauco.it\/caritas-dev\/wp-content\/uploads\/sites\/7\/2022\/09\/Copertina_rapporto_2017_picc.jpg","type":"image\/jpeg"}],"author":"sEEd_aDm_wP","twitter_card":"summary_large_image","twitter_misc":{"Scritto da":"sEEd_aDm_wP","Tempo di lettura stimato":"2 minuti"},"schema":{"@context":"https:\/\/schema.org","@graph":[{"@type":"Article","@id":"https:\/\/caritas-wp.glauco.it\/caritas-dev\/per-uscire-tutti-dalla-crisi-rapporto-2017-sulle-politiche-contro-la-poverta-in-italia\/#article","isPartOf":{"@id":"https:\/\/caritas-wp.glauco.it\/caritas-dev\/per-uscire-tutti-dalla-crisi-rapporto-2017-sulle-politiche-contro-la-poverta-in-italia\/"},"author":{"name":"sEEd_aDm_wP","@id":"https:\/\/caritas-wp.glauco.it\/caritas-dev\/#\/schema\/person\/3cada41afcce51378e1a7c7a79364e54"},"headline":"Per uscire tutti dalla crisi &#8211; Rapporto 2017 sulle politiche contro la povert\u00e0 in Italia","datePublished":"2017-10-26T06:58:00+00:00","dateModified":"2022-09-22T07:48:02+00:00","mainEntityOfPage":{"@id":"https:\/\/caritas-wp.glauco.it\/caritas-dev\/per-uscire-tutti-dalla-crisi-rapporto-2017-sulle-politiche-contro-la-poverta-in-italia\/"},"wordCount":503,"publisher":{"@id":"https:\/\/caritas-wp.glauco.it\/caritas-dev\/#organization"},"articleSection":["Libri","Libri 2017"],"inLanguage":"it-IT"},{"@type":"WebPage","@id":"https:\/\/caritas-wp.glauco.it\/caritas-dev\/per-uscire-tutti-dalla-crisi-rapporto-2017-sulle-politiche-contro-la-poverta-in-italia\/","url":"https:\/\/caritas-wp.glauco.it\/caritas-dev\/per-uscire-tutti-dalla-crisi-rapporto-2017-sulle-politiche-contro-la-poverta-in-italia\/","name":"Per uscire tutti dalla crisi - Rapporto 2017 sulle politiche contro la povert\u00e0 in Italia - Caritas DEV","isPartOf":{"@id":"https:\/\/caritas-wp.glauco.it\/caritas-dev\/#website"},"datePublished":"2017-10-26T06:58:00+00:00","dateModified":"2022-09-22T07:48:02+00:00","breadcrumb":{"@id":"https:\/\/caritas-wp.glauco.it\/caritas-dev\/per-uscire-tutti-dalla-crisi-rapporto-2017-sulle-politiche-contro-la-poverta-in-italia\/#breadcrumb"},"inLanguage":"it-IT","potentialAction":[{"@type":"ReadAction","target":["https:\/\/caritas-wp.glauco.it\/caritas-dev\/per-uscire-tutti-dalla-crisi-rapporto-2017-sulle-politiche-contro-la-poverta-in-italia\/"]}]},{"@type":"BreadcrumbList","@id":"https:\/\/caritas-wp.glauco.it\/caritas-dev\/per-uscire-tutti-dalla-crisi-rapporto-2017-sulle-politiche-contro-la-poverta-in-italia\/#breadcrumb","itemListElement":[{"@type":"ListItem","position":1,"name":"Home","item":"https:\/\/caritas-wp.glauco.it\/caritas-dev\/"},{"@type":"ListItem","position":2,"name":"Per uscire tutti dalla crisi &#8211; Rapporto 2017 sulle politiche contro la povert\u00e0 in Italia"}]},{"@type":"WebSite","@id":"https:\/\/caritas-wp.glauco.it\/caritas-dev\/#website","url":"https:\/\/caritas-wp.glauco.it\/caritas-dev\/","name":"Caritas DEV","description":"Organismo Pastorale della CEI","publisher":{"@id":"https:\/\/caritas-wp.glauco.it\/caritas-dev\/#organization"},"potentialAction":[{"@type":"SearchAction","target":{"@type":"EntryPoint","urlTemplate":"https:\/\/caritas-wp.glauco.it\/caritas-dev\/?s={search_term_string}"},"query-input":"required name=search_term_string"}],"inLanguage":"it-IT"},{"@type":"Organization","@id":"https:\/\/caritas-wp.glauco.it\/caritas-dev\/#organization","name":"Caritas Italiana","url":"https:\/\/caritas-wp.glauco.it\/caritas-dev\/","logo":{"@type":"ImageObject","inLanguage":"it-IT","@id":"https:\/\/caritas-wp.glauco.it\/caritas-dev\/#\/schema\/logo\/image\/","url":"https:\/\/caritas-wp.glauco.it\/caritas-dev\/wp-content\/uploads\/sites\/7\/2022\/07\/logo_caritas-1.png","contentUrl":"https:\/\/caritas-wp.glauco.it\/caritas-dev\/wp-content\/uploads\/sites\/7\/2022\/07\/logo_caritas-1.png","width":187,"height":80,"caption":"Caritas Italiana"},"image":{"@id":"https:\/\/caritas-wp.glauco.it\/caritas-dev\/#\/schema\/logo\/image\/"}},{"@type":"Person","@id":"https:\/\/caritas-wp.glauco.it\/caritas-dev\/#\/schema\/person\/3cada41afcce51378e1a7c7a79364e54","name":"sEEd_aDm_wP","sameAs":["https:\/\/caritas-wp.glauco.it"]}]}},"modified_by":null,"_links":{"self":[{"href":"https:\/\/caritas-wp.glauco.it\/caritas-dev\/wp-json\/wp\/v2\/posts\/2153"}],"collection":[{"href":"https:\/\/caritas-wp.glauco.it\/caritas-dev\/wp-json\/wp\/v2\/posts"}],"about":[{"href":"https:\/\/caritas-wp.glauco.it\/caritas-dev\/wp-json\/wp\/v2\/types\/post"}],"author":[{"embeddable":true,"href":"https:\/\/caritas-wp.glauco.it\/caritas-dev\/wp-json\/wp\/v2\/users\/1"}],"replies":[{"embeddable":true,"href":"https:\/\/caritas-wp.glauco.it\/caritas-dev\/wp-json\/wp\/v2\/comments?post=2153"}],"version-history":[{"count":2,"href":"https:\/\/caritas-wp.glauco.it\/caritas-dev\/wp-json\/wp\/v2\/posts\/2153\/revisions"}],"predecessor-version":[{"id":2210,"href":"https:\/\/caritas-wp.glauco.it\/caritas-dev\/wp-json\/wp\/v2\/posts\/2153\/revisions\/2210"}],"wp:featuredmedia":[{"embeddable":true,"href":"https:\/\/caritas-wp.glauco.it\/caritas-dev\/wp-json\/wp\/v2\/media\/3023"}],"wp:attachment":[{"href":"https:\/\/caritas-wp.glauco.it\/caritas-dev\/wp-json\/wp\/v2\/media?parent=2153"}],"wp:term":[{"taxonomy":"category","embeddable":true,"href":"https:\/\/caritas-wp.glauco.it\/caritas-dev\/wp-json\/wp\/v2\/categories?post=2153"},{"taxonomy":"post_tag","embeddable":true,"href":"https:\/\/caritas-wp.glauco.it\/caritas-dev\/wp-json\/wp\/v2\/tags?post=2153"},{"taxonomy":"canale_per_feed","embeddable":true,"href":"https:\/\/caritas-wp.glauco.it\/caritas-dev\/wp-json\/wp\/v2\/canale_per_feed?post=2153"}],"curies":[{"name":"wp","href":"https:\/\/api.w.org\/{rel}","templated":true}]}}