{"id":2178,"date":"2017-01-09T12:09:00","date_gmt":"2017-01-09T11:09:00","guid":{"rendered":"https:\/\/caritas-wp.glauco.it\/caritas-dev\/futuro-anteriore-rapporto-caritas-2017-su-poverta-giovanili-ed-esclusione-sociale\/"},"modified":"2022-09-22T09:55:19","modified_gmt":"2022-09-22T07:55:19","slug":"futuro-anteriore-rapporto-caritas-2017-su-poverta-giovanili-ed-esclusione-sociale","status":"publish","type":"post","link":"https:\/\/caritas-wp.glauco.it\/caritas-dev\/futuro-anteriore-rapporto-caritas-2017-su-poverta-giovanili-ed-esclusione-sociale\/","title":{"rendered":"Futuro anteriore &#8211; Rapporto Caritas 2017 su povert\u00e0 giovanili ed esclusione sociale"},"content":{"rendered":"<div>\u00c8 stato presentato il\u00a0<strong>17 novembre alle 10:00 a Roma<\/strong> (c\/o <strong>Associazione stampa estera, via dell\u0092Umilt\u00e0 83\/c)<\/strong>, nell&#8217;imminenza della <a href=\"http:\/\/www.caritasitaliana.it\/pls\/caritasitaliana\/V3_S2EW_CONSULTAZIONE.mostra_pagina?id_pagina=7142\" target=\"_blank\" rel=\"noopener\">prima Giornata mondiale dei Poveri del 19 novembre<\/a>, il\u00a0 <strong><a href=\"\/pls\/caritasitaliana\/v3_s2ew_consultazione.redir_allegati_doc?p_id_pagina=7346&#038;p_id_allegato=5385&#038;p_url_rimando=\/caritasitaliana\/allegati\/7346\/Rapporto_Caritas2017_FuturoAnteriore_copertina.pdf\" target=\"_blank\" rel=\"noopener\">&#8220;Rapporto su povert\u00e0 giovanili ed esclusione sociale in Italia&#8221;<\/a>\u00a0<\/strong>(.pdf), realizzato da Caritas Italiana. Nella stessa occasione sono stati presentati i rapporti nazionali di <a href=\"http:\/\/www.caritasmalta.org\/\" target=\"_blank\" rel=\"noopener\">Caritas Malta<\/a> e di <a href=\"http:\/\/www.caritas.pt\/\" target=\"_blank\" rel=\"noopener\">Caritas Portogallo<\/a>.<\/div>\n<div><br >\u00c8 intervenuto:<\/div>\n<ul>\n<li><strong>S.E. Mons. Nunzio Galantino<\/strong>, Segretario Generale CEI<\/li>\n<\/ul>\n<div>Hanno presentato i Rapporti Povert\u00e0 in Europa e in Italia:<\/div>\n<ul>\n<li><a href=\"\/pls\/caritasitaliana\/v3_s2ew_consultazione.redir_allegati_doc?p_id_pagina=7346&#038;p_id_allegato=5381&#038;p_url_rimando=\/caritasitaliana\/allegati\/7346\/Presentazione_Rapporto_Caritas2017_FuturoAnteriore.pdf\" target=\"_blank\" rel=\"noopener\">Italia<\/a>: <strong>Federica De Lauso<\/strong> (Ufficio studi, Caritas Italiana)<\/li>\n<li><a href=\"\/pls\/caritasitaliana\/v3_s2ew_consultazione.redir_allegati_doc?p_id_pagina=7346&#038;p_id_allegato=5379&#038;p_url_rimando=\/caritasitaliana\/allegati\/7346\/Presentazione_Portogallo_17112017.pdf\" target=\"_blank\" rel=\"noopener\">Portogallo<\/a>: <strong>Ana Nunes<\/strong> (Caritas Portogallo)<\/li>\n<li><a href=\"\/pls\/caritasitaliana\/v3_s2ew_consultazione.redir_allegati_doc?p_id_pagina=7346&#038;p_id_allegato=5378&#038;p_url_rimando=\/caritasitaliana\/allegati\/7346\/Presentazione_Malta_17112017.pdf\" target=\"_blank\" rel=\"noopener\">Malta<\/a>: <strong>Andr\u00e9 Bonello<\/strong> (Caritas Malta)<\/li>\n<li><a href=\"\/pls\/caritasitaliana\/v3_s2ew_consultazione.redir_allegati_doc?p_id_pagina=7346&#038;p_id_allegato=5380&#038;p_url_rimando=\/caritasitaliana\/allegati\/7346\/Presentazione_Agrigento_17112017.pdf\" target=\"_blank\" rel=\"noopener\">Agrigento:<\/a><strong> Valerio Landri<\/strong> (direttore Caritas Agrigento)<\/li>\n<\/ul>\n<div>Coordina:<strong> Lucia Ascione<\/strong> (giornalista, TV2000)<\/p>\n<p>\u00c8 inoltre intervenuta\u00a0<strong>Shannon Pfohman<\/strong> (Policy and Advocacy Director, Caritas Europa) sulle politiche dell\u0092Unione Europea a favore dei giovani e di contrasto alla povert\u00e0, con alcune anticipazioni del &#8220;Rapporto Cares 2018&#8221; di\u00a0<a href=\"http:\/\/www.caritas.eu\/\" target=\"_blank\" rel=\"noopener\">Caritas Europa<\/a>.\u00a0<\/div>\n<div>\u00a0<\/div>\n<div>Le <a href=\"\/pls\/caritasitaliana\/v3_s2ew_consultazione.redir_allegati_doc?p_id_pagina=7346&#038;p_id_allegato=5386&#038;p_url_rimando=\/caritasitaliana\/allegati\/7346\/Conclusioni_Soddu_17novembre.pdf\" target=\"_blank\" rel=\"noopener\">riflessioni conclusive<\/a> sono state di <strong>don Francesco Soddu<\/strong>, direttore Caritas Italiana.<\/p>\n<p><img decoding=\"async\" src=\"\/pls\/caritasitaliana\/v3_s2ew_consultazione.redir_allegati_doc?p_id_pagina=7346&#038;p_id_allegato=5363&#038;p_url_rimando=\/caritasitaliana\/allegati\/7346\/Cover-Futuro-Anteriore_web.jpg\" alt=\"\" align=\"right\" >La 16<sup>a<\/sup> edizione del Rapporto povert\u00e0, dal titolo <strong>&#8220;Futuro anteriore&#8221;<\/strong>, si concentra quest\u0092anno sul tema della <strong>povert\u00e0 giovanile in Italia e in Europa<\/strong>. Questa scelta \u00e8 in sintonia con l\u0092attenzione di tutta la Chiesa alle future generazioni, a partire dalla recente <a href=\"http:\/\/www.settimanesociali.it\/\" target=\"_blank\" rel=\"noopener\">48<sup>a<\/sup> Settimana sociale dei Cattolici italiani di Cagliari<\/a>\u00a0(26-29 ottobre) e della prossima <a href=\"http:\/\/www.vatican.va\/roman_curia\/synod\/index_it.htm\" target=\"_blank\" rel=\"noopener\">XV Assemblea Generale Ordinaria del Sinodo dei Vescovi della Chiesa universale<\/a>, che si svolger\u00e0 nel mese di ottobre 2018 e che avr\u00e0 come tema \u00abI giovani, la fede e il discernimento vocazionale\u00bb.<\/p>\n<p>Sulla base di dati pubblici e di fonte Caritas, aggiornati al 2017, vengono presentate le principali aree di criticit\u00e0 della condizione giovanile, nelle sue diverse aree di vulnerabilit\u00e0. \u00c8 inoltre riportato nel testo un panorama delle iniziative Caritas nel settore del disagio giovanile, oltre ad alcune proposte e riflessioni sullo stato delle politiche di contrasto della povert\u00e0 in Italia e in Europa.<\/p>\n<p>La diffusa situazione di vulnerabilit\u00e0 dei giovani emerge con chiarezza anche dal \u0093Cares Report\u0094, il rapporto sulla povert\u00e0 di <a href=\"http:\/\/www.caritas.eu\/\" target=\"_blank\" rel=\"noopener\">Caritas Europa<\/a> che sar\u00e0 presentato nei primi mesi del 2018, e che comprende anche dei report specifici sulle differenti situazioni nazionali.\u00a0<\/div>\n","protected":false},"excerpt":{"rendered":"<p>\u00c8 stato presentato il\u00a017 novembre alle 10:00 a Roma (c\/o Associazione stampa estera, via dell\u0092Umilt\u00e0 83\/c), nell&#8217;imminenza della prima Giornata mondiale dei Poveri del 19 novembre, il\u00a0 &#8220;Rapporto su povert\u00e0 giovanili ed esclusione sociale in Italia&#8221;\u00a0(.pdf), realizzato da Caritas Italiana. Nella stessa occasione sono stati presentati i rapporti nazionali di Caritas Malta e di Caritas [&hellip;]<\/p>\n","protected":false},"author":1,"featured_media":3064,"comment_status":"closed","ping_status":"closed","sticky":false,"template":"","format":"standard","meta":{"_lmt_disableupdate":"no","_lmt_disable":"","footnotes":""},"categories":[11,120],"tags":[],"canale_per_feed":[],"acf":[],"yoast_head":"<!-- This site is optimized with the Yoast SEO plugin v21.4 - https:\/\/yoast.com\/wordpress\/plugins\/seo\/ -->\n<title>Futuro anteriore - Rapporto Caritas 2017 su povert\u00e0 giovanili ed esclusione sociale - Caritas DEV<\/title>\n<meta name=\"robots\" content=\"index, follow, max-snippet:-1, max-image-preview:large, max-video-preview:-1\" \/>\n<link rel=\"canonical\" href=\"https:\/\/caritas-wp.glauco.it\/caritas-dev\/futuro-anteriore-rapporto-caritas-2017-su-poverta-giovanili-ed-esclusione-sociale\/\" \/>\n<meta property=\"og:locale\" content=\"it_IT\" \/>\n<meta property=\"og:type\" content=\"article\" \/>\n<meta property=\"og:title\" content=\"Futuro anteriore - Rapporto Caritas 2017 su povert\u00e0 giovanili ed esclusione sociale - Caritas DEV\" \/>\n<meta property=\"og:description\" content=\"\u00c8 stato presentato il\u00a017 novembre alle 10:00 a Roma (c\/o Associazione stampa estera, via dell\u0092Umilt\u00e0 83\/c), nell&#8217;imminenza della prima Giornata mondiale dei Poveri del 19 novembre, il\u00a0 &#8220;Rapporto su povert\u00e0 giovanili ed esclusione sociale in Italia&#8221;\u00a0(.pdf), realizzato da Caritas Italiana. Nella stessa occasione sono stati presentati i rapporti nazionali di Caritas Malta e di Caritas [&hellip;]\" \/>\n<meta property=\"og:url\" content=\"https:\/\/caritas-wp.glauco.it\/caritas-dev\/futuro-anteriore-rapporto-caritas-2017-su-poverta-giovanili-ed-esclusione-sociale\/\" \/>\n<meta property=\"og:site_name\" content=\"Caritas DEV\" \/>\n<meta property=\"article:published_time\" content=\"2017-01-09T11:09:00+00:00\" \/>\n<meta property=\"article:modified_time\" content=\"2022-09-22T07:55:19+00:00\" \/>\n<meta property=\"og:image\" content=\"https:\/\/caritas-wp.glauco.it\/caritas-dev\/wp-content\/uploads\/sites\/7\/2022\/09\/Cover-Futuro-Anteriore_pagina_libri.jpg\" \/>\n\t<meta property=\"og:image:width\" content=\"120\" \/>\n\t<meta property=\"og:image:height\" content=\"169\" \/>\n\t<meta property=\"og:image:type\" content=\"image\/jpeg\" \/>\n<meta name=\"author\" content=\"sEEd_aDm_wP\" \/>\n<meta name=\"twitter:card\" content=\"summary_large_image\" \/>\n<meta name=\"twitter:label1\" content=\"Scritto da\" \/>\n\t<meta name=\"twitter:data1\" content=\"sEEd_aDm_wP\" \/>\n\t<meta name=\"twitter:label2\" content=\"Tempo di lettura stimato\" \/>\n\t<meta name=\"twitter:data2\" content=\"2 minuti\" \/>\n<script type=\"application\/ld+json\" class=\"yoast-schema-graph\">{\"@context\":\"https:\/\/schema.org\",\"@graph\":[{\"@type\":\"Article\",\"@id\":\"https:\/\/caritas-wp.glauco.it\/caritas-dev\/futuro-anteriore-rapporto-caritas-2017-su-poverta-giovanili-ed-esclusione-sociale\/#article\",\"isPartOf\":{\"@id\":\"https:\/\/caritas-wp.glauco.it\/caritas-dev\/futuro-anteriore-rapporto-caritas-2017-su-poverta-giovanili-ed-esclusione-sociale\/\"},\"author\":{\"name\":\"sEEd_aDm_wP\",\"@id\":\"https:\/\/caritas-wp.glauco.it\/caritas-dev\/#\/schema\/person\/3cada41afcce51378e1a7c7a79364e54\"},\"headline\":\"Futuro anteriore &#8211; Rapporto Caritas 2017 su povert\u00e0 giovanili ed esclusione sociale\",\"datePublished\":\"2017-01-09T11:09:00+00:00\",\"dateModified\":\"2022-09-22T07:55:19+00:00\",\"mainEntityOfPage\":{\"@id\":\"https:\/\/caritas-wp.glauco.it\/caritas-dev\/futuro-anteriore-rapporto-caritas-2017-su-poverta-giovanili-ed-esclusione-sociale\/\"},\"wordCount\":345,\"publisher\":{\"@id\":\"https:\/\/caritas-wp.glauco.it\/caritas-dev\/#organization\"},\"articleSection\":[\"Libri\",\"Libri 2017\"],\"inLanguage\":\"it-IT\"},{\"@type\":\"WebPage\",\"@id\":\"https:\/\/caritas-wp.glauco.it\/caritas-dev\/futuro-anteriore-rapporto-caritas-2017-su-poverta-giovanili-ed-esclusione-sociale\/\",\"url\":\"https:\/\/caritas-wp.glauco.it\/caritas-dev\/futuro-anteriore-rapporto-caritas-2017-su-poverta-giovanili-ed-esclusione-sociale\/\",\"name\":\"Futuro anteriore - Rapporto Caritas 2017 su povert\u00e0 giovanili ed esclusione sociale - Caritas DEV\",\"isPartOf\":{\"@id\":\"https:\/\/caritas-wp.glauco.it\/caritas-dev\/#website\"},\"datePublished\":\"2017-01-09T11:09:00+00:00\",\"dateModified\":\"2022-09-22T07:55:19+00:00\",\"breadcrumb\":{\"@id\":\"https:\/\/caritas-wp.glauco.it\/caritas-dev\/futuro-anteriore-rapporto-caritas-2017-su-poverta-giovanili-ed-esclusione-sociale\/#breadcrumb\"},\"inLanguage\":\"it-IT\",\"potentialAction\":[{\"@type\":\"ReadAction\",\"target\":[\"https:\/\/caritas-wp.glauco.it\/caritas-dev\/futuro-anteriore-rapporto-caritas-2017-su-poverta-giovanili-ed-esclusione-sociale\/\"]}]},{\"@type\":\"BreadcrumbList\",\"@id\":\"https:\/\/caritas-wp.glauco.it\/caritas-dev\/futuro-anteriore-rapporto-caritas-2017-su-poverta-giovanili-ed-esclusione-sociale\/#breadcrumb\",\"itemListElement\":[{\"@type\":\"ListItem\",\"position\":1,\"name\":\"Home\",\"item\":\"https:\/\/caritas-wp.glauco.it\/caritas-dev\/\"},{\"@type\":\"ListItem\",\"position\":2,\"name\":\"Futuro anteriore &#8211; Rapporto Caritas 2017 su povert\u00e0 giovanili ed esclusione sociale\"}]},{\"@type\":\"WebSite\",\"@id\":\"https:\/\/caritas-wp.glauco.it\/caritas-dev\/#website\",\"url\":\"https:\/\/caritas-wp.glauco.it\/caritas-dev\/\",\"name\":\"Caritas DEV\",\"description\":\"Organismo Pastorale della CEI\",\"publisher\":{\"@id\":\"https:\/\/caritas-wp.glauco.it\/caritas-dev\/#organization\"},\"potentialAction\":[{\"@type\":\"SearchAction\",\"target\":{\"@type\":\"EntryPoint\",\"urlTemplate\":\"https:\/\/caritas-wp.glauco.it\/caritas-dev\/?s={search_term_string}\"},\"query-input\":\"required name=search_term_string\"}],\"inLanguage\":\"it-IT\"},{\"@type\":\"Organization\",\"@id\":\"https:\/\/caritas-wp.glauco.it\/caritas-dev\/#organization\",\"name\":\"Caritas Italiana\",\"url\":\"https:\/\/caritas-wp.glauco.it\/caritas-dev\/\",\"logo\":{\"@type\":\"ImageObject\",\"inLanguage\":\"it-IT\",\"@id\":\"https:\/\/caritas-wp.glauco.it\/caritas-dev\/#\/schema\/logo\/image\/\",\"url\":\"https:\/\/caritas-wp.glauco.it\/caritas-dev\/wp-content\/uploads\/sites\/7\/2022\/07\/logo_caritas-1.png\",\"contentUrl\":\"https:\/\/caritas-wp.glauco.it\/caritas-dev\/wp-content\/uploads\/sites\/7\/2022\/07\/logo_caritas-1.png\",\"width\":187,\"height\":80,\"caption\":\"Caritas Italiana\"},\"image\":{\"@id\":\"https:\/\/caritas-wp.glauco.it\/caritas-dev\/#\/schema\/logo\/image\/\"}},{\"@type\":\"Person\",\"@id\":\"https:\/\/caritas-wp.glauco.it\/caritas-dev\/#\/schema\/person\/3cada41afcce51378e1a7c7a79364e54\",\"name\":\"sEEd_aDm_wP\",\"sameAs\":[\"https:\/\/caritas-wp.glauco.it\"]}]}<\/script>\n<!-- \/ Yoast SEO plugin. -->","yoast_head_json":{"title":"Futuro anteriore - Rapporto Caritas 2017 su povert\u00e0 giovanili ed esclusione sociale - Caritas DEV","robots":{"index":"index","follow":"follow","max-snippet":"max-snippet:-1","max-image-preview":"max-image-preview:large","max-video-preview":"max-video-preview:-1"},"canonical":"https:\/\/caritas-wp.glauco.it\/caritas-dev\/futuro-anteriore-rapporto-caritas-2017-su-poverta-giovanili-ed-esclusione-sociale\/","og_locale":"it_IT","og_type":"article","og_title":"Futuro anteriore - Rapporto Caritas 2017 su povert\u00e0 giovanili ed esclusione sociale - Caritas DEV","og_description":"\u00c8 stato presentato il\u00a017 novembre alle 10:00 a Roma (c\/o Associazione stampa estera, via dell\u0092Umilt\u00e0 83\/c), nell&#8217;imminenza della prima Giornata mondiale dei Poveri del 19 novembre, il\u00a0 &#8220;Rapporto su povert\u00e0 giovanili ed esclusione sociale in Italia&#8221;\u00a0(.pdf), realizzato da Caritas Italiana. Nella stessa occasione sono stati presentati i rapporti nazionali di Caritas Malta e di Caritas [&hellip;]","og_url":"https:\/\/caritas-wp.glauco.it\/caritas-dev\/futuro-anteriore-rapporto-caritas-2017-su-poverta-giovanili-ed-esclusione-sociale\/","og_site_name":"Caritas DEV","article_published_time":"2017-01-09T11:09:00+00:00","article_modified_time":"2022-09-22T07:55:19+00:00","og_image":[{"width":120,"height":169,"url":"https:\/\/caritas-wp.glauco.it\/caritas-dev\/wp-content\/uploads\/sites\/7\/2022\/09\/Cover-Futuro-Anteriore_pagina_libri.jpg","type":"image\/jpeg"}],"author":"sEEd_aDm_wP","twitter_card":"summary_large_image","twitter_misc":{"Scritto da":"sEEd_aDm_wP","Tempo di lettura stimato":"2 minuti"},"schema":{"@context":"https:\/\/schema.org","@graph":[{"@type":"Article","@id":"https:\/\/caritas-wp.glauco.it\/caritas-dev\/futuro-anteriore-rapporto-caritas-2017-su-poverta-giovanili-ed-esclusione-sociale\/#article","isPartOf":{"@id":"https:\/\/caritas-wp.glauco.it\/caritas-dev\/futuro-anteriore-rapporto-caritas-2017-su-poverta-giovanili-ed-esclusione-sociale\/"},"author":{"name":"sEEd_aDm_wP","@id":"https:\/\/caritas-wp.glauco.it\/caritas-dev\/#\/schema\/person\/3cada41afcce51378e1a7c7a79364e54"},"headline":"Futuro anteriore &#8211; Rapporto Caritas 2017 su povert\u00e0 giovanili ed esclusione sociale","datePublished":"2017-01-09T11:09:00+00:00","dateModified":"2022-09-22T07:55:19+00:00","mainEntityOfPage":{"@id":"https:\/\/caritas-wp.glauco.it\/caritas-dev\/futuro-anteriore-rapporto-caritas-2017-su-poverta-giovanili-ed-esclusione-sociale\/"},"wordCount":345,"publisher":{"@id":"https:\/\/caritas-wp.glauco.it\/caritas-dev\/#organization"},"articleSection":["Libri","Libri 2017"],"inLanguage":"it-IT"},{"@type":"WebPage","@id":"https:\/\/caritas-wp.glauco.it\/caritas-dev\/futuro-anteriore-rapporto-caritas-2017-su-poverta-giovanili-ed-esclusione-sociale\/","url":"https:\/\/caritas-wp.glauco.it\/caritas-dev\/futuro-anteriore-rapporto-caritas-2017-su-poverta-giovanili-ed-esclusione-sociale\/","name":"Futuro anteriore - Rapporto Caritas 2017 su povert\u00e0 giovanili ed esclusione sociale - Caritas DEV","isPartOf":{"@id":"https:\/\/caritas-wp.glauco.it\/caritas-dev\/#website"},"datePublished":"2017-01-09T11:09:00+00:00","dateModified":"2022-09-22T07:55:19+00:00","breadcrumb":{"@id":"https:\/\/caritas-wp.glauco.it\/caritas-dev\/futuro-anteriore-rapporto-caritas-2017-su-poverta-giovanili-ed-esclusione-sociale\/#breadcrumb"},"inLanguage":"it-IT","potentialAction":[{"@type":"ReadAction","target":["https:\/\/caritas-wp.glauco.it\/caritas-dev\/futuro-anteriore-rapporto-caritas-2017-su-poverta-giovanili-ed-esclusione-sociale\/"]}]},{"@type":"BreadcrumbList","@id":"https:\/\/caritas-wp.glauco.it\/caritas-dev\/futuro-anteriore-rapporto-caritas-2017-su-poverta-giovanili-ed-esclusione-sociale\/#breadcrumb","itemListElement":[{"@type":"ListItem","position":1,"name":"Home","item":"https:\/\/caritas-wp.glauco.it\/caritas-dev\/"},{"@type":"ListItem","position":2,"name":"Futuro anteriore &#8211; Rapporto Caritas 2017 su povert\u00e0 giovanili ed esclusione sociale"}]},{"@type":"WebSite","@id":"https:\/\/caritas-wp.glauco.it\/caritas-dev\/#website","url":"https:\/\/caritas-wp.glauco.it\/caritas-dev\/","name":"Caritas DEV","description":"Organismo Pastorale della CEI","publisher":{"@id":"https:\/\/caritas-wp.glauco.it\/caritas-dev\/#organization"},"potentialAction":[{"@type":"SearchAction","target":{"@type":"EntryPoint","urlTemplate":"https:\/\/caritas-wp.glauco.it\/caritas-dev\/?s={search_term_string}"},"query-input":"required name=search_term_string"}],"inLanguage":"it-IT"},{"@type":"Organization","@id":"https:\/\/caritas-wp.glauco.it\/caritas-dev\/#organization","name":"Caritas Italiana","url":"https:\/\/caritas-wp.glauco.it\/caritas-dev\/","logo":{"@type":"ImageObject","inLanguage":"it-IT","@id":"https:\/\/caritas-wp.glauco.it\/caritas-dev\/#\/schema\/logo\/image\/","url":"https:\/\/caritas-wp.glauco.it\/caritas-dev\/wp-content\/uploads\/sites\/7\/2022\/07\/logo_caritas-1.png","contentUrl":"https:\/\/caritas-wp.glauco.it\/caritas-dev\/wp-content\/uploads\/sites\/7\/2022\/07\/logo_caritas-1.png","width":187,"height":80,"caption":"Caritas Italiana"},"image":{"@id":"https:\/\/caritas-wp.glauco.it\/caritas-dev\/#\/schema\/logo\/image\/"}},{"@type":"Person","@id":"https:\/\/caritas-wp.glauco.it\/caritas-dev\/#\/schema\/person\/3cada41afcce51378e1a7c7a79364e54","name":"sEEd_aDm_wP","sameAs":["https:\/\/caritas-wp.glauco.it"]}]}},"modified_by":null,"_links":{"self":[{"href":"https:\/\/caritas-wp.glauco.it\/caritas-dev\/wp-json\/wp\/v2\/posts\/2178"}],"collection":[{"href":"https:\/\/caritas-wp.glauco.it\/caritas-dev\/wp-json\/wp\/v2\/posts"}],"about":[{"href":"https:\/\/caritas-wp.glauco.it\/caritas-dev\/wp-json\/wp\/v2\/types\/post"}],"author":[{"embeddable":true,"href":"https:\/\/caritas-wp.glauco.it\/caritas-dev\/wp-json\/wp\/v2\/users\/1"}],"replies":[{"embeddable":true,"href":"https:\/\/caritas-wp.glauco.it\/caritas-dev\/wp-json\/wp\/v2\/comments?post=2178"}],"version-history":[{"count":3,"href":"https:\/\/caritas-wp.glauco.it\/caritas-dev\/wp-json\/wp\/v2\/posts\/2178\/revisions"}],"predecessor-version":[{"id":3041,"href":"https:\/\/caritas-wp.glauco.it\/caritas-dev\/wp-json\/wp\/v2\/posts\/2178\/revisions\/3041"}],"wp:featuredmedia":[{"embeddable":true,"href":"https:\/\/caritas-wp.glauco.it\/caritas-dev\/wp-json\/wp\/v2\/media\/3064"}],"wp:attachment":[{"href":"https:\/\/caritas-wp.glauco.it\/caritas-dev\/wp-json\/wp\/v2\/media?parent=2178"}],"wp:term":[{"taxonomy":"category","embeddable":true,"href":"https:\/\/caritas-wp.glauco.it\/caritas-dev\/wp-json\/wp\/v2\/categories?post=2178"},{"taxonomy":"post_tag","embeddable":true,"href":"https:\/\/caritas-wp.glauco.it\/caritas-dev\/wp-json\/wp\/v2\/tags?post=2178"},{"taxonomy":"canale_per_feed","embeddable":true,"href":"https:\/\/caritas-wp.glauco.it\/caritas-dev\/wp-json\/wp\/v2\/canale_per_feed?post=2178"}],"curies":[{"name":"wp","href":"https:\/\/api.w.org\/{rel}","templated":true}]}}