{"id":2276,"date":"2016-07-01T08:51:00","date_gmt":"2016-07-01T06:51:00","guid":{"rendered":"https:\/\/caritas-wp.glauco.it\/caritas-dev\/rapporto-annuale-2015-in-gesu-cristo-il-nuovo-umanesimo\/"},"modified":"2022-09-22T09:48:00","modified_gmt":"2022-09-22T07:48:00","slug":"rapporto-annuale-2015-in-gesu-cristo-il-nuovo-umanesimo","status":"publish","type":"post","link":"https:\/\/caritas-wp.glauco.it\/caritas-dev\/rapporto-annuale-2015-in-gesu-cristo-il-nuovo-umanesimo\/","title":{"rendered":"Rapporto Annuale 2015. In Ges\u00f9 Cristo il nuovo umanesimo"},"content":{"rendered":"<div>\u0093Al di sopra dell\u0092aspetto puramente materiale della vostra attivit\u00e0, deve  emergere la sua  prevalente   funzione pedagogica\u0094. Disse cos\u00ec, <strong>papa Paolo VI<\/strong>, alle Caritas (Italiana e diocesane), il 28 settembre 1972.   Era il primo convegno nazionale delle Caritas diocesane.<\/div>\n<div>\u00a0<\/div>\n<div>Il <strong>2 luglio 2016 ricorrono i 45 anni di presenza di Caritas Italiana<\/strong> nella vita della chiesa e della societ\u00e0   del nostro paese e Papa Francesco, che il 21 aprile ha ricevuto in udienza Caritas Italiana e direttori e   collaboratori delle Caritas diocesane, <a href=\"http:\/\/m.vatican.va\/content\/francescomobile\/it\/speeches\/2016\/april\/documents\/papa-francesco_20160421_caritas-diocesi-italiane.html\" target=\"_blank\" rel=\"noopener\">ha voluto ribadirne ruolo e missione<\/a>.  \u0093La vostra missione educativa, che mira sempre alla comunione nella Chiesa e a un servizio con ampi   orizzonti \u0096 ha detto il Papa &#8211; vi chiede l\u0092impegno di un amore concreto verso ogni essere umano, con   un\u0092opzione preferenziale per i poveri\u0094. \u0093Di fronte alle sfide e alle contraddizioni del nostro tempo \u0096 ha poi aggiunto &#8211; ecco l\u0092obiettivo principale   del vostro essere e del vostro agire: essere stimolo e anima perch\u00e9 la comunit\u00e0 tutta cresca nella carit\u00e0 e   sappia trovare strade sempre nuove per farsi vicina ai pi\u00f9 poveri, capace di leggere e affrontare le   situazioni che opprimono milioni di fratelli \u0096 in Italia, in Europa, nel mondo\u0094.<\/div>\n<div>\u00a0<\/div>\n<div>Proprio su questi temi oltre 600 direttori, animatori e operatori delle 220 Caritas diocesane e di Caritas   Italiana si erano confrontati a Sacrofano, dal 18 al 20 aprile 2016 nel loro <a href=\"http:\/\/www.caritasitaliana.it\/home_page\/area_stampa\/00006316_38__Convegno_nazionale_delle_Caritas_diocesane.html\">38\u00b0 Convegno   nazionale<\/a> &#8220;Misericordiosi come il Padre. \u00abSiate misericordiosi, come il Padre vostro \u00e8 misericordioso\u00bb (Lc   6,36)&#8221;. Un filo che si ricollega direttamente al <strong>Giubileo straordinario indetto da Papa   Francesco<\/strong> perch\u00e9 la misericordia \u00e8 la parola chiave per indicare l\u0092agire di Dio verso di noi e il nostro   aprirci a quanti vivono nelle pi\u00f9 disparate periferie esistenziali.<\/div>\n<div>\u00a0<\/div>\n<div><img loading=\"lazy\" decoding=\"async\" src=\"\/pls\/caritasitaliana\/v3_s2ew_consultazione.redir_allegati_doc?p_id_pagina=6467&#038;p_id_allegato=4440&#038;p_url_rimando=\/caritasitaliana\/allegati\/6467\/Francia2_bordo.jpg\" width=\"250\" height=\"176\" align=\"right\" alt=\"\" >Nel fare memoria dei 45 anni di Caritas Italiana, accanto alle storiche figure di <a href=\"http:\/\/www.caritasitaliana.it\/home_page_archivio\/primo_piano\/00003142_Ciao__don_Giovanni.html\">mons. Giovanni Nervo<\/a>\u00a0e <a href=\"http:\/\/www.caritasitaliana.it\/pls\/caritasitaliana\/V3_S2EW_CONSULTAZIONE.mostra_pagina?id_pagina=5708\">mons. Giuseppe Pasini<\/a>, ricordiamo il <a href=\"http:\/\/www.caritasitaliana.it\/pls\/caritasitaliana\/V3_S2EW_CONSULTAZIONE.mostra_pagina?id_pagina=6381\">Vescovo Presidente Benito Cocchi<\/a> che di recente ha   raggiunto la Casa del Padre, cos\u00ec come <strong>Claudio Francia<\/strong>, che ha accompagnato dall\u0092inizio il cammino di   Caritas Italiana, in particolare curando i Microprogetti di sviluppo.<\/div>\n<div>\u00a0<\/div>\n<div>Sin dai suoi primi passi Caritas Italiana ha infatti utilizzato i <a href=\"\/pls\/caritasitaliana\/v3_s2ew_consultazione.redir_allegati_doc?p_id_pagina=6467&#038;p_id_allegato=4437&#038;p_url_rimando=\/caritasitaliana\/allegati\/6467\/45anni_micro.pdf\" target=\"_blank\" rel=\"noopener\">\u0093microprogetti di sviluppo\u0094<\/a>\u00a0(.pdf) come strumento   di supporto al processo di crescita ed emancipazione di persone e comunit\u00e0, nei cinque continenti. In 45 anni di attivit\u00e0 sono state 1<strong>4.050 le micro realizzazioni in 466 diocesi di 72 Paesi<\/strong> di Africa,   America latina, Asia, Europa dell\u0092Est e Medio Oriente. E il lavoro prosegue nell\u0092anno del Giubileo con la   <a href=\"http:\/\/www.caritasitaliana.it\/pls\/caritasitaliana\/V3_S2EW_CONSULTAZIONE.mostra_pagina?id_pagina=6137\">Campagna Caritas-Missio-Focsiv e le micro giubilari<\/a>.<\/div>\n<div>\u00a0<\/div>\n<div>Ma questo \u00e8 solo un tassello dell\u0092impegno a 360\u00b0 dell\u0092organismo pastorale Caritas. I dati del <a href=\"\/pls\/caritasitaliana\/v3_s2ew_consultazione.redir_allegati_doc?p_id_pagina=6467&#038;p_id_allegato=4443&#038;p_url_rimando=\/caritasitaliana\/allegati\/6467\/rapportoannuale2015_depliant_web.pdf\" target=\"_blank\" rel=\"noopener\">Rapporto   annuale<\/a> (.pdf), riferiti al solo 2015,  possono dare un\u0092idea dell\u0092ampio ventaglio di proposte e progetti   portati avanti da Caritas Italiana, a servizio dell\u0092intera Chiesa e delle realt\u00e0 diocesane.<\/div>\n<div>\u00a0<\/div>\n<div><img loading=\"lazy\" decoding=\"async\" src=\"\/pls\/caritasitaliana\/v3_s2ew_consultazione.redir_allegati_doc?p_id_pagina=6467&#038;p_id_allegato=4439&#038;p_url_rimando=\/caritasitaliana\/allegati\/6467\/Dati_Caritas_2015.jpg\" width=\"900\" height=\"521\" align=\"middle\" alt=\"\" ><\/div>\n","protected":false},"excerpt":{"rendered":"<p>\u0093Al di sopra dell\u0092aspetto puramente materiale della vostra attivit\u00e0, deve emergere la sua prevalente funzione pedagogica\u0094. Disse cos\u00ec, papa Paolo VI, alle Caritas (Italiana e diocesane), il 28 settembre 1972. Era il primo convegno nazionale delle Caritas diocesane. \u00a0 Il 2 luglio 2016 ricorrono i 45 anni di presenza di Caritas Italiana nella vita della [&hellip;]<\/p>\n","protected":false},"author":1,"featured_media":2997,"comment_status":"closed","ping_status":"closed","sticky":false,"template":"","format":"standard","meta":{"_lmt_disableupdate":"","_lmt_disable":"","footnotes":""},"categories":[11,119],"tags":[],"canale_per_feed":[],"acf":[],"yoast_head":"<!-- This site is optimized with the Yoast SEO plugin v21.4 - https:\/\/yoast.com\/wordpress\/plugins\/seo\/ -->\n<title>Rapporto Annuale 2015. In Ges\u00f9 Cristo il nuovo umanesimo - Caritas DEV<\/title>\n<meta name=\"robots\" content=\"index, follow, max-snippet:-1, max-image-preview:large, max-video-preview:-1\" \/>\n<link rel=\"canonical\" href=\"https:\/\/caritas-wp.glauco.it\/caritas-dev\/rapporto-annuale-2015-in-gesu-cristo-il-nuovo-umanesimo\/\" \/>\n<meta property=\"og:locale\" content=\"it_IT\" \/>\n<meta property=\"og:type\" content=\"article\" \/>\n<meta property=\"og:title\" content=\"Rapporto Annuale 2015. In Ges\u00f9 Cristo il nuovo umanesimo - Caritas DEV\" \/>\n<meta property=\"og:description\" content=\"\u0093Al di sopra dell\u0092aspetto puramente materiale della vostra attivit\u00e0, deve emergere la sua prevalente funzione pedagogica\u0094. Disse cos\u00ec, papa Paolo VI, alle Caritas (Italiana e diocesane), il 28 settembre 1972. Era il primo convegno nazionale delle Caritas diocesane. \u00a0 Il 2 luglio 2016 ricorrono i 45 anni di presenza di Caritas Italiana nella vita della [&hellip;]\" \/>\n<meta property=\"og:url\" content=\"https:\/\/caritas-wp.glauco.it\/caritas-dev\/rapporto-annuale-2015-in-gesu-cristo-il-nuovo-umanesimo\/\" \/>\n<meta property=\"og:site_name\" content=\"Caritas DEV\" \/>\n<meta property=\"article:published_time\" content=\"2016-07-01T06:51:00+00:00\" \/>\n<meta property=\"article:modified_time\" content=\"2022-09-22T07:48:00+00:00\" \/>\n<meta property=\"og:image\" content=\"https:\/\/caritas-wp.glauco.it\/caritas-dev\/wp-content\/uploads\/sites\/7\/2022\/09\/Copertina_rapporto_2015_mini.jpg\" \/>\n\t<meta property=\"og:image:width\" content=\"120\" \/>\n\t<meta property=\"og:image:height\" content=\"256\" \/>\n\t<meta property=\"og:image:type\" content=\"image\/jpeg\" \/>\n<meta name=\"author\" content=\"sEEd_aDm_wP\" \/>\n<meta name=\"twitter:card\" content=\"summary_large_image\" \/>\n<meta name=\"twitter:label1\" content=\"Scritto da\" \/>\n\t<meta name=\"twitter:data1\" content=\"sEEd_aDm_wP\" \/>\n\t<meta name=\"twitter:label2\" content=\"Tempo di lettura stimato\" \/>\n\t<meta name=\"twitter:data2\" content=\"2 minuti\" \/>\n<script type=\"application\/ld+json\" class=\"yoast-schema-graph\">{\"@context\":\"https:\/\/schema.org\",\"@graph\":[{\"@type\":\"Article\",\"@id\":\"https:\/\/caritas-wp.glauco.it\/caritas-dev\/rapporto-annuale-2015-in-gesu-cristo-il-nuovo-umanesimo\/#article\",\"isPartOf\":{\"@id\":\"https:\/\/caritas-wp.glauco.it\/caritas-dev\/rapporto-annuale-2015-in-gesu-cristo-il-nuovo-umanesimo\/\"},\"author\":{\"name\":\"sEEd_aDm_wP\",\"@id\":\"https:\/\/caritas-wp.glauco.it\/caritas-dev\/#\/schema\/person\/3cada41afcce51378e1a7c7a79364e54\"},\"headline\":\"Rapporto Annuale 2015. In Ges\u00f9 Cristo il nuovo umanesimo\",\"datePublished\":\"2016-07-01T06:51:00+00:00\",\"dateModified\":\"2022-09-22T07:48:00+00:00\",\"mainEntityOfPage\":{\"@id\":\"https:\/\/caritas-wp.glauco.it\/caritas-dev\/rapporto-annuale-2015-in-gesu-cristo-il-nuovo-umanesimo\/\"},\"wordCount\":452,\"publisher\":{\"@id\":\"https:\/\/caritas-wp.glauco.it\/caritas-dev\/#organization\"},\"articleSection\":[\"Libri\",\"Libri 2016\"],\"inLanguage\":\"it-IT\"},{\"@type\":\"WebPage\",\"@id\":\"https:\/\/caritas-wp.glauco.it\/caritas-dev\/rapporto-annuale-2015-in-gesu-cristo-il-nuovo-umanesimo\/\",\"url\":\"https:\/\/caritas-wp.glauco.it\/caritas-dev\/rapporto-annuale-2015-in-gesu-cristo-il-nuovo-umanesimo\/\",\"name\":\"Rapporto Annuale 2015. In Ges\u00f9 Cristo il nuovo umanesimo - Caritas DEV\",\"isPartOf\":{\"@id\":\"https:\/\/caritas-wp.glauco.it\/caritas-dev\/#website\"},\"datePublished\":\"2016-07-01T06:51:00+00:00\",\"dateModified\":\"2022-09-22T07:48:00+00:00\",\"breadcrumb\":{\"@id\":\"https:\/\/caritas-wp.glauco.it\/caritas-dev\/rapporto-annuale-2015-in-gesu-cristo-il-nuovo-umanesimo\/#breadcrumb\"},\"inLanguage\":\"it-IT\",\"potentialAction\":[{\"@type\":\"ReadAction\",\"target\":[\"https:\/\/caritas-wp.glauco.it\/caritas-dev\/rapporto-annuale-2015-in-gesu-cristo-il-nuovo-umanesimo\/\"]}]},{\"@type\":\"BreadcrumbList\",\"@id\":\"https:\/\/caritas-wp.glauco.it\/caritas-dev\/rapporto-annuale-2015-in-gesu-cristo-il-nuovo-umanesimo\/#breadcrumb\",\"itemListElement\":[{\"@type\":\"ListItem\",\"position\":1,\"name\":\"Home\",\"item\":\"https:\/\/caritas-wp.glauco.it\/caritas-dev\/\"},{\"@type\":\"ListItem\",\"position\":2,\"name\":\"Rapporto Annuale 2015. In Ges\u00f9 Cristo il nuovo umanesimo\"}]},{\"@type\":\"WebSite\",\"@id\":\"https:\/\/caritas-wp.glauco.it\/caritas-dev\/#website\",\"url\":\"https:\/\/caritas-wp.glauco.it\/caritas-dev\/\",\"name\":\"Caritas DEV\",\"description\":\"Organismo Pastorale della CEI\",\"publisher\":{\"@id\":\"https:\/\/caritas-wp.glauco.it\/caritas-dev\/#organization\"},\"potentialAction\":[{\"@type\":\"SearchAction\",\"target\":{\"@type\":\"EntryPoint\",\"urlTemplate\":\"https:\/\/caritas-wp.glauco.it\/caritas-dev\/?s={search_term_string}\"},\"query-input\":\"required name=search_term_string\"}],\"inLanguage\":\"it-IT\"},{\"@type\":\"Organization\",\"@id\":\"https:\/\/caritas-wp.glauco.it\/caritas-dev\/#organization\",\"name\":\"Caritas Italiana\",\"url\":\"https:\/\/caritas-wp.glauco.it\/caritas-dev\/\",\"logo\":{\"@type\":\"ImageObject\",\"inLanguage\":\"it-IT\",\"@id\":\"https:\/\/caritas-wp.glauco.it\/caritas-dev\/#\/schema\/logo\/image\/\",\"url\":\"https:\/\/caritas-wp.glauco.it\/caritas-dev\/wp-content\/uploads\/sites\/7\/2022\/07\/logo_caritas-1.png\",\"contentUrl\":\"https:\/\/caritas-wp.glauco.it\/caritas-dev\/wp-content\/uploads\/sites\/7\/2022\/07\/logo_caritas-1.png\",\"width\":187,\"height\":80,\"caption\":\"Caritas Italiana\"},\"image\":{\"@id\":\"https:\/\/caritas-wp.glauco.it\/caritas-dev\/#\/schema\/logo\/image\/\"}},{\"@type\":\"Person\",\"@id\":\"https:\/\/caritas-wp.glauco.it\/caritas-dev\/#\/schema\/person\/3cada41afcce51378e1a7c7a79364e54\",\"name\":\"sEEd_aDm_wP\",\"sameAs\":[\"https:\/\/caritas-wp.glauco.it\"]}]}<\/script>\n<!-- \/ Yoast SEO plugin. -->","yoast_head_json":{"title":"Rapporto Annuale 2015. In Ges\u00f9 Cristo il nuovo umanesimo - Caritas DEV","robots":{"index":"index","follow":"follow","max-snippet":"max-snippet:-1","max-image-preview":"max-image-preview:large","max-video-preview":"max-video-preview:-1"},"canonical":"https:\/\/caritas-wp.glauco.it\/caritas-dev\/rapporto-annuale-2015-in-gesu-cristo-il-nuovo-umanesimo\/","og_locale":"it_IT","og_type":"article","og_title":"Rapporto Annuale 2015. In Ges\u00f9 Cristo il nuovo umanesimo - Caritas DEV","og_description":"\u0093Al di sopra dell\u0092aspetto puramente materiale della vostra attivit\u00e0, deve emergere la sua prevalente funzione pedagogica\u0094. Disse cos\u00ec, papa Paolo VI, alle Caritas (Italiana e diocesane), il 28 settembre 1972. Era il primo convegno nazionale delle Caritas diocesane. \u00a0 Il 2 luglio 2016 ricorrono i 45 anni di presenza di Caritas Italiana nella vita della [&hellip;]","og_url":"https:\/\/caritas-wp.glauco.it\/caritas-dev\/rapporto-annuale-2015-in-gesu-cristo-il-nuovo-umanesimo\/","og_site_name":"Caritas DEV","article_published_time":"2016-07-01T06:51:00+00:00","article_modified_time":"2022-09-22T07:48:00+00:00","og_image":[{"width":120,"height":256,"url":"https:\/\/caritas-wp.glauco.it\/caritas-dev\/wp-content\/uploads\/sites\/7\/2022\/09\/Copertina_rapporto_2015_mini.jpg","type":"image\/jpeg"}],"author":"sEEd_aDm_wP","twitter_card":"summary_large_image","twitter_misc":{"Scritto da":"sEEd_aDm_wP","Tempo di lettura stimato":"2 minuti"},"schema":{"@context":"https:\/\/schema.org","@graph":[{"@type":"Article","@id":"https:\/\/caritas-wp.glauco.it\/caritas-dev\/rapporto-annuale-2015-in-gesu-cristo-il-nuovo-umanesimo\/#article","isPartOf":{"@id":"https:\/\/caritas-wp.glauco.it\/caritas-dev\/rapporto-annuale-2015-in-gesu-cristo-il-nuovo-umanesimo\/"},"author":{"name":"sEEd_aDm_wP","@id":"https:\/\/caritas-wp.glauco.it\/caritas-dev\/#\/schema\/person\/3cada41afcce51378e1a7c7a79364e54"},"headline":"Rapporto Annuale 2015. In Ges\u00f9 Cristo il nuovo umanesimo","datePublished":"2016-07-01T06:51:00+00:00","dateModified":"2022-09-22T07:48:00+00:00","mainEntityOfPage":{"@id":"https:\/\/caritas-wp.glauco.it\/caritas-dev\/rapporto-annuale-2015-in-gesu-cristo-il-nuovo-umanesimo\/"},"wordCount":452,"publisher":{"@id":"https:\/\/caritas-wp.glauco.it\/caritas-dev\/#organization"},"articleSection":["Libri","Libri 2016"],"inLanguage":"it-IT"},{"@type":"WebPage","@id":"https:\/\/caritas-wp.glauco.it\/caritas-dev\/rapporto-annuale-2015-in-gesu-cristo-il-nuovo-umanesimo\/","url":"https:\/\/caritas-wp.glauco.it\/caritas-dev\/rapporto-annuale-2015-in-gesu-cristo-il-nuovo-umanesimo\/","name":"Rapporto Annuale 2015. In Ges\u00f9 Cristo il nuovo umanesimo - Caritas DEV","isPartOf":{"@id":"https:\/\/caritas-wp.glauco.it\/caritas-dev\/#website"},"datePublished":"2016-07-01T06:51:00+00:00","dateModified":"2022-09-22T07:48:00+00:00","breadcrumb":{"@id":"https:\/\/caritas-wp.glauco.it\/caritas-dev\/rapporto-annuale-2015-in-gesu-cristo-il-nuovo-umanesimo\/#breadcrumb"},"inLanguage":"it-IT","potentialAction":[{"@type":"ReadAction","target":["https:\/\/caritas-wp.glauco.it\/caritas-dev\/rapporto-annuale-2015-in-gesu-cristo-il-nuovo-umanesimo\/"]}]},{"@type":"BreadcrumbList","@id":"https:\/\/caritas-wp.glauco.it\/caritas-dev\/rapporto-annuale-2015-in-gesu-cristo-il-nuovo-umanesimo\/#breadcrumb","itemListElement":[{"@type":"ListItem","position":1,"name":"Home","item":"https:\/\/caritas-wp.glauco.it\/caritas-dev\/"},{"@type":"ListItem","position":2,"name":"Rapporto Annuale 2015. In Ges\u00f9 Cristo il nuovo umanesimo"}]},{"@type":"WebSite","@id":"https:\/\/caritas-wp.glauco.it\/caritas-dev\/#website","url":"https:\/\/caritas-wp.glauco.it\/caritas-dev\/","name":"Caritas DEV","description":"Organismo Pastorale della CEI","publisher":{"@id":"https:\/\/caritas-wp.glauco.it\/caritas-dev\/#organization"},"potentialAction":[{"@type":"SearchAction","target":{"@type":"EntryPoint","urlTemplate":"https:\/\/caritas-wp.glauco.it\/caritas-dev\/?s={search_term_string}"},"query-input":"required name=search_term_string"}],"inLanguage":"it-IT"},{"@type":"Organization","@id":"https:\/\/caritas-wp.glauco.it\/caritas-dev\/#organization","name":"Caritas Italiana","url":"https:\/\/caritas-wp.glauco.it\/caritas-dev\/","logo":{"@type":"ImageObject","inLanguage":"it-IT","@id":"https:\/\/caritas-wp.glauco.it\/caritas-dev\/#\/schema\/logo\/image\/","url":"https:\/\/caritas-wp.glauco.it\/caritas-dev\/wp-content\/uploads\/sites\/7\/2022\/07\/logo_caritas-1.png","contentUrl":"https:\/\/caritas-wp.glauco.it\/caritas-dev\/wp-content\/uploads\/sites\/7\/2022\/07\/logo_caritas-1.png","width":187,"height":80,"caption":"Caritas Italiana"},"image":{"@id":"https:\/\/caritas-wp.glauco.it\/caritas-dev\/#\/schema\/logo\/image\/"}},{"@type":"Person","@id":"https:\/\/caritas-wp.glauco.it\/caritas-dev\/#\/schema\/person\/3cada41afcce51378e1a7c7a79364e54","name":"sEEd_aDm_wP","sameAs":["https:\/\/caritas-wp.glauco.it"]}]}},"modified_by":null,"_links":{"self":[{"href":"https:\/\/caritas-wp.glauco.it\/caritas-dev\/wp-json\/wp\/v2\/posts\/2276"}],"collection":[{"href":"https:\/\/caritas-wp.glauco.it\/caritas-dev\/wp-json\/wp\/v2\/posts"}],"about":[{"href":"https:\/\/caritas-wp.glauco.it\/caritas-dev\/wp-json\/wp\/v2\/types\/post"}],"author":[{"embeddable":true,"href":"https:\/\/caritas-wp.glauco.it\/caritas-dev\/wp-json\/wp\/v2\/users\/1"}],"replies":[{"embeddable":true,"href":"https:\/\/caritas-wp.glauco.it\/caritas-dev\/wp-json\/wp\/v2\/comments?post=2276"}],"version-history":[{"count":1,"href":"https:\/\/caritas-wp.glauco.it\/caritas-dev\/wp-json\/wp\/v2\/posts\/2276\/revisions"}],"predecessor-version":[{"id":2287,"href":"https:\/\/caritas-wp.glauco.it\/caritas-dev\/wp-json\/wp\/v2\/posts\/2276\/revisions\/2287"}],"wp:featuredmedia":[{"embeddable":true,"href":"https:\/\/caritas-wp.glauco.it\/caritas-dev\/wp-json\/wp\/v2\/media\/2997"}],"wp:attachment":[{"href":"https:\/\/caritas-wp.glauco.it\/caritas-dev\/wp-json\/wp\/v2\/media?parent=2276"}],"wp:term":[{"taxonomy":"category","embeddable":true,"href":"https:\/\/caritas-wp.glauco.it\/caritas-dev\/wp-json\/wp\/v2\/categories?post=2276"},{"taxonomy":"post_tag","embeddable":true,"href":"https:\/\/caritas-wp.glauco.it\/caritas-dev\/wp-json\/wp\/v2\/tags?post=2276"},{"taxonomy":"canale_per_feed","embeddable":true,"href":"https:\/\/caritas-wp.glauco.it\/caritas-dev\/wp-json\/wp\/v2\/canale_per_feed?post=2276"}],"curies":[{"name":"wp","href":"https:\/\/api.w.org\/{rel}","templated":true}]}}