{"id":2302,"date":"2016-10-06T08:28:00","date_gmt":"2016-10-06T06:28:00","guid":{"rendered":"https:\/\/caritas-wp.glauco.it\/caritas-dev\/non-fermiamo-la-riforma-rapporto-2016-sulle-politiche-contro-la-poverta-in-italia\/"},"modified":"2022-09-22T09:48:01","modified_gmt":"2022-09-22T07:48:01","slug":"non-fermiamo-la-riforma-rapporto-2016-sulle-politiche-contro-la-poverta-in-italia","status":"publish","type":"post","link":"https:\/\/caritas-wp.glauco.it\/caritas-dev\/non-fermiamo-la-riforma-rapporto-2016-sulle-politiche-contro-la-poverta-in-italia\/","title":{"rendered":"Non fermiamo la riforma &#8211; Rapporto 2016 sulle politiche contro la povert\u00e0 in Italia"},"content":{"rendered":"<div>Nelle prossime settimane si dovrebbe concludere il percorso di approvazione del <a href=\"http:\/\/www.governo.it\/sites\/governo.it\/files\/testo_15.pdf\" target=\"_blank\" rel=\"noopener\">&#8220;Disegno di legge delega in materia di contrasto alla povert\u00e0&#8221; <\/a>(.pdf) e dovrebbero essere prese dal Governo decisioni in merito al Piano nazionale contro la povert\u00e0 e agli stanziamenti da rendere disponibili nella nuova Legge di Bilancio.   L\u0092insieme di questi atti definir\u00e0 la strategia del Governo per il contrasto alla povert\u00e0 in Italia nei prossimi anni. In vista di questi importanti appuntamenti, Caritas Italiana che aderisce alla &#8220;<a href=\"http:\/\/www.redditoinclusione.it\/il-patto-aperto-contro-la-poverta\/presentazione-alleanza\/\" target=\"_blank\" rel=\"noopener\">Alleanza contro la Povert\u00e0<\/a>&#8220;, pubblica per il terzo anno consecutivo un <strong>&#8220;Rapporto sulle politiche contro la povert\u00e0 in Italia&#8221; <\/strong>dal titolo <strong>\u0093<a href=\"http:\/\/s2ew.caritasitaliana.it\/materiali\/\/Pubblicazioni\/libri_2016\/nonfermiamolariforma_ottobre2016.pdf\" target=\"_blank\" rel=\"noopener\">Non fermiamo la riforma<\/a>\u0094 <\/strong>(.pdf).<\/div>\n<div><span style=\"font-size: 12px;\">\u00a0<\/span><\/div>\n<div>\u00abIl Governo &#8211; si legge in questa edizione 2016, <a href=\"http:\/\/s2ew.caritasitaliana.it\/materiali\/Pubblicazioni\/libri_2016\/sintesi_nonfermiamolariforma.pdf\" target=\"_blank\" rel=\"noopener\">di cui \u00e8 disponibile anche una sintesi<\/a> (.pdf) &#8211; ha avuto l\u0092indubbio merito di \u0093scardinare\u0094 lo storico disinteresse della politica italiana nei confronti della povert\u00e0, ma <strong>ora \u00e8 il tempo delle scelte concrete<\/strong>. Occorre affrontare la sfida di un progetto di welfare dedicato ai pi\u00f9 deboli, del percorso per realizzarlo e di come ci immaginiamo le politiche sociali del nostro Paese ora e negli anni a venire\u00bb.  L\u0092Italia infatti \u00e8 il solo Paese in Europa, insieme alla Grecia (che per\u00f2 ha allo studio una misura proprio di contrasto alla povert\u00e0 assoluta, il KEA), privo di una misura nazionale universalistica \u0096 destinata cio\u00e8 a chiunque si trovi in tale condizione \u0096 contro la povert\u00e0 assoluta, ossia l\u0092indigenza vera e propria, dovuta alla mancanza delle risorse economiche necessarie per conseguire uno standard di vita definito dall\u0092ISTAT \u0093minimamente accettabile\u0094 (legato ad alimentazione, abitazione, vestiario, trasporti e cos\u00ec via). <strong>Povert\u00e0 assoluta che negli ultimi anni, coincidenti in larga parte con quelli della crisi economica,  <a href=\"http:\/\/www.redditoinclusione.it\/dati-istat-su-poverta-in-italia-nel-2015\/\" target=\"_blank\" rel=\"noopener\">\u00e8 aumentata sino ad esplodere<\/a>.<\/strong> Le persone coinvolte sono salite da 1,8 milioni del 2007 (pari al 3,1% del totale) a 4,6 milioni del 2015 (il 7,6%).<\/div>\n<div>\u00a0<\/div>\n<div>Per far fronte a tutto questo nel documento, con il supporto di studiosi come <strong>Cristiano Gori<\/strong>, dell\u0092Universit\u00e0 di Trento che \u00e8 responsabile scientifico del Rapporto, <strong>Alessandro Martelli<\/strong> dell\u0092Universit\u00e0 di Bologna, <strong>Lorenzo Lusignoli <\/strong>del Dipartimento Politiche Sociali della Cisl e <strong>Chiara Agostini <\/strong>di Percorsi di Secondo welfare, <strong>si chiede un Piano pluriennale<\/strong>, connotato dalle caratteristiche suggerite dall\u0092&#8221;Alleanza contro la povert\u00e0&#8221;, che incrementi progressivamente le risorse, e quindi l\u0092utenza, <strong>arrivando nel 2020 a stanziare i 7 miliardi necessari per rivolgersi al totale della popolazione povera<\/strong>.<\/div>\n<div>\u00a0<\/div>\n<div><img loading=\"lazy\" decoding=\"async\" src=\"\/pls\/caritasitaliana\/v3_s2ew_consultazione.redir_allegati_doc?p_id_pagina=6606&#038;p_id_allegato=4623&#038;p_url_rimando=\/caritasitaliana\/allegati\/6606\/schema_piano.jpg\" width=\"800\" height=\"204\" alt=\"\" ><\/div>\n<div>\u00a0<\/div>\n<div>Un Piano pluriennale di contrasto alla povert\u00e0 \u00e8 l&#8217;unica strada percorribile perch\u00e8:<\/div>\n<div>1. per costruire un cambiamento ambizioso nei territori ci vuole tempo;<\/div>\n<div>2. per progettare un cambiamento ambizioso a livello locale servono certezze sul futuro;<\/div>\n<div>3. per evitare tensioni sociali bisogna dichiarare all\u0092inizio i passi successivi nell\u0092ampliamento dell\u0092utenza;<\/div>\n<div>4. per trasformare le inevitabili difficolt\u00e0 realizzative in un\u0092opportunit\u00e0 per migliorare le risposte;<\/div>\n<div>5. per diluire il necessario incremento di spesa nel tempo e renderlo pi\u00f9 sostenibile dal bilancio pubblico.<\/div>\n<div>\u00a0<\/div>\n<div>Bisogna evitare la tentazione di pensare che il nodo principale consista nell\u0092ammontare degli stanziamenti aggiuntivi per il prossimo anno. Concentrare lo sguardo solo sulle risorse previste dalla Legge di bilancio per il 2017 rappresenterebbe, infatti, un errore che svilirebbe la portata di ci\u00f2 che si decider\u00e0 e delle sue implicazioni per i poveri del nostro Paese. L\u0092interrogativo sul quale crediamo bisognerebbe confrontarsi nelle prossime settimane non \u00e8 \u0093quanti soldi in pi\u00f9 ci saranno nel 2017? \u0094 bens\u00ec \u0093quale progetto vogliamo costruire per un nuovo welfare rivolto ai poveri?\u0094.<\/div>\n<div>\u00a0<\/div>\n<div>Il Rapporto sulle politiche contro la povert\u00e0 si collega al Rapporto sulla povert\u00e0 e l&#8217;esclusione sociale\u00a0<strong>che sar\u00e0 presentato sempre on-line luned\u00ec 17 ottobre prossimo<\/strong>, in concomitanza con la Giornata internazionale contro la Povert\u00e0.<\/div>\n<\/div>\n<div>\u00a0<\/div>\n<div>\u00a0<\/div>\n","protected":false},"excerpt":{"rendered":"<p>Nelle prossime settimane si dovrebbe concludere il percorso di approvazione del &#8220;Disegno di legge delega in materia di contrasto alla povert\u00e0&#8221; (.pdf) e dovrebbero essere prese dal Governo decisioni in merito al Piano nazionale contro la povert\u00e0 e agli stanziamenti da rendere disponibili nella nuova Legge di Bilancio. L\u0092insieme di questi atti definir\u00e0 la strategia [&hellip;]<\/p>\n","protected":false},"author":1,"featured_media":3013,"comment_status":"closed","ping_status":"closed","sticky":false,"template":"","format":"standard","meta":{"_lmt_disableupdate":"","_lmt_disable":"","footnotes":""},"categories":[11,119],"tags":[],"canale_per_feed":[],"acf":[],"yoast_head":"<!-- This site is optimized with the Yoast SEO plugin v21.4 - https:\/\/yoast.com\/wordpress\/plugins\/seo\/ -->\n<title>Non fermiamo la riforma - Rapporto 2016 sulle politiche contro la povert\u00e0 in Italia - Caritas DEV<\/title>\n<meta name=\"robots\" content=\"index, follow, max-snippet:-1, max-image-preview:large, max-video-preview:-1\" \/>\n<link rel=\"canonical\" href=\"https:\/\/caritas-wp.glauco.it\/caritas-dev\/non-fermiamo-la-riforma-rapporto-2016-sulle-politiche-contro-la-poverta-in-italia\/\" \/>\n<meta property=\"og:locale\" content=\"it_IT\" \/>\n<meta property=\"og:type\" content=\"article\" \/>\n<meta property=\"og:title\" content=\"Non fermiamo la riforma - Rapporto 2016 sulle politiche contro la povert\u00e0 in Italia - Caritas DEV\" \/>\n<meta property=\"og:description\" content=\"Nelle prossime settimane si dovrebbe concludere il percorso di approvazione del &#8220;Disegno di legge delega in materia di contrasto alla povert\u00e0&#8221; (.pdf) e dovrebbero essere prese dal Governo decisioni in merito al Piano nazionale contro la povert\u00e0 e agli stanziamenti da rendere disponibili nella nuova Legge di Bilancio. L\u0092insieme di questi atti definir\u00e0 la strategia [&hellip;]\" \/>\n<meta property=\"og:url\" content=\"https:\/\/caritas-wp.glauco.it\/caritas-dev\/non-fermiamo-la-riforma-rapporto-2016-sulle-politiche-contro-la-poverta-in-italia\/\" \/>\n<meta property=\"og:site_name\" content=\"Caritas DEV\" \/>\n<meta property=\"article:published_time\" content=\"2016-10-06T06:28:00+00:00\" \/>\n<meta property=\"article:modified_time\" content=\"2022-09-22T07:48:01+00:00\" \/>\n<meta property=\"og:image\" content=\"https:\/\/caritas-wp.glauco.it\/caritas-dev\/wp-content\/uploads\/sites\/7\/2022\/09\/Copertina_politiche_2016_mini.jpg\" \/>\n\t<meta property=\"og:image:width\" content=\"120\" \/>\n\t<meta property=\"og:image:height\" content=\"169\" \/>\n\t<meta property=\"og:image:type\" content=\"image\/jpeg\" \/>\n<meta name=\"author\" content=\"sEEd_aDm_wP\" \/>\n<meta name=\"twitter:card\" content=\"summary_large_image\" \/>\n<meta name=\"twitter:label1\" content=\"Scritto da\" \/>\n\t<meta name=\"twitter:data1\" content=\"sEEd_aDm_wP\" \/>\n\t<meta name=\"twitter:label2\" content=\"Tempo di lettura stimato\" \/>\n\t<meta name=\"twitter:data2\" content=\"3 minuti\" \/>\n<script type=\"application\/ld+json\" class=\"yoast-schema-graph\">{\"@context\":\"https:\/\/schema.org\",\"@graph\":[{\"@type\":\"Article\",\"@id\":\"https:\/\/caritas-wp.glauco.it\/caritas-dev\/non-fermiamo-la-riforma-rapporto-2016-sulle-politiche-contro-la-poverta-in-italia\/#article\",\"isPartOf\":{\"@id\":\"https:\/\/caritas-wp.glauco.it\/caritas-dev\/non-fermiamo-la-riforma-rapporto-2016-sulle-politiche-contro-la-poverta-in-italia\/\"},\"author\":{\"name\":\"sEEd_aDm_wP\",\"@id\":\"https:\/\/caritas-wp.glauco.it\/caritas-dev\/#\/schema\/person\/3cada41afcce51378e1a7c7a79364e54\"},\"headline\":\"Non fermiamo la riforma &#8211; Rapporto 2016 sulle politiche contro la povert\u00e0 in Italia\",\"datePublished\":\"2016-10-06T06:28:00+00:00\",\"dateModified\":\"2022-09-22T07:48:01+00:00\",\"mainEntityOfPage\":{\"@id\":\"https:\/\/caritas-wp.glauco.it\/caritas-dev\/non-fermiamo-la-riforma-rapporto-2016-sulle-politiche-contro-la-poverta-in-italia\/\"},\"wordCount\":585,\"publisher\":{\"@id\":\"https:\/\/caritas-wp.glauco.it\/caritas-dev\/#organization\"},\"articleSection\":[\"Libri\",\"Libri 2016\"],\"inLanguage\":\"it-IT\"},{\"@type\":\"WebPage\",\"@id\":\"https:\/\/caritas-wp.glauco.it\/caritas-dev\/non-fermiamo-la-riforma-rapporto-2016-sulle-politiche-contro-la-poverta-in-italia\/\",\"url\":\"https:\/\/caritas-wp.glauco.it\/caritas-dev\/non-fermiamo-la-riforma-rapporto-2016-sulle-politiche-contro-la-poverta-in-italia\/\",\"name\":\"Non fermiamo la riforma - Rapporto 2016 sulle politiche contro la povert\u00e0 in Italia - Caritas DEV\",\"isPartOf\":{\"@id\":\"https:\/\/caritas-wp.glauco.it\/caritas-dev\/#website\"},\"datePublished\":\"2016-10-06T06:28:00+00:00\",\"dateModified\":\"2022-09-22T07:48:01+00:00\",\"breadcrumb\":{\"@id\":\"https:\/\/caritas-wp.glauco.it\/caritas-dev\/non-fermiamo-la-riforma-rapporto-2016-sulle-politiche-contro-la-poverta-in-italia\/#breadcrumb\"},\"inLanguage\":\"it-IT\",\"potentialAction\":[{\"@type\":\"ReadAction\",\"target\":[\"https:\/\/caritas-wp.glauco.it\/caritas-dev\/non-fermiamo-la-riforma-rapporto-2016-sulle-politiche-contro-la-poverta-in-italia\/\"]}]},{\"@type\":\"BreadcrumbList\",\"@id\":\"https:\/\/caritas-wp.glauco.it\/caritas-dev\/non-fermiamo-la-riforma-rapporto-2016-sulle-politiche-contro-la-poverta-in-italia\/#breadcrumb\",\"itemListElement\":[{\"@type\":\"ListItem\",\"position\":1,\"name\":\"Home\",\"item\":\"https:\/\/caritas-wp.glauco.it\/caritas-dev\/\"},{\"@type\":\"ListItem\",\"position\":2,\"name\":\"Non fermiamo la riforma &#8211; Rapporto 2016 sulle politiche contro la povert\u00e0 in Italia\"}]},{\"@type\":\"WebSite\",\"@id\":\"https:\/\/caritas-wp.glauco.it\/caritas-dev\/#website\",\"url\":\"https:\/\/caritas-wp.glauco.it\/caritas-dev\/\",\"name\":\"Caritas DEV\",\"description\":\"Organismo Pastorale della CEI\",\"publisher\":{\"@id\":\"https:\/\/caritas-wp.glauco.it\/caritas-dev\/#organization\"},\"potentialAction\":[{\"@type\":\"SearchAction\",\"target\":{\"@type\":\"EntryPoint\",\"urlTemplate\":\"https:\/\/caritas-wp.glauco.it\/caritas-dev\/?s={search_term_string}\"},\"query-input\":\"required name=search_term_string\"}],\"inLanguage\":\"it-IT\"},{\"@type\":\"Organization\",\"@id\":\"https:\/\/caritas-wp.glauco.it\/caritas-dev\/#organization\",\"name\":\"Caritas Italiana\",\"url\":\"https:\/\/caritas-wp.glauco.it\/caritas-dev\/\",\"logo\":{\"@type\":\"ImageObject\",\"inLanguage\":\"it-IT\",\"@id\":\"https:\/\/caritas-wp.glauco.it\/caritas-dev\/#\/schema\/logo\/image\/\",\"url\":\"https:\/\/caritas-wp.glauco.it\/caritas-dev\/wp-content\/uploads\/sites\/7\/2022\/07\/logo_caritas-1.png\",\"contentUrl\":\"https:\/\/caritas-wp.glauco.it\/caritas-dev\/wp-content\/uploads\/sites\/7\/2022\/07\/logo_caritas-1.png\",\"width\":187,\"height\":80,\"caption\":\"Caritas Italiana\"},\"image\":{\"@id\":\"https:\/\/caritas-wp.glauco.it\/caritas-dev\/#\/schema\/logo\/image\/\"}},{\"@type\":\"Person\",\"@id\":\"https:\/\/caritas-wp.glauco.it\/caritas-dev\/#\/schema\/person\/3cada41afcce51378e1a7c7a79364e54\",\"name\":\"sEEd_aDm_wP\",\"sameAs\":[\"https:\/\/caritas-wp.glauco.it\"]}]}<\/script>\n<!-- \/ Yoast SEO plugin. -->","yoast_head_json":{"title":"Non fermiamo la riforma - Rapporto 2016 sulle politiche contro la povert\u00e0 in Italia - Caritas DEV","robots":{"index":"index","follow":"follow","max-snippet":"max-snippet:-1","max-image-preview":"max-image-preview:large","max-video-preview":"max-video-preview:-1"},"canonical":"https:\/\/caritas-wp.glauco.it\/caritas-dev\/non-fermiamo-la-riforma-rapporto-2016-sulle-politiche-contro-la-poverta-in-italia\/","og_locale":"it_IT","og_type":"article","og_title":"Non fermiamo la riforma - Rapporto 2016 sulle politiche contro la povert\u00e0 in Italia - Caritas DEV","og_description":"Nelle prossime settimane si dovrebbe concludere il percorso di approvazione del &#8220;Disegno di legge delega in materia di contrasto alla povert\u00e0&#8221; (.pdf) e dovrebbero essere prese dal Governo decisioni in merito al Piano nazionale contro la povert\u00e0 e agli stanziamenti da rendere disponibili nella nuova Legge di Bilancio. L\u0092insieme di questi atti definir\u00e0 la strategia [&hellip;]","og_url":"https:\/\/caritas-wp.glauco.it\/caritas-dev\/non-fermiamo-la-riforma-rapporto-2016-sulle-politiche-contro-la-poverta-in-italia\/","og_site_name":"Caritas DEV","article_published_time":"2016-10-06T06:28:00+00:00","article_modified_time":"2022-09-22T07:48:01+00:00","og_image":[{"width":120,"height":169,"url":"https:\/\/caritas-wp.glauco.it\/caritas-dev\/wp-content\/uploads\/sites\/7\/2022\/09\/Copertina_politiche_2016_mini.jpg","type":"image\/jpeg"}],"author":"sEEd_aDm_wP","twitter_card":"summary_large_image","twitter_misc":{"Scritto da":"sEEd_aDm_wP","Tempo di lettura stimato":"3 minuti"},"schema":{"@context":"https:\/\/schema.org","@graph":[{"@type":"Article","@id":"https:\/\/caritas-wp.glauco.it\/caritas-dev\/non-fermiamo-la-riforma-rapporto-2016-sulle-politiche-contro-la-poverta-in-italia\/#article","isPartOf":{"@id":"https:\/\/caritas-wp.glauco.it\/caritas-dev\/non-fermiamo-la-riforma-rapporto-2016-sulle-politiche-contro-la-poverta-in-italia\/"},"author":{"name":"sEEd_aDm_wP","@id":"https:\/\/caritas-wp.glauco.it\/caritas-dev\/#\/schema\/person\/3cada41afcce51378e1a7c7a79364e54"},"headline":"Non fermiamo la riforma &#8211; Rapporto 2016 sulle politiche contro la povert\u00e0 in Italia","datePublished":"2016-10-06T06:28:00+00:00","dateModified":"2022-09-22T07:48:01+00:00","mainEntityOfPage":{"@id":"https:\/\/caritas-wp.glauco.it\/caritas-dev\/non-fermiamo-la-riforma-rapporto-2016-sulle-politiche-contro-la-poverta-in-italia\/"},"wordCount":585,"publisher":{"@id":"https:\/\/caritas-wp.glauco.it\/caritas-dev\/#organization"},"articleSection":["Libri","Libri 2016"],"inLanguage":"it-IT"},{"@type":"WebPage","@id":"https:\/\/caritas-wp.glauco.it\/caritas-dev\/non-fermiamo-la-riforma-rapporto-2016-sulle-politiche-contro-la-poverta-in-italia\/","url":"https:\/\/caritas-wp.glauco.it\/caritas-dev\/non-fermiamo-la-riforma-rapporto-2016-sulle-politiche-contro-la-poverta-in-italia\/","name":"Non fermiamo la riforma - Rapporto 2016 sulle politiche contro la povert\u00e0 in Italia - Caritas DEV","isPartOf":{"@id":"https:\/\/caritas-wp.glauco.it\/caritas-dev\/#website"},"datePublished":"2016-10-06T06:28:00+00:00","dateModified":"2022-09-22T07:48:01+00:00","breadcrumb":{"@id":"https:\/\/caritas-wp.glauco.it\/caritas-dev\/non-fermiamo-la-riforma-rapporto-2016-sulle-politiche-contro-la-poverta-in-italia\/#breadcrumb"},"inLanguage":"it-IT","potentialAction":[{"@type":"ReadAction","target":["https:\/\/caritas-wp.glauco.it\/caritas-dev\/non-fermiamo-la-riforma-rapporto-2016-sulle-politiche-contro-la-poverta-in-italia\/"]}]},{"@type":"BreadcrumbList","@id":"https:\/\/caritas-wp.glauco.it\/caritas-dev\/non-fermiamo-la-riforma-rapporto-2016-sulle-politiche-contro-la-poverta-in-italia\/#breadcrumb","itemListElement":[{"@type":"ListItem","position":1,"name":"Home","item":"https:\/\/caritas-wp.glauco.it\/caritas-dev\/"},{"@type":"ListItem","position":2,"name":"Non fermiamo la riforma &#8211; Rapporto 2016 sulle politiche contro la povert\u00e0 in Italia"}]},{"@type":"WebSite","@id":"https:\/\/caritas-wp.glauco.it\/caritas-dev\/#website","url":"https:\/\/caritas-wp.glauco.it\/caritas-dev\/","name":"Caritas DEV","description":"Organismo Pastorale della CEI","publisher":{"@id":"https:\/\/caritas-wp.glauco.it\/caritas-dev\/#organization"},"potentialAction":[{"@type":"SearchAction","target":{"@type":"EntryPoint","urlTemplate":"https:\/\/caritas-wp.glauco.it\/caritas-dev\/?s={search_term_string}"},"query-input":"required name=search_term_string"}],"inLanguage":"it-IT"},{"@type":"Organization","@id":"https:\/\/caritas-wp.glauco.it\/caritas-dev\/#organization","name":"Caritas Italiana","url":"https:\/\/caritas-wp.glauco.it\/caritas-dev\/","logo":{"@type":"ImageObject","inLanguage":"it-IT","@id":"https:\/\/caritas-wp.glauco.it\/caritas-dev\/#\/schema\/logo\/image\/","url":"https:\/\/caritas-wp.glauco.it\/caritas-dev\/wp-content\/uploads\/sites\/7\/2022\/07\/logo_caritas-1.png","contentUrl":"https:\/\/caritas-wp.glauco.it\/caritas-dev\/wp-content\/uploads\/sites\/7\/2022\/07\/logo_caritas-1.png","width":187,"height":80,"caption":"Caritas Italiana"},"image":{"@id":"https:\/\/caritas-wp.glauco.it\/caritas-dev\/#\/schema\/logo\/image\/"}},{"@type":"Person","@id":"https:\/\/caritas-wp.glauco.it\/caritas-dev\/#\/schema\/person\/3cada41afcce51378e1a7c7a79364e54","name":"sEEd_aDm_wP","sameAs":["https:\/\/caritas-wp.glauco.it"]}]}},"modified_by":null,"_links":{"self":[{"href":"https:\/\/caritas-wp.glauco.it\/caritas-dev\/wp-json\/wp\/v2\/posts\/2302"}],"collection":[{"href":"https:\/\/caritas-wp.glauco.it\/caritas-dev\/wp-json\/wp\/v2\/posts"}],"about":[{"href":"https:\/\/caritas-wp.glauco.it\/caritas-dev\/wp-json\/wp\/v2\/types\/post"}],"author":[{"embeddable":true,"href":"https:\/\/caritas-wp.glauco.it\/caritas-dev\/wp-json\/wp\/v2\/users\/1"}],"replies":[{"embeddable":true,"href":"https:\/\/caritas-wp.glauco.it\/caritas-dev\/wp-json\/wp\/v2\/comments?post=2302"}],"version-history":[{"count":1,"href":"https:\/\/caritas-wp.glauco.it\/caritas-dev\/wp-json\/wp\/v2\/posts\/2302\/revisions"}],"predecessor-version":[{"id":2307,"href":"https:\/\/caritas-wp.glauco.it\/caritas-dev\/wp-json\/wp\/v2\/posts\/2302\/revisions\/2307"}],"wp:featuredmedia":[{"embeddable":true,"href":"https:\/\/caritas-wp.glauco.it\/caritas-dev\/wp-json\/wp\/v2\/media\/3013"}],"wp:attachment":[{"href":"https:\/\/caritas-wp.glauco.it\/caritas-dev\/wp-json\/wp\/v2\/media?parent=2302"}],"wp:term":[{"taxonomy":"category","embeddable":true,"href":"https:\/\/caritas-wp.glauco.it\/caritas-dev\/wp-json\/wp\/v2\/categories?post=2302"},{"taxonomy":"post_tag","embeddable":true,"href":"https:\/\/caritas-wp.glauco.it\/caritas-dev\/wp-json\/wp\/v2\/tags?post=2302"},{"taxonomy":"canale_per_feed","embeddable":true,"href":"https:\/\/caritas-wp.glauco.it\/caritas-dev\/wp-json\/wp\/v2\/canale_per_feed?post=2302"}],"curies":[{"name":"wp","href":"https:\/\/api.w.org\/{rel}","templated":true}]}}