{"id":2544,"date":"2006-05-27T11:18:00","date_gmt":"2006-05-27T09:18:00","guid":{"rendered":"https:\/\/caritas-wp.glauco.it\/caritas-dev\/dossier-statistico-immigrazione-caritas-migrantes-2006\/"},"modified":"2022-09-22T09:58:57","modified_gmt":"2022-09-22T07:58:57","slug":"dossier-statistico-immigrazione-caritas-migrantes-2006","status":"publish","type":"post","link":"https:\/\/caritas-wp.glauco.it\/caritas-dev\/dossier-statistico-immigrazione-caritas-migrantes-2006\/","title":{"rendered":"Dossier Statistico Immigrazione Caritas-Migrantes 2006"},"content":{"rendered":"<p><DIV><FONT face=\"Verdana, Geneva, Arial, Sans-serif\" size=2>XVI Rapporto<\/FONT><\/DIV><br \/>\n <DIV><FONT face=\"Verdana, Geneva, Arial, Sans-serif\" size=2><\/FONT>\u00a0<\/DIV><br \/>\n <DIV><FONT face=\"Verdana, Geneva, Arial, Sans-serif\"><FONT size=2>Caritas Italiana <\/FONT><FONT size=2>&#8211; Fondazione Migrantes &#8211; Caritas diocesana di Roma<\/FONT><\/FONT><\/DIV><FONT face=\"Geneva, Arial, Sans-serif\"><br \/>\n <DIV><BR><FONT face=\"Verdana, Geneva, Arial, Sans-serif\" size=2>Edizioni Idos <BR>Ottobre 2006<BR>Pagine: 512 <BR>Prezzo: euro 18,00<\/FONT><\/DIV><br \/>\n <DIV><BR><a href=\"\/materiali\/Pubblicazioni\/Libri_2006\/Dossier_immigrazione_2006\/scheda.pdf\" target=\"_BLANK\" rel=\"noopener\"><FONT onclick=\"javascript:load('\/materiali\/Pubblicazioni\/Libri_2006\/Dossier_immigrazione_2006\/scheda.pdf','_BLANK');return false;\" face=\"Verdana, Geneva, Arial, Sans-serif\" size=2 target=\"_BLANK\">Scheda di sintesi<\/FONT><\/A><FONT size=2>\u00a0<\/FONT><FONT face=\"Verdana, Geneva, Arial, Sans-serif\" size=1>(pdf 263 kb)<\/FONT><\/DIV><br \/>\n <DIV><BR><FONT face=\"Verdana, Geneva, Arial, Sans-serif\" size=2>Il Dossier 2006 \u00e8 strutturato in cinque parti: il contesto internazionale ed europeo, gli stranieri soggiornanti in Italia, l&#8217;inserimento socio-culturale, il mondo del lavoro, i contesti regionali. Seguono: la parte statistica (schede regionali e tabelle provinciali) e l&#8217;inserto sui rifugiati curato dall&#8217;Unhcr.<BR><BR>Sono 100 gli autori che hanno dato il loro contributo. Tra le novit\u00e0: un capitolo sui nomadi e due ricerche (sulla sindacalizzazione degli immigrati e sui mediatori culturali). Il capitolo sugli italiani nel mondo trova il naturale completamento nell&#8217;apposito Rapporto della Migrantes, cos\u00ec come l&#8217;immigrazione nella Capitale lo trova nell&#8217;Osservatorio Romano sulle Migrazioni della Caritas di Roma. \u00c8 stata potenziata la rilevazione dei bisogni degli immigrati tramite i centri di ascolto che fanno capo alla rete di Caritas Italiana.<BR><BR>Lo slogan <STRONG>&#8220;Al di l\u00e0 dell&#8217;alternanza&#8221;<\/STRONG> sottolinea che la sensibilit\u00e0 al grande fenomeno sociale della mobilit\u00e0 deve collocarsi al di sopra dell&#8217;avvicendamento dei partiti al Governo. Nell&#8217;introduzione mons. Vittorio Nozza (Caritas Italiana), mons. Piergiorgio Saviola (Fondazione Migrantes) e mons. Guerino Di Tora (Caritas di Roma) sottolineano che \u00abLe parole d&#8217;ordine da far valere sono: non pi\u00f9 invasione ma convivenza, non pi\u00f9 emarginazione ma partecipazione, non pi\u00f9 estraneit\u00e0 ma cittadinanza\u00bb.<BR><BR>Il Dossier \u00e8 stato presentato il 25 ottobre 2006 a Roma e in altre citt\u00e0 italiane. La presentazione a Roma:<\/FONT><\/DIV><br \/>\n <DIV><FONT face=\"Verdana, Geneva, Arial, Sans-serif\" size=2><a href=\"\/materiali\/Pubblicazioni\/Libri_2006\/Dossier_immigrazione_2006\/ditora.pdf\" target=\"_blank\" rel=\"noopener\">Intervento di mons. Guerino Di Tora<\/A><FONT size=1> (pdf)<\/FONT>, Comitato di presidenza del Dossier<\/FONT><\/DIV><br \/>\n <DIV><FONT face=Verdana size=2><a onclick=\"javascript:load('\/materiali\/Pubblicazioni\/Libri_2006\/Dossier_immigrazione_2006\/pittau.pdf','_blank');return false;\" href=\"\/materiali\/Pubblicazioni\/Libri_2006\/Dossier_immigrazione_2006\/pittau.pdf\" target=\"_blank\" rel=\"noopener\">Intervento di Franco Pittau<\/A> <FONT size=1>(pdf)<\/FONT>, coordinatore del Dossier<\/FONT><\/DIV><br \/>\n <DIV><FONT face=Verdana size=2 target=\"_blank\"><a onclick=\"javascript:load('\/materiali\/Pubblicazioni\/Libri_2006\/Dossier_immigrazione_2006\/devole.pdf','_blank');return false;\" href=\"\/materiali\/Pubblicazioni\/Libri_2006\/Dossier_immigrazione_2006\/devole.pdf\" target=\"_blank\" rel=\"noopener\">Intervento di\u00a0Rando Devole<\/A><\/FONT><FONT face=Verdana><FONT size=2> <\/FONT><FONT size=1>(pdf)<\/FONT><FONT size=2>, sociologo e giornalista albanese<\/FONT><\/FONT><\/DIV><br \/>\n <DIV><FONT face=Verdana size=2><br \/>\n <DIV><FONT face=Verdana size=2 target=\"_blank\"><a onclick=\"javascript:load('\/materiali\/Pubblicazioni\/Libri_2006\/Dossier_immigrazione_2006\/sigalini.pdf','_blank');return false;\" href=\"\/materiali\/Pubblicazioni\/Libri_2006\/Dossier_immigrazione_2006\/sigalini.pdf\" target=\"_blank\" rel=\"noopener\">Intervento di\u00a0S.E. mons. Domenico Sigalini<\/A><\/FONT><FONT face=Verdana><FONT size=2>\u00a0<\/FONT><FONT size=1>(pdf)<\/FONT><FONT size=2>, segr. della Commissione episcopale Migrazioni Cei<\/FONT><\/FONT><\/DIV><br \/>\n <DIV><a onclick=\"javascript:load('\/materiali\/Pubblicazioni\/Libri_2006\/Dossier_immigrazione_2006\/prodi.pdf','_blank');return false;\" href=\"\/materiali\/Pubblicazioni\/Libri_2006\/Dossier_immigrazione_2006\/prodi.pdf\" target=\"_blank\" rel=\"noopener\">Sintesi dell&#8217;intervento dell&#8217;On. Romano Prodi<\/A>, presidente del Consiglio dei Ministri<\/FONT><FONT size=2><FONT face=\"Verdana, Geneva, Arial, Sans-serif\"><BR><\/FONT><BR><BR><\/DIV><\/DIV><\/FONT><\/FONT><\/p>\n","protected":false},"excerpt":{"rendered":"<p>I redattori del XVI Rapporto sono 100, i capitoli 59. Lo slogan: &#8220;Al di l\u00e0 dell&#8217;alternanza&#8221;.<\/p>\n","protected":false},"author":1,"featured_media":2545,"comment_status":"closed","ping_status":"closed","sticky":false,"template":"","format":"standard","meta":{"_lmt_disableupdate":"no","_lmt_disable":"","footnotes":""},"categories":[11,108],"tags":[],"canale_per_feed":[],"acf":[],"yoast_head":"<!-- This site is optimized with the Yoast SEO plugin v21.4 - https:\/\/yoast.com\/wordpress\/plugins\/seo\/ -->\n<title>Dossier Statistico Immigrazione Caritas-Migrantes 2006 - Caritas DEV<\/title>\n<meta name=\"robots\" content=\"index, follow, max-snippet:-1, max-image-preview:large, max-video-preview:-1\" \/>\n<link rel=\"canonical\" href=\"https:\/\/caritas-wp.glauco.it\/caritas-dev\/dossier-statistico-immigrazione-caritas-migrantes-2006\/\" \/>\n<meta property=\"og:locale\" content=\"it_IT\" \/>\n<meta property=\"og:type\" content=\"article\" \/>\n<meta property=\"og:title\" content=\"Dossier Statistico Immigrazione Caritas-Migrantes 2006 - Caritas DEV\" \/>\n<meta property=\"og:description\" content=\"I redattori del XVI Rapporto sono 100, i capitoli 59. Lo slogan: &quot;Al di l\u00e0 dell&#039;alternanza&quot;.\" \/>\n<meta property=\"og:url\" content=\"https:\/\/caritas-wp.glauco.it\/caritas-dev\/dossier-statistico-immigrazione-caritas-migrantes-2006\/\" \/>\n<meta property=\"og:site_name\" content=\"Caritas DEV\" \/>\n<meta property=\"article:published_time\" content=\"2006-05-27T09:18:00+00:00\" \/>\n<meta property=\"article:modified_time\" content=\"2022-09-22T07:58:57+00:00\" \/>\n<meta property=\"og:image\" content=\"https:\/\/caritas-wp.glauco.it\/caritas-dev\/wp-content\/uploads\/sites\/7\/2022\/09\/dossier_immigrazione_2006.jpg\" \/>\n\t<meta property=\"og:image:width\" content=\"200\" \/>\n\t<meta property=\"og:image:height\" content=\"286\" \/>\n\t<meta property=\"og:image:type\" content=\"image\/jpeg\" \/>\n<meta name=\"author\" content=\"sEEd_aDm_wP\" \/>\n<meta name=\"twitter:card\" content=\"summary_large_image\" \/>\n<meta name=\"twitter:label1\" content=\"Scritto da\" \/>\n\t<meta name=\"twitter:data1\" content=\"sEEd_aDm_wP\" \/>\n\t<meta name=\"twitter:label2\" content=\"Tempo di lettura stimato\" \/>\n\t<meta name=\"twitter:data2\" content=\"1 minuto\" \/>\n<script type=\"application\/ld+json\" class=\"yoast-schema-graph\">{\"@context\":\"https:\/\/schema.org\",\"@graph\":[{\"@type\":\"Article\",\"@id\":\"https:\/\/caritas-wp.glauco.it\/caritas-dev\/dossier-statistico-immigrazione-caritas-migrantes-2006\/#article\",\"isPartOf\":{\"@id\":\"https:\/\/caritas-wp.glauco.it\/caritas-dev\/dossier-statistico-immigrazione-caritas-migrantes-2006\/\"},\"author\":{\"name\":\"sEEd_aDm_wP\",\"@id\":\"https:\/\/caritas-wp.glauco.it\/caritas-dev\/#\/schema\/person\/3cada41afcce51378e1a7c7a79364e54\"},\"headline\":\"Dossier Statistico Immigrazione Caritas-Migrantes 2006\",\"datePublished\":\"2006-05-27T09:18:00+00:00\",\"dateModified\":\"2022-09-22T07:58:57+00:00\",\"mainEntityOfPage\":{\"@id\":\"https:\/\/caritas-wp.glauco.it\/caritas-dev\/dossier-statistico-immigrazione-caritas-migrantes-2006\/\"},\"wordCount\":283,\"publisher\":{\"@id\":\"https:\/\/caritas-wp.glauco.it\/caritas-dev\/#organization\"},\"articleSection\":[\"Libri\",\"Libri 2006\"],\"inLanguage\":\"it-IT\"},{\"@type\":\"WebPage\",\"@id\":\"https:\/\/caritas-wp.glauco.it\/caritas-dev\/dossier-statistico-immigrazione-caritas-migrantes-2006\/\",\"url\":\"https:\/\/caritas-wp.glauco.it\/caritas-dev\/dossier-statistico-immigrazione-caritas-migrantes-2006\/\",\"name\":\"Dossier Statistico Immigrazione Caritas-Migrantes 2006 - Caritas DEV\",\"isPartOf\":{\"@id\":\"https:\/\/caritas-wp.glauco.it\/caritas-dev\/#website\"},\"datePublished\":\"2006-05-27T09:18:00+00:00\",\"dateModified\":\"2022-09-22T07:58:57+00:00\",\"breadcrumb\":{\"@id\":\"https:\/\/caritas-wp.glauco.it\/caritas-dev\/dossier-statistico-immigrazione-caritas-migrantes-2006\/#breadcrumb\"},\"inLanguage\":\"it-IT\",\"potentialAction\":[{\"@type\":\"ReadAction\",\"target\":[\"https:\/\/caritas-wp.glauco.it\/caritas-dev\/dossier-statistico-immigrazione-caritas-migrantes-2006\/\"]}]},{\"@type\":\"BreadcrumbList\",\"@id\":\"https:\/\/caritas-wp.glauco.it\/caritas-dev\/dossier-statistico-immigrazione-caritas-migrantes-2006\/#breadcrumb\",\"itemListElement\":[{\"@type\":\"ListItem\",\"position\":1,\"name\":\"Home\",\"item\":\"https:\/\/caritas-wp.glauco.it\/caritas-dev\/\"},{\"@type\":\"ListItem\",\"position\":2,\"name\":\"Dossier Statistico Immigrazione Caritas-Migrantes 2006\"}]},{\"@type\":\"WebSite\",\"@id\":\"https:\/\/caritas-wp.glauco.it\/caritas-dev\/#website\",\"url\":\"https:\/\/caritas-wp.glauco.it\/caritas-dev\/\",\"name\":\"Caritas DEV\",\"description\":\"Organismo Pastorale della CEI\",\"publisher\":{\"@id\":\"https:\/\/caritas-wp.glauco.it\/caritas-dev\/#organization\"},\"potentialAction\":[{\"@type\":\"SearchAction\",\"target\":{\"@type\":\"EntryPoint\",\"urlTemplate\":\"https:\/\/caritas-wp.glauco.it\/caritas-dev\/?s={search_term_string}\"},\"query-input\":\"required name=search_term_string\"}],\"inLanguage\":\"it-IT\"},{\"@type\":\"Organization\",\"@id\":\"https:\/\/caritas-wp.glauco.it\/caritas-dev\/#organization\",\"name\":\"Caritas Italiana\",\"url\":\"https:\/\/caritas-wp.glauco.it\/caritas-dev\/\",\"logo\":{\"@type\":\"ImageObject\",\"inLanguage\":\"it-IT\",\"@id\":\"https:\/\/caritas-wp.glauco.it\/caritas-dev\/#\/schema\/logo\/image\/\",\"url\":\"https:\/\/caritas-wp.glauco.it\/caritas-dev\/wp-content\/uploads\/sites\/7\/2022\/07\/logo_caritas-1.png\",\"contentUrl\":\"https:\/\/caritas-wp.glauco.it\/caritas-dev\/wp-content\/uploads\/sites\/7\/2022\/07\/logo_caritas-1.png\",\"width\":187,\"height\":80,\"caption\":\"Caritas Italiana\"},\"image\":{\"@id\":\"https:\/\/caritas-wp.glauco.it\/caritas-dev\/#\/schema\/logo\/image\/\"}},{\"@type\":\"Person\",\"@id\":\"https:\/\/caritas-wp.glauco.it\/caritas-dev\/#\/schema\/person\/3cada41afcce51378e1a7c7a79364e54\",\"name\":\"sEEd_aDm_wP\",\"sameAs\":[\"https:\/\/caritas-wp.glauco.it\"]}]}<\/script>\n<!-- \/ Yoast SEO plugin. -->","yoast_head_json":{"title":"Dossier Statistico Immigrazione Caritas-Migrantes 2006 - Caritas DEV","robots":{"index":"index","follow":"follow","max-snippet":"max-snippet:-1","max-image-preview":"max-image-preview:large","max-video-preview":"max-video-preview:-1"},"canonical":"https:\/\/caritas-wp.glauco.it\/caritas-dev\/dossier-statistico-immigrazione-caritas-migrantes-2006\/","og_locale":"it_IT","og_type":"article","og_title":"Dossier Statistico Immigrazione Caritas-Migrantes 2006 - Caritas DEV","og_description":"I redattori del XVI Rapporto sono 100, i capitoli 59. Lo slogan: \"Al di l\u00e0 dell'alternanza\".","og_url":"https:\/\/caritas-wp.glauco.it\/caritas-dev\/dossier-statistico-immigrazione-caritas-migrantes-2006\/","og_site_name":"Caritas DEV","article_published_time":"2006-05-27T09:18:00+00:00","article_modified_time":"2022-09-22T07:58:57+00:00","og_image":[{"width":200,"height":286,"url":"https:\/\/caritas-wp.glauco.it\/caritas-dev\/wp-content\/uploads\/sites\/7\/2022\/09\/dossier_immigrazione_2006.jpg","type":"image\/jpeg"}],"author":"sEEd_aDm_wP","twitter_card":"summary_large_image","twitter_misc":{"Scritto da":"sEEd_aDm_wP","Tempo di lettura stimato":"1 minuto"},"schema":{"@context":"https:\/\/schema.org","@graph":[{"@type":"Article","@id":"https:\/\/caritas-wp.glauco.it\/caritas-dev\/dossier-statistico-immigrazione-caritas-migrantes-2006\/#article","isPartOf":{"@id":"https:\/\/caritas-wp.glauco.it\/caritas-dev\/dossier-statistico-immigrazione-caritas-migrantes-2006\/"},"author":{"name":"sEEd_aDm_wP","@id":"https:\/\/caritas-wp.glauco.it\/caritas-dev\/#\/schema\/person\/3cada41afcce51378e1a7c7a79364e54"},"headline":"Dossier Statistico Immigrazione Caritas-Migrantes 2006","datePublished":"2006-05-27T09:18:00+00:00","dateModified":"2022-09-22T07:58:57+00:00","mainEntityOfPage":{"@id":"https:\/\/caritas-wp.glauco.it\/caritas-dev\/dossier-statistico-immigrazione-caritas-migrantes-2006\/"},"wordCount":283,"publisher":{"@id":"https:\/\/caritas-wp.glauco.it\/caritas-dev\/#organization"},"articleSection":["Libri","Libri 2006"],"inLanguage":"it-IT"},{"@type":"WebPage","@id":"https:\/\/caritas-wp.glauco.it\/caritas-dev\/dossier-statistico-immigrazione-caritas-migrantes-2006\/","url":"https:\/\/caritas-wp.glauco.it\/caritas-dev\/dossier-statistico-immigrazione-caritas-migrantes-2006\/","name":"Dossier Statistico Immigrazione Caritas-Migrantes 2006 - Caritas DEV","isPartOf":{"@id":"https:\/\/caritas-wp.glauco.it\/caritas-dev\/#website"},"datePublished":"2006-05-27T09:18:00+00:00","dateModified":"2022-09-22T07:58:57+00:00","breadcrumb":{"@id":"https:\/\/caritas-wp.glauco.it\/caritas-dev\/dossier-statistico-immigrazione-caritas-migrantes-2006\/#breadcrumb"},"inLanguage":"it-IT","potentialAction":[{"@type":"ReadAction","target":["https:\/\/caritas-wp.glauco.it\/caritas-dev\/dossier-statistico-immigrazione-caritas-migrantes-2006\/"]}]},{"@type":"BreadcrumbList","@id":"https:\/\/caritas-wp.glauco.it\/caritas-dev\/dossier-statistico-immigrazione-caritas-migrantes-2006\/#breadcrumb","itemListElement":[{"@type":"ListItem","position":1,"name":"Home","item":"https:\/\/caritas-wp.glauco.it\/caritas-dev\/"},{"@type":"ListItem","position":2,"name":"Dossier Statistico Immigrazione Caritas-Migrantes 2006"}]},{"@type":"WebSite","@id":"https:\/\/caritas-wp.glauco.it\/caritas-dev\/#website","url":"https:\/\/caritas-wp.glauco.it\/caritas-dev\/","name":"Caritas DEV","description":"Organismo Pastorale della CEI","publisher":{"@id":"https:\/\/caritas-wp.glauco.it\/caritas-dev\/#organization"},"potentialAction":[{"@type":"SearchAction","target":{"@type":"EntryPoint","urlTemplate":"https:\/\/caritas-wp.glauco.it\/caritas-dev\/?s={search_term_string}"},"query-input":"required name=search_term_string"}],"inLanguage":"it-IT"},{"@type":"Organization","@id":"https:\/\/caritas-wp.glauco.it\/caritas-dev\/#organization","name":"Caritas Italiana","url":"https:\/\/caritas-wp.glauco.it\/caritas-dev\/","logo":{"@type":"ImageObject","inLanguage":"it-IT","@id":"https:\/\/caritas-wp.glauco.it\/caritas-dev\/#\/schema\/logo\/image\/","url":"https:\/\/caritas-wp.glauco.it\/caritas-dev\/wp-content\/uploads\/sites\/7\/2022\/07\/logo_caritas-1.png","contentUrl":"https:\/\/caritas-wp.glauco.it\/caritas-dev\/wp-content\/uploads\/sites\/7\/2022\/07\/logo_caritas-1.png","width":187,"height":80,"caption":"Caritas Italiana"},"image":{"@id":"https:\/\/caritas-wp.glauco.it\/caritas-dev\/#\/schema\/logo\/image\/"}},{"@type":"Person","@id":"https:\/\/caritas-wp.glauco.it\/caritas-dev\/#\/schema\/person\/3cada41afcce51378e1a7c7a79364e54","name":"sEEd_aDm_wP","sameAs":["https:\/\/caritas-wp.glauco.it"]}]}},"modified_by":null,"_links":{"self":[{"href":"https:\/\/caritas-wp.glauco.it\/caritas-dev\/wp-json\/wp\/v2\/posts\/2544"}],"collection":[{"href":"https:\/\/caritas-wp.glauco.it\/caritas-dev\/wp-json\/wp\/v2\/posts"}],"about":[{"href":"https:\/\/caritas-wp.glauco.it\/caritas-dev\/wp-json\/wp\/v2\/types\/post"}],"author":[{"embeddable":true,"href":"https:\/\/caritas-wp.glauco.it\/caritas-dev\/wp-json\/wp\/v2\/users\/1"}],"replies":[{"embeddable":true,"href":"https:\/\/caritas-wp.glauco.it\/caritas-dev\/wp-json\/wp\/v2\/comments?post=2544"}],"version-history":[{"count":1,"href":"https:\/\/caritas-wp.glauco.it\/caritas-dev\/wp-json\/wp\/v2\/posts\/2544\/revisions"}],"predecessor-version":[{"id":3417,"href":"https:\/\/caritas-wp.glauco.it\/caritas-dev\/wp-json\/wp\/v2\/posts\/2544\/revisions\/3417"}],"wp:featuredmedia":[{"embeddable":true,"href":"https:\/\/caritas-wp.glauco.it\/caritas-dev\/wp-json\/wp\/v2\/media\/2545"}],"wp:attachment":[{"href":"https:\/\/caritas-wp.glauco.it\/caritas-dev\/wp-json\/wp\/v2\/media?parent=2544"}],"wp:term":[{"taxonomy":"category","embeddable":true,"href":"https:\/\/caritas-wp.glauco.it\/caritas-dev\/wp-json\/wp\/v2\/categories?post=2544"},{"taxonomy":"post_tag","embeddable":true,"href":"https:\/\/caritas-wp.glauco.it\/caritas-dev\/wp-json\/wp\/v2\/tags?post=2544"},{"taxonomy":"canale_per_feed","embeddable":true,"href":"https:\/\/caritas-wp.glauco.it\/caritas-dev\/wp-json\/wp\/v2\/canale_per_feed?post=2544"}],"curies":[{"name":"wp","href":"https:\/\/api.w.org\/{rel}","templated":true}]}}