{"id":2560,"date":"2006-05-27T12:14:00","date_gmt":"2006-05-27T10:14:00","guid":{"rendered":"https:\/\/caritas-wp.glauco.it\/caritas-dev\/polonia-nuovo-paese-di-frontiera\/"},"modified":"2022-09-22T09:58:35","modified_gmt":"2022-09-22T07:58:35","slug":"polonia-nuovo-paese-di-frontiera","status":"publish","type":"post","link":"https:\/\/caritas-wp.glauco.it\/caritas-dev\/polonia-nuovo-paese-di-frontiera\/","title":{"rendered":"&#8220;Polonia. Nuovo paese di frontiera&#8221;"},"content":{"rendered":"<p><DIV><FONT face=\"Verdana, Geneva, Arial, Sans-serif\" size=2><STRONG>Da migranti a comunitari<\/STRONG><\/FONT><\/DIV><br \/>\n <DIV><FONT face=\"Verdana, Geneva, Arial, Sans-serif\" size=2><\/FONT>\u00a0<\/DIV><br \/>\n <DIV><FONT face=\"Verdana, Geneva, Arial, Sans-serif\" size=2>A cura di Karolina Golemo, Kamila Kowalska-Angelelli,<BR>Franco Pittau, Antonio Ricci<\/FONT><\/DIV><br \/>\n <DIV><FONT face=\"Verdana, Geneva, Arial, Sans-serif\" size=2><\/FONT>\u00a0<\/DIV><br \/>\n <DIV><FONT face=\"Verdana, Geneva, Arial, Sans-serif\" size=2>Edizioni Idos &#8211; Roma <BR>Giugno 2006 <BR>Pagine: 384<\/FONT><\/DIV><br \/>\n <DIV>\u00a0<\/DIV><br \/>\n <DIV><a href=\"\/pls\/caritasitaliana\/v3_s2ew_consultazione.redir_allegati_doc?p_id_pagina=542&#038;p_id_allegato=343&#038;p_url_rimando=\/caritasitaliana\/allegati\/542\/scheda_polonia.pdf\" target=\"_BLANK\" rel=\"noopener\"><FONT face=\"Verdana, Geneva, Arial, Sans-serif\" size=2>Scheda di sintesi<\/FONT><\/A><FONT face=\"Verdana, Geneva, Arial, Sans-serif\" size=1>\u00a0(pdf)<\/FONT><\/DIV><br \/>\n <DIV><FONT face=\"Verdana, Geneva, Arial, Sans-serif\" size=2><\/FONT>\u00a0<\/DIV><br \/>\n <DIV><FONT face=\"Verdana, Geneva, Arial, Sans-serif\" size=2>I polacchi, diversi ma come noi. Uno slogan quasi contraddittorio, ma vero. Diversi perch\u00e9 vengono da un&#8217;altra parte dell&#8217;Europa, da un paese con clima e tradizioni differenti e perch\u00e9 parlano una lingua ancora pi\u00f9 difficile dell&#8217;italiano; come noi perch\u00e9 fanno parte dell&#8217;Unione Europea. <BR><BR>A spiegare questa suggestiva tesi il Dossier Statistico Immigrazione Caritas\/Migrantes ha chiamato ben 40 autori, met\u00e0 dei quali polacchi; si aggiungono poi le opinioni di pi\u00f9 di 100 testimoni privilegiati, raccolte in diverse indagini qualitative, che aiutano a superare l&#8217;atteggiamento di estraneit\u00e0 nei confronti della Polonia e dei suoi immigrati.<BR><BR>Il panorama esaminato \u00e8 ad ampio raggio: <BR><BR>1. la <STRONG>storia<\/STRONG> del paese e la sua collocazione nello scenario migratorio passato e presente; <BR>2. uno sguardo approfondito sulla Polonia come nuovo <STRONG>paese di immigrazione<\/STRONG>, analizzando le statistiche e la normativa; <BR>3. l&#8217;immigrazione polacca in Italia nei suoi risvolti <STRONG>socio-statistici<\/STRONG>;<BR>4. una serie di indagini appositamente condotte su questi <STRONG>flussi<\/STRONG>, sui problemi e sulle prospettive che ne conseguono.<\/FONT><\/DIV><br \/>\n <DIV><FONT face=\"Verdana, Geneva, Arial, Sans-serif\" size=2><\/FONT>\u00a0<\/DIV><br \/>\n <DIV><FONT face=\"Verdana, Geneva, Arial, Sans-serif\" size=2>\u00a0<\/DIV><\/FONT><\/p>\n","protected":false},"excerpt":{"rendered":"<p>Da migranti a comunitari. La storia del paese, l&#8217;immigrazione polacca in Italia, i flussi. Un panorama esaminato ad ampio raggio da 40 autori chiamati dal Dossier Statistico Immigrazione Caritas\/Migrantes. <\/p>\n","protected":false},"author":1,"featured_media":2561,"comment_status":"closed","ping_status":"closed","sticky":false,"template":"","format":"standard","meta":{"_lmt_disableupdate":"no","_lmt_disable":"","footnotes":""},"categories":[11,108],"tags":[],"canale_per_feed":[],"acf":[],"yoast_head":"<!-- This site is optimized with the Yoast SEO plugin v21.4 - https:\/\/yoast.com\/wordpress\/plugins\/seo\/ -->\n<title>&quot;Polonia. Nuovo paese di frontiera&quot; - Caritas DEV<\/title>\n<meta name=\"robots\" content=\"index, follow, max-snippet:-1, max-image-preview:large, max-video-preview:-1\" \/>\n<link rel=\"canonical\" href=\"https:\/\/caritas-wp.glauco.it\/caritas-dev\/polonia-nuovo-paese-di-frontiera\/\" \/>\n<meta property=\"og:locale\" content=\"it_IT\" \/>\n<meta property=\"og:type\" content=\"article\" \/>\n<meta property=\"og:title\" content=\"&quot;Polonia. Nuovo paese di frontiera&quot; - Caritas DEV\" \/>\n<meta property=\"og:description\" content=\"Da migranti a comunitari. La storia del paese, l&#039;immigrazione polacca in Italia, i flussi. Un panorama esaminato ad ampio raggio da 40 autori chiamati dal Dossier Statistico Immigrazione Caritas\/Migrantes.\" \/>\n<meta property=\"og:url\" content=\"https:\/\/caritas-wp.glauco.it\/caritas-dev\/polonia-nuovo-paese-di-frontiera\/\" \/>\n<meta property=\"og:site_name\" content=\"Caritas DEV\" \/>\n<meta property=\"article:published_time\" content=\"2006-05-27T10:14:00+00:00\" \/>\n<meta property=\"article:modified_time\" content=\"2022-09-22T07:58:35+00:00\" \/>\n<meta property=\"og:image\" content=\"https:\/\/caritas-wp.glauco.it\/caritas-dev\/wp-content\/uploads\/sites\/7\/2022\/09\/polonia.jpg\" \/>\n\t<meta property=\"og:image:width\" content=\"200\" \/>\n\t<meta property=\"og:image:height\" content=\"282\" \/>\n\t<meta property=\"og:image:type\" content=\"image\/jpeg\" \/>\n<meta name=\"author\" content=\"sEEd_aDm_wP\" \/>\n<meta name=\"twitter:card\" content=\"summary_large_image\" \/>\n<meta name=\"twitter:label1\" content=\"Scritto da\" \/>\n\t<meta name=\"twitter:data1\" content=\"sEEd_aDm_wP\" \/>\n\t<meta name=\"twitter:label2\" content=\"Tempo di lettura stimato\" \/>\n\t<meta name=\"twitter:data2\" content=\"1 minuto\" \/>\n<script type=\"application\/ld+json\" class=\"yoast-schema-graph\">{\"@context\":\"https:\/\/schema.org\",\"@graph\":[{\"@type\":\"Article\",\"@id\":\"https:\/\/caritas-wp.glauco.it\/caritas-dev\/polonia-nuovo-paese-di-frontiera\/#article\",\"isPartOf\":{\"@id\":\"https:\/\/caritas-wp.glauco.it\/caritas-dev\/polonia-nuovo-paese-di-frontiera\/\"},\"author\":{\"name\":\"sEEd_aDm_wP\",\"@id\":\"https:\/\/caritas-wp.glauco.it\/caritas-dev\/#\/schema\/person\/3cada41afcce51378e1a7c7a79364e54\"},\"headline\":\"&#8220;Polonia. Nuovo paese di frontiera&#8221;\",\"datePublished\":\"2006-05-27T10:14:00+00:00\",\"dateModified\":\"2022-09-22T07:58:35+00:00\",\"mainEntityOfPage\":{\"@id\":\"https:\/\/caritas-wp.glauco.it\/caritas-dev\/polonia-nuovo-paese-di-frontiera\/\"},\"wordCount\":183,\"publisher\":{\"@id\":\"https:\/\/caritas-wp.glauco.it\/caritas-dev\/#organization\"},\"articleSection\":[\"Libri\",\"Libri 2006\"],\"inLanguage\":\"it-IT\"},{\"@type\":\"WebPage\",\"@id\":\"https:\/\/caritas-wp.glauco.it\/caritas-dev\/polonia-nuovo-paese-di-frontiera\/\",\"url\":\"https:\/\/caritas-wp.glauco.it\/caritas-dev\/polonia-nuovo-paese-di-frontiera\/\",\"name\":\"\\\"Polonia. Nuovo paese di frontiera\\\" - Caritas DEV\",\"isPartOf\":{\"@id\":\"https:\/\/caritas-wp.glauco.it\/caritas-dev\/#website\"},\"datePublished\":\"2006-05-27T10:14:00+00:00\",\"dateModified\":\"2022-09-22T07:58:35+00:00\",\"breadcrumb\":{\"@id\":\"https:\/\/caritas-wp.glauco.it\/caritas-dev\/polonia-nuovo-paese-di-frontiera\/#breadcrumb\"},\"inLanguage\":\"it-IT\",\"potentialAction\":[{\"@type\":\"ReadAction\",\"target\":[\"https:\/\/caritas-wp.glauco.it\/caritas-dev\/polonia-nuovo-paese-di-frontiera\/\"]}]},{\"@type\":\"BreadcrumbList\",\"@id\":\"https:\/\/caritas-wp.glauco.it\/caritas-dev\/polonia-nuovo-paese-di-frontiera\/#breadcrumb\",\"itemListElement\":[{\"@type\":\"ListItem\",\"position\":1,\"name\":\"Home\",\"item\":\"https:\/\/caritas-wp.glauco.it\/caritas-dev\/\"},{\"@type\":\"ListItem\",\"position\":2,\"name\":\"&#8220;Polonia. Nuovo paese di frontiera&#8221;\"}]},{\"@type\":\"WebSite\",\"@id\":\"https:\/\/caritas-wp.glauco.it\/caritas-dev\/#website\",\"url\":\"https:\/\/caritas-wp.glauco.it\/caritas-dev\/\",\"name\":\"Caritas DEV\",\"description\":\"Organismo Pastorale della CEI\",\"publisher\":{\"@id\":\"https:\/\/caritas-wp.glauco.it\/caritas-dev\/#organization\"},\"potentialAction\":[{\"@type\":\"SearchAction\",\"target\":{\"@type\":\"EntryPoint\",\"urlTemplate\":\"https:\/\/caritas-wp.glauco.it\/caritas-dev\/?s={search_term_string}\"},\"query-input\":\"required name=search_term_string\"}],\"inLanguage\":\"it-IT\"},{\"@type\":\"Organization\",\"@id\":\"https:\/\/caritas-wp.glauco.it\/caritas-dev\/#organization\",\"name\":\"Caritas Italiana\",\"url\":\"https:\/\/caritas-wp.glauco.it\/caritas-dev\/\",\"logo\":{\"@type\":\"ImageObject\",\"inLanguage\":\"it-IT\",\"@id\":\"https:\/\/caritas-wp.glauco.it\/caritas-dev\/#\/schema\/logo\/image\/\",\"url\":\"https:\/\/caritas-wp.glauco.it\/caritas-dev\/wp-content\/uploads\/sites\/7\/2022\/07\/logo_caritas-1.png\",\"contentUrl\":\"https:\/\/caritas-wp.glauco.it\/caritas-dev\/wp-content\/uploads\/sites\/7\/2022\/07\/logo_caritas-1.png\",\"width\":187,\"height\":80,\"caption\":\"Caritas Italiana\"},\"image\":{\"@id\":\"https:\/\/caritas-wp.glauco.it\/caritas-dev\/#\/schema\/logo\/image\/\"}},{\"@type\":\"Person\",\"@id\":\"https:\/\/caritas-wp.glauco.it\/caritas-dev\/#\/schema\/person\/3cada41afcce51378e1a7c7a79364e54\",\"name\":\"sEEd_aDm_wP\",\"sameAs\":[\"https:\/\/caritas-wp.glauco.it\"]}]}<\/script>\n<!-- \/ Yoast SEO plugin. -->","yoast_head_json":{"title":"\"Polonia. Nuovo paese di frontiera\" - Caritas DEV","robots":{"index":"index","follow":"follow","max-snippet":"max-snippet:-1","max-image-preview":"max-image-preview:large","max-video-preview":"max-video-preview:-1"},"canonical":"https:\/\/caritas-wp.glauco.it\/caritas-dev\/polonia-nuovo-paese-di-frontiera\/","og_locale":"it_IT","og_type":"article","og_title":"\"Polonia. Nuovo paese di frontiera\" - Caritas DEV","og_description":"Da migranti a comunitari. La storia del paese, l'immigrazione polacca in Italia, i flussi. Un panorama esaminato ad ampio raggio da 40 autori chiamati dal Dossier Statistico Immigrazione Caritas\/Migrantes.","og_url":"https:\/\/caritas-wp.glauco.it\/caritas-dev\/polonia-nuovo-paese-di-frontiera\/","og_site_name":"Caritas DEV","article_published_time":"2006-05-27T10:14:00+00:00","article_modified_time":"2022-09-22T07:58:35+00:00","og_image":[{"width":200,"height":282,"url":"https:\/\/caritas-wp.glauco.it\/caritas-dev\/wp-content\/uploads\/sites\/7\/2022\/09\/polonia.jpg","type":"image\/jpeg"}],"author":"sEEd_aDm_wP","twitter_card":"summary_large_image","twitter_misc":{"Scritto da":"sEEd_aDm_wP","Tempo di lettura stimato":"1 minuto"},"schema":{"@context":"https:\/\/schema.org","@graph":[{"@type":"Article","@id":"https:\/\/caritas-wp.glauco.it\/caritas-dev\/polonia-nuovo-paese-di-frontiera\/#article","isPartOf":{"@id":"https:\/\/caritas-wp.glauco.it\/caritas-dev\/polonia-nuovo-paese-di-frontiera\/"},"author":{"name":"sEEd_aDm_wP","@id":"https:\/\/caritas-wp.glauco.it\/caritas-dev\/#\/schema\/person\/3cada41afcce51378e1a7c7a79364e54"},"headline":"&#8220;Polonia. Nuovo paese di frontiera&#8221;","datePublished":"2006-05-27T10:14:00+00:00","dateModified":"2022-09-22T07:58:35+00:00","mainEntityOfPage":{"@id":"https:\/\/caritas-wp.glauco.it\/caritas-dev\/polonia-nuovo-paese-di-frontiera\/"},"wordCount":183,"publisher":{"@id":"https:\/\/caritas-wp.glauco.it\/caritas-dev\/#organization"},"articleSection":["Libri","Libri 2006"],"inLanguage":"it-IT"},{"@type":"WebPage","@id":"https:\/\/caritas-wp.glauco.it\/caritas-dev\/polonia-nuovo-paese-di-frontiera\/","url":"https:\/\/caritas-wp.glauco.it\/caritas-dev\/polonia-nuovo-paese-di-frontiera\/","name":"\"Polonia. Nuovo paese di frontiera\" - Caritas DEV","isPartOf":{"@id":"https:\/\/caritas-wp.glauco.it\/caritas-dev\/#website"},"datePublished":"2006-05-27T10:14:00+00:00","dateModified":"2022-09-22T07:58:35+00:00","breadcrumb":{"@id":"https:\/\/caritas-wp.glauco.it\/caritas-dev\/polonia-nuovo-paese-di-frontiera\/#breadcrumb"},"inLanguage":"it-IT","potentialAction":[{"@type":"ReadAction","target":["https:\/\/caritas-wp.glauco.it\/caritas-dev\/polonia-nuovo-paese-di-frontiera\/"]}]},{"@type":"BreadcrumbList","@id":"https:\/\/caritas-wp.glauco.it\/caritas-dev\/polonia-nuovo-paese-di-frontiera\/#breadcrumb","itemListElement":[{"@type":"ListItem","position":1,"name":"Home","item":"https:\/\/caritas-wp.glauco.it\/caritas-dev\/"},{"@type":"ListItem","position":2,"name":"&#8220;Polonia. Nuovo paese di frontiera&#8221;"}]},{"@type":"WebSite","@id":"https:\/\/caritas-wp.glauco.it\/caritas-dev\/#website","url":"https:\/\/caritas-wp.glauco.it\/caritas-dev\/","name":"Caritas DEV","description":"Organismo Pastorale della CEI","publisher":{"@id":"https:\/\/caritas-wp.glauco.it\/caritas-dev\/#organization"},"potentialAction":[{"@type":"SearchAction","target":{"@type":"EntryPoint","urlTemplate":"https:\/\/caritas-wp.glauco.it\/caritas-dev\/?s={search_term_string}"},"query-input":"required name=search_term_string"}],"inLanguage":"it-IT"},{"@type":"Organization","@id":"https:\/\/caritas-wp.glauco.it\/caritas-dev\/#organization","name":"Caritas Italiana","url":"https:\/\/caritas-wp.glauco.it\/caritas-dev\/","logo":{"@type":"ImageObject","inLanguage":"it-IT","@id":"https:\/\/caritas-wp.glauco.it\/caritas-dev\/#\/schema\/logo\/image\/","url":"https:\/\/caritas-wp.glauco.it\/caritas-dev\/wp-content\/uploads\/sites\/7\/2022\/07\/logo_caritas-1.png","contentUrl":"https:\/\/caritas-wp.glauco.it\/caritas-dev\/wp-content\/uploads\/sites\/7\/2022\/07\/logo_caritas-1.png","width":187,"height":80,"caption":"Caritas Italiana"},"image":{"@id":"https:\/\/caritas-wp.glauco.it\/caritas-dev\/#\/schema\/logo\/image\/"}},{"@type":"Person","@id":"https:\/\/caritas-wp.glauco.it\/caritas-dev\/#\/schema\/person\/3cada41afcce51378e1a7c7a79364e54","name":"sEEd_aDm_wP","sameAs":["https:\/\/caritas-wp.glauco.it"]}]}},"modified_by":null,"_links":{"self":[{"href":"https:\/\/caritas-wp.glauco.it\/caritas-dev\/wp-json\/wp\/v2\/posts\/2560"}],"collection":[{"href":"https:\/\/caritas-wp.glauco.it\/caritas-dev\/wp-json\/wp\/v2\/posts"}],"about":[{"href":"https:\/\/caritas-wp.glauco.it\/caritas-dev\/wp-json\/wp\/v2\/types\/post"}],"author":[{"embeddable":true,"href":"https:\/\/caritas-wp.glauco.it\/caritas-dev\/wp-json\/wp\/v2\/users\/1"}],"replies":[{"embeddable":true,"href":"https:\/\/caritas-wp.glauco.it\/caritas-dev\/wp-json\/wp\/v2\/comments?post=2560"}],"version-history":[{"count":1,"href":"https:\/\/caritas-wp.glauco.it\/caritas-dev\/wp-json\/wp\/v2\/posts\/2560\/revisions"}],"predecessor-version":[{"id":3421,"href":"https:\/\/caritas-wp.glauco.it\/caritas-dev\/wp-json\/wp\/v2\/posts\/2560\/revisions\/3421"}],"wp:featuredmedia":[{"embeddable":true,"href":"https:\/\/caritas-wp.glauco.it\/caritas-dev\/wp-json\/wp\/v2\/media\/2561"}],"wp:attachment":[{"href":"https:\/\/caritas-wp.glauco.it\/caritas-dev\/wp-json\/wp\/v2\/media?parent=2560"}],"wp:term":[{"taxonomy":"category","embeddable":true,"href":"https:\/\/caritas-wp.glauco.it\/caritas-dev\/wp-json\/wp\/v2\/categories?post=2560"},{"taxonomy":"post_tag","embeddable":true,"href":"https:\/\/caritas-wp.glauco.it\/caritas-dev\/wp-json\/wp\/v2\/tags?post=2560"},{"taxonomy":"canale_per_feed","embeddable":true,"href":"https:\/\/caritas-wp.glauco.it\/caritas-dev\/wp-json\/wp\/v2\/canale_per_feed?post=2560"}],"curies":[{"name":"wp","href":"https:\/\/api.w.org\/{rel}","templated":true}]}}