{"id":2563,"date":"2006-05-27T12:27:00","date_gmt":"2006-05-27T10:27:00","guid":{"rendered":"https:\/\/caritas-wp.glauco.it\/caritas-dev\/radicati-e-fondati-nella-carita\/"},"modified":"2022-09-22T09:58:29","modified_gmt":"2022-09-22T07:58:29","slug":"radicati-e-fondati-nella-carita","status":"publish","type":"post","link":"https:\/\/caritas-wp.glauco.it\/caritas-dev\/radicati-e-fondati-nella-carita\/","title":{"rendered":"&#8220;Radicati e fondati nella carit\u00e0&#8221;"},"content":{"rendered":"<p><DIV><FONT face=\"Verdana, Geneva, Arial, Sans-serif\" size=2><STRONG>Itinerario di formazione alla carit\u00e0 per sacerdoti, seminaristi e diaconi della Chiesa italiana<\/STRONG><\/FONT><\/DIV><br \/>\n <DIV>\u00a0<\/DIV><br \/>\n <DIV><FONT face=\"Verdana, Geneva, Arial, Sans-serif\" size=2>di Salvatore Ferdinandi\u00a0<BR><\/DIV><\/FONT><br \/>\n <DIV><FONT face=\"Geneva, Arial, Sans-serif\" size=2><FONT face=\"Verdana, Geneva, Arial, Sans-serif\">Edizioni Dehoniane Bologna (Edb) <BR>Maggio 2006<BR>Pagine: 480 <BR>Prezzo: euro 23,30<BR><\/FONT><\/FONT><\/DIV><br \/>\n <DIV><FONT face=\"Geneva, Arial, Sans-serif\" size=2><FONT face=\"Verdana, Geneva, Arial, Sans-serif\">\u00a0\u00a0 <\/FONT><\/FONT><\/DIV><br \/>\n <DIV><FONT face=\"Geneva, Arial, Sans-serif\" size=2><FONT face=\"Verdana, Geneva, Arial, Sans-serif\"><SPAN style=\"COLOR: #515151\"><FONT face=\"Verdana, Geneva, Arial, Sans-serif\" size=2>Acquista in libreria o <\/FONT><\/SPAN><a href=\"http:\/\/www.dehoniane.it\/edb\/cat_dettaglio.php?ISBN=20344\" target=\"_blank\" rel=\"noopener\">dal sito delle Dehoniane<\/A><\/DIV><\/FONT><\/FONT><br \/>\n <DIV><FONT face=\"Geneva, Arial, Sans-serif\" size=2><FONT face=\"Verdana, Geneva, Arial, Sans-serif\"><BR>Da trentacinque anni la Caritas Italiana \u00e8 impegnata nell&#8217;accompagnamento delle Chiese locali affinch\u00e9, nel progettare la pastorale, non perdano di vista l&#8217;obiettivo di formare comunit\u00e0 che annunciano, celebrano e testimoniano in modo organico il <STRONG>vangelo della carit\u00e0<\/STRONG>. A tale fine diviene sempre pi\u00f9 importante la formazione dei presbiteri e dei diaconi permanenti. Sono proprio questi ultimi i principali destinatari del volume, il cui contributo originale consiste nel presentare la centralit\u00e0 della carit\u00e0 nella proposta di vita cristiana, attraverso una fondazione teologica che fa sintesi del lavoro di ricerca degli ultimi decenni. <BR><BR>I contenuti sono organizzati in <STRONG>tre parti<\/STRONG>: la prima tratteggia una panoramica della societ\u00e0 civile e della Chiesa italiana, al fine di contestualizzare la necessit\u00e0 di ripensare la formazione alla carit\u00e0 dei presbiteri e degli operatori pastorali; la seconda raccoglie una serie di documenti della Chiesa universale e della Chiesa italiana, riletti ed esaminati ricercando gli aspetti educativi e formativi del clero nella prospettiva della carit\u00e0; l&#8217;ultima parte \u00e8 il cuore dell&#8217;opera: partendo dall&#8217;ecclesiologia di comunione del Vaticano II, evidenzia gli interrogativi su cui riflettere per dare centralit\u00e0 alla carit\u00e0 nella comunit\u00e0 ecclesiale.<\/FONT><\/FONT><\/DIV><br \/>\n <DIV><FONT face=\"Geneva, Arial, Sans-serif\" size=2><FONT face=Verdana><\/FONT><\/FONT>\u00a0<\/DIV><br \/>\n <DIV><FONT face=\"Geneva, Arial, Sans-serif\" size=2>\u00a0<\/DIV><\/FONT><\/p>\n","protected":false},"excerpt":{"rendered":"<p>Itinerario di formazione alla carit\u00e0 per sacerdoti, seminaristi e diaconi della Chiesa italiana. Un volume curato da don Salvatore Ferdinandi, di Caritas Italiana.<\/p>\n","protected":false},"author":1,"featured_media":2564,"comment_status":"closed","ping_status":"closed","sticky":false,"template":"","format":"standard","meta":{"_lmt_disableupdate":"no","_lmt_disable":"","footnotes":""},"categories":[11,108],"tags":[],"canale_per_feed":[],"acf":[],"yoast_head":"<!-- This site is optimized with the Yoast SEO plugin v21.4 - https:\/\/yoast.com\/wordpress\/plugins\/seo\/ -->\n<title>&quot;Radicati e fondati nella carit\u00e0&quot; - Caritas DEV<\/title>\n<meta name=\"robots\" content=\"index, follow, max-snippet:-1, max-image-preview:large, max-video-preview:-1\" \/>\n<link rel=\"canonical\" href=\"https:\/\/caritas-wp.glauco.it\/caritas-dev\/radicati-e-fondati-nella-carita\/\" \/>\n<meta property=\"og:locale\" content=\"it_IT\" \/>\n<meta property=\"og:type\" content=\"article\" \/>\n<meta property=\"og:title\" content=\"&quot;Radicati e fondati nella carit\u00e0&quot; - Caritas DEV\" \/>\n<meta property=\"og:description\" content=\"Itinerario di formazione alla carit\u00e0 per sacerdoti, seminaristi e diaconi della Chiesa italiana. Un volume curato da don Salvatore Ferdinandi, di Caritas Italiana.\" \/>\n<meta property=\"og:url\" content=\"https:\/\/caritas-wp.glauco.it\/caritas-dev\/radicati-e-fondati-nella-carita\/\" \/>\n<meta property=\"og:site_name\" content=\"Caritas DEV\" \/>\n<meta property=\"article:published_time\" content=\"2006-05-27T10:27:00+00:00\" \/>\n<meta property=\"article:modified_time\" content=\"2022-09-22T07:58:29+00:00\" \/>\n<meta property=\"og:image\" content=\"https:\/\/caritas-wp.glauco.it\/caritas-dev\/wp-content\/uploads\/sites\/7\/2022\/09\/carita.jpg\" \/>\n\t<meta property=\"og:image:width\" content=\"200\" \/>\n\t<meta property=\"og:image:height\" content=\"313\" \/>\n\t<meta property=\"og:image:type\" content=\"image\/jpeg\" \/>\n<meta name=\"author\" content=\"sEEd_aDm_wP\" \/>\n<meta name=\"twitter:card\" content=\"summary_large_image\" \/>\n<meta name=\"twitter:label1\" content=\"Scritto da\" \/>\n\t<meta name=\"twitter:data1\" content=\"sEEd_aDm_wP\" \/>\n\t<meta name=\"twitter:label2\" content=\"Tempo di lettura stimato\" \/>\n\t<meta name=\"twitter:data2\" content=\"1 minuto\" \/>\n<script type=\"application\/ld+json\" class=\"yoast-schema-graph\">{\"@context\":\"https:\/\/schema.org\",\"@graph\":[{\"@type\":\"Article\",\"@id\":\"https:\/\/caritas-wp.glauco.it\/caritas-dev\/radicati-e-fondati-nella-carita\/#article\",\"isPartOf\":{\"@id\":\"https:\/\/caritas-wp.glauco.it\/caritas-dev\/radicati-e-fondati-nella-carita\/\"},\"author\":{\"name\":\"sEEd_aDm_wP\",\"@id\":\"https:\/\/caritas-wp.glauco.it\/caritas-dev\/#\/schema\/person\/3cada41afcce51378e1a7c7a79364e54\"},\"headline\":\"&#8220;Radicati e fondati nella carit\u00e0&#8221;\",\"datePublished\":\"2006-05-27T10:27:00+00:00\",\"dateModified\":\"2022-09-22T07:58:29+00:00\",\"mainEntityOfPage\":{\"@id\":\"https:\/\/caritas-wp.glauco.it\/caritas-dev\/radicati-e-fondati-nella-carita\/\"},\"wordCount\":219,\"publisher\":{\"@id\":\"https:\/\/caritas-wp.glauco.it\/caritas-dev\/#organization\"},\"articleSection\":[\"Libri\",\"Libri 2006\"],\"inLanguage\":\"it-IT\"},{\"@type\":\"WebPage\",\"@id\":\"https:\/\/caritas-wp.glauco.it\/caritas-dev\/radicati-e-fondati-nella-carita\/\",\"url\":\"https:\/\/caritas-wp.glauco.it\/caritas-dev\/radicati-e-fondati-nella-carita\/\",\"name\":\"\\\"Radicati e fondati nella carit\u00e0\\\" - Caritas DEV\",\"isPartOf\":{\"@id\":\"https:\/\/caritas-wp.glauco.it\/caritas-dev\/#website\"},\"datePublished\":\"2006-05-27T10:27:00+00:00\",\"dateModified\":\"2022-09-22T07:58:29+00:00\",\"breadcrumb\":{\"@id\":\"https:\/\/caritas-wp.glauco.it\/caritas-dev\/radicati-e-fondati-nella-carita\/#breadcrumb\"},\"inLanguage\":\"it-IT\",\"potentialAction\":[{\"@type\":\"ReadAction\",\"target\":[\"https:\/\/caritas-wp.glauco.it\/caritas-dev\/radicati-e-fondati-nella-carita\/\"]}]},{\"@type\":\"BreadcrumbList\",\"@id\":\"https:\/\/caritas-wp.glauco.it\/caritas-dev\/radicati-e-fondati-nella-carita\/#breadcrumb\",\"itemListElement\":[{\"@type\":\"ListItem\",\"position\":1,\"name\":\"Home\",\"item\":\"https:\/\/caritas-wp.glauco.it\/caritas-dev\/\"},{\"@type\":\"ListItem\",\"position\":2,\"name\":\"&#8220;Radicati e fondati nella carit\u00e0&#8221;\"}]},{\"@type\":\"WebSite\",\"@id\":\"https:\/\/caritas-wp.glauco.it\/caritas-dev\/#website\",\"url\":\"https:\/\/caritas-wp.glauco.it\/caritas-dev\/\",\"name\":\"Caritas DEV\",\"description\":\"Organismo Pastorale della CEI\",\"publisher\":{\"@id\":\"https:\/\/caritas-wp.glauco.it\/caritas-dev\/#organization\"},\"potentialAction\":[{\"@type\":\"SearchAction\",\"target\":{\"@type\":\"EntryPoint\",\"urlTemplate\":\"https:\/\/caritas-wp.glauco.it\/caritas-dev\/?s={search_term_string}\"},\"query-input\":\"required name=search_term_string\"}],\"inLanguage\":\"it-IT\"},{\"@type\":\"Organization\",\"@id\":\"https:\/\/caritas-wp.glauco.it\/caritas-dev\/#organization\",\"name\":\"Caritas Italiana\",\"url\":\"https:\/\/caritas-wp.glauco.it\/caritas-dev\/\",\"logo\":{\"@type\":\"ImageObject\",\"inLanguage\":\"it-IT\",\"@id\":\"https:\/\/caritas-wp.glauco.it\/caritas-dev\/#\/schema\/logo\/image\/\",\"url\":\"https:\/\/caritas-wp.glauco.it\/caritas-dev\/wp-content\/uploads\/sites\/7\/2022\/07\/logo_caritas-1.png\",\"contentUrl\":\"https:\/\/caritas-wp.glauco.it\/caritas-dev\/wp-content\/uploads\/sites\/7\/2022\/07\/logo_caritas-1.png\",\"width\":187,\"height\":80,\"caption\":\"Caritas Italiana\"},\"image\":{\"@id\":\"https:\/\/caritas-wp.glauco.it\/caritas-dev\/#\/schema\/logo\/image\/\"}},{\"@type\":\"Person\",\"@id\":\"https:\/\/caritas-wp.glauco.it\/caritas-dev\/#\/schema\/person\/3cada41afcce51378e1a7c7a79364e54\",\"name\":\"sEEd_aDm_wP\",\"sameAs\":[\"https:\/\/caritas-wp.glauco.it\"]}]}<\/script>\n<!-- \/ Yoast SEO plugin. -->","yoast_head_json":{"title":"\"Radicati e fondati nella carit\u00e0\" - Caritas DEV","robots":{"index":"index","follow":"follow","max-snippet":"max-snippet:-1","max-image-preview":"max-image-preview:large","max-video-preview":"max-video-preview:-1"},"canonical":"https:\/\/caritas-wp.glauco.it\/caritas-dev\/radicati-e-fondati-nella-carita\/","og_locale":"it_IT","og_type":"article","og_title":"\"Radicati e fondati nella carit\u00e0\" - Caritas DEV","og_description":"Itinerario di formazione alla carit\u00e0 per sacerdoti, seminaristi e diaconi della Chiesa italiana. Un volume curato da don Salvatore Ferdinandi, di Caritas Italiana.","og_url":"https:\/\/caritas-wp.glauco.it\/caritas-dev\/radicati-e-fondati-nella-carita\/","og_site_name":"Caritas DEV","article_published_time":"2006-05-27T10:27:00+00:00","article_modified_time":"2022-09-22T07:58:29+00:00","og_image":[{"width":200,"height":313,"url":"https:\/\/caritas-wp.glauco.it\/caritas-dev\/wp-content\/uploads\/sites\/7\/2022\/09\/carita.jpg","type":"image\/jpeg"}],"author":"sEEd_aDm_wP","twitter_card":"summary_large_image","twitter_misc":{"Scritto da":"sEEd_aDm_wP","Tempo di lettura stimato":"1 minuto"},"schema":{"@context":"https:\/\/schema.org","@graph":[{"@type":"Article","@id":"https:\/\/caritas-wp.glauco.it\/caritas-dev\/radicati-e-fondati-nella-carita\/#article","isPartOf":{"@id":"https:\/\/caritas-wp.glauco.it\/caritas-dev\/radicati-e-fondati-nella-carita\/"},"author":{"name":"sEEd_aDm_wP","@id":"https:\/\/caritas-wp.glauco.it\/caritas-dev\/#\/schema\/person\/3cada41afcce51378e1a7c7a79364e54"},"headline":"&#8220;Radicati e fondati nella carit\u00e0&#8221;","datePublished":"2006-05-27T10:27:00+00:00","dateModified":"2022-09-22T07:58:29+00:00","mainEntityOfPage":{"@id":"https:\/\/caritas-wp.glauco.it\/caritas-dev\/radicati-e-fondati-nella-carita\/"},"wordCount":219,"publisher":{"@id":"https:\/\/caritas-wp.glauco.it\/caritas-dev\/#organization"},"articleSection":["Libri","Libri 2006"],"inLanguage":"it-IT"},{"@type":"WebPage","@id":"https:\/\/caritas-wp.glauco.it\/caritas-dev\/radicati-e-fondati-nella-carita\/","url":"https:\/\/caritas-wp.glauco.it\/caritas-dev\/radicati-e-fondati-nella-carita\/","name":"\"Radicati e fondati nella carit\u00e0\" - Caritas DEV","isPartOf":{"@id":"https:\/\/caritas-wp.glauco.it\/caritas-dev\/#website"},"datePublished":"2006-05-27T10:27:00+00:00","dateModified":"2022-09-22T07:58:29+00:00","breadcrumb":{"@id":"https:\/\/caritas-wp.glauco.it\/caritas-dev\/radicati-e-fondati-nella-carita\/#breadcrumb"},"inLanguage":"it-IT","potentialAction":[{"@type":"ReadAction","target":["https:\/\/caritas-wp.glauco.it\/caritas-dev\/radicati-e-fondati-nella-carita\/"]}]},{"@type":"BreadcrumbList","@id":"https:\/\/caritas-wp.glauco.it\/caritas-dev\/radicati-e-fondati-nella-carita\/#breadcrumb","itemListElement":[{"@type":"ListItem","position":1,"name":"Home","item":"https:\/\/caritas-wp.glauco.it\/caritas-dev\/"},{"@type":"ListItem","position":2,"name":"&#8220;Radicati e fondati nella carit\u00e0&#8221;"}]},{"@type":"WebSite","@id":"https:\/\/caritas-wp.glauco.it\/caritas-dev\/#website","url":"https:\/\/caritas-wp.glauco.it\/caritas-dev\/","name":"Caritas DEV","description":"Organismo Pastorale della CEI","publisher":{"@id":"https:\/\/caritas-wp.glauco.it\/caritas-dev\/#organization"},"potentialAction":[{"@type":"SearchAction","target":{"@type":"EntryPoint","urlTemplate":"https:\/\/caritas-wp.glauco.it\/caritas-dev\/?s={search_term_string}"},"query-input":"required name=search_term_string"}],"inLanguage":"it-IT"},{"@type":"Organization","@id":"https:\/\/caritas-wp.glauco.it\/caritas-dev\/#organization","name":"Caritas Italiana","url":"https:\/\/caritas-wp.glauco.it\/caritas-dev\/","logo":{"@type":"ImageObject","inLanguage":"it-IT","@id":"https:\/\/caritas-wp.glauco.it\/caritas-dev\/#\/schema\/logo\/image\/","url":"https:\/\/caritas-wp.glauco.it\/caritas-dev\/wp-content\/uploads\/sites\/7\/2022\/07\/logo_caritas-1.png","contentUrl":"https:\/\/caritas-wp.glauco.it\/caritas-dev\/wp-content\/uploads\/sites\/7\/2022\/07\/logo_caritas-1.png","width":187,"height":80,"caption":"Caritas Italiana"},"image":{"@id":"https:\/\/caritas-wp.glauco.it\/caritas-dev\/#\/schema\/logo\/image\/"}},{"@type":"Person","@id":"https:\/\/caritas-wp.glauco.it\/caritas-dev\/#\/schema\/person\/3cada41afcce51378e1a7c7a79364e54","name":"sEEd_aDm_wP","sameAs":["https:\/\/caritas-wp.glauco.it"]}]}},"modified_by":null,"_links":{"self":[{"href":"https:\/\/caritas-wp.glauco.it\/caritas-dev\/wp-json\/wp\/v2\/posts\/2563"}],"collection":[{"href":"https:\/\/caritas-wp.glauco.it\/caritas-dev\/wp-json\/wp\/v2\/posts"}],"about":[{"href":"https:\/\/caritas-wp.glauco.it\/caritas-dev\/wp-json\/wp\/v2\/types\/post"}],"author":[{"embeddable":true,"href":"https:\/\/caritas-wp.glauco.it\/caritas-dev\/wp-json\/wp\/v2\/users\/1"}],"replies":[{"embeddable":true,"href":"https:\/\/caritas-wp.glauco.it\/caritas-dev\/wp-json\/wp\/v2\/comments?post=2563"}],"version-history":[{"count":1,"href":"https:\/\/caritas-wp.glauco.it\/caritas-dev\/wp-json\/wp\/v2\/posts\/2563\/revisions"}],"predecessor-version":[{"id":3422,"href":"https:\/\/caritas-wp.glauco.it\/caritas-dev\/wp-json\/wp\/v2\/posts\/2563\/revisions\/3422"}],"wp:featuredmedia":[{"embeddable":true,"href":"https:\/\/caritas-wp.glauco.it\/caritas-dev\/wp-json\/wp\/v2\/media\/2564"}],"wp:attachment":[{"href":"https:\/\/caritas-wp.glauco.it\/caritas-dev\/wp-json\/wp\/v2\/media?parent=2563"}],"wp:term":[{"taxonomy":"category","embeddable":true,"href":"https:\/\/caritas-wp.glauco.it\/caritas-dev\/wp-json\/wp\/v2\/categories?post=2563"},{"taxonomy":"post_tag","embeddable":true,"href":"https:\/\/caritas-wp.glauco.it\/caritas-dev\/wp-json\/wp\/v2\/tags?post=2563"},{"taxonomy":"canale_per_feed","embeddable":true,"href":"https:\/\/caritas-wp.glauco.it\/caritas-dev\/wp-json\/wp\/v2\/canale_per_feed?post=2563"}],"curies":[{"name":"wp","href":"https:\/\/api.w.org\/{rel}","templated":true}]}}