{"id":2566,"date":"2006-05-27T12:38:00","date_gmt":"2006-05-27T10:38:00","guid":{"rendered":"https:\/\/caritas-wp.glauco.it\/caritas-dev\/rapporto-annuale-2005\/"},"modified":"2022-09-22T09:58:23","modified_gmt":"2022-09-22T07:58:23","slug":"rapporto-annuale-2005","status":"publish","type":"post","link":"https:\/\/caritas-wp.glauco.it\/caritas-dev\/rapporto-annuale-2005\/","title":{"rendered":"Rapporto annuale 2005"},"content":{"rendered":"<p><DIV><FONT face=\"Verdana, Geneva, Arial, Sans-serif\" size=2><STRONG>Attivit\u00e0, iniziative, progetti in Italia e nel mondo<\/STRONG><\/FONT><\/DIV><br \/>\n <DIV><FONT face=\"Verdana, Geneva, Arial, Sans-serif\" size=2><\/FONT>\u00a0<\/DIV><br \/>\n <DIV><FONT size=2><FONT face=\"Verdana, Geneva, Arial, Sans-serif\">Maggio 2006 <BR>Pagine: 104 (+ 4 schede)<\/FONT><\/FONT><\/DIV><br \/>\n <DIV><FONT face=\"Verdana, Geneva, Arial, Sans-serif\" size=2><\/FONT>\u00a0<\/DIV><br \/>\n <DIV><FONT face=\"Geneva, Arial, Sans-serif\" size=2><a onclick=\"javascript:load('\/pls\/caritasitaliana\/v3_s2ew_consultazione.redir_allegati_doc?p_id_pagina=544&#038;p_id_allegato=347&#038;p_url_rimando=\/caritasitaliana\/allegati\/544\/rapp_finanziario.pdf','_blank');return false;\" href=\"\/pls\/caritasitaliana\/v3_s2ew_consultazione.redir_allegati_doc?p_id_pagina=544&#038;p_id_allegato=347&#038;p_url_rimando=\/caritasitaliana\/allegati\/544\/rapp_finanziario.pdf\" target=\"_blank\" rel=\"noopener\"><FONT face=\"Verdana, Geneva, Arial, Sans-serif\">Scarica il Rapporto<\/FONT><\/A><FONT face=\"Verdana, Geneva, Arial, Sans-serif\" size=1> (pdf 1,5 Mb 104 p.)<\/FONT><FONT onclick=\"javascript:load('\/pls\/caritasitaliana\/v3_s2ew_consultazione.redir_allegati_doc?p_id_pagina=544&#038;p_id_allegato=347&#038;p_url_rimando=\/caritasitaliana\/allegati\/544\/rapp_finanziario.pdf','_BLANK');return false;\" target=\"_BLANK\"><BR><a onclick=\"javascript:load('\/pls\/caritasitaliana\/v3_s2ew_consultazione.redir_allegati_doc?p_id_pagina=544&#038;p_id_allegato=347&#038;p_url_rimando=\/caritasitaliana\/allegati\/544\/rapp_finanziario.pdf','_blank');return false;\" href=\"\/pls\/caritasitaliana\/v3_s2ew_consultazione.redir_allegati_doc?p_id_pagina=544&#038;p_id_allegato=347&#038;p_url_rimando=\/caritasitaliana\/allegati\/544\/rapp_finanziario.pdf\" target=\"_blank\" rel=\"noopener\"><FONT face=\"Verdana, Geneva, Arial, Sans-serif\">Rapporto finanziario sintetico 2005<\/FONT><\/A><FONT face=\"Verdana, Geneva, Arial, Sans-serif\" size=1> (pdf 1,46 Mb 8 pp.)<\/FONT><\/FONT><BR><BR><FONT face=\"Verdana, Geneva, Arial, Sans-serif\">Attivit\u00e0 di solidariet\u00e0, iniziative di formazione e coordinamento, servizio di animazione alla comunit\u00e0 cristiana, come tentativi di risposta alle aspettative del nostro tempo. \u00c8 la chiave di lettura del Rapporto annuale 2005 di Caritas Italiana. Un anno, avviato con gli effetti del devastante maremoto dell\u0092Oceano Indiano, che ha visto aprirsi molti nuovi fronti di impegno.<BR><BR>Il lavoro di Caritas Italiana \u00e8 stato orientato dal documento <STRONG>&#8220;Partire dai poveri per costruire comunit\u00e0&#8221;<\/STRONG>, condiviso con le delegazioni regionali; l\u0092obiettivo \u00e8 rimasto quello di connettere le funzioni dell\u0092ascoltare (Centri di Ascolto), osservare (Osservatori delle Povert\u00e0 e delle Risorse) e discernere per animare (Laboratori per la promozione di Caritas parrocchiali). Un progetto di &#8220;rete&#8221;, a servizio di poveri, comunit\u00e0 e territorio, che ha coinvolto oltre 150 Caritas diocesane e 13 reti regionali.<BR><BR>Fedele al suo approccio (proporre percorsi educativi a partire dai fatti), Caritas Italiana anche nel 2005 ha realizzato <STRONG>progetti per oltre 35 milioni di euro<\/STRONG>, pi\u00f9 di 13 in Italia e quasi 22 all\u0092estero. Tramite l&#8217;otto per mille Italia, oltre 100 Caritas diocesane hanno presentato pi\u00f9 di 200 progetti per circa 10 milioni di euro in diverse aree: carcere, minori, disagio familiare, senza dimora, immigrazione, disagio mentale, salvaguardia del territorio. Dopo la fine della leva obbligatoria, hanno terminato il servizio gli ultimi 900 obiettori, ma \u00e8 proseguito l\u0092impegno nel servizio civile volontario, con 189 Caritas diocesane accreditate e 1.830 sedi operative; 315 sono stati i progetti presentati tra maggio e settembre in Italia e nel mondo, oltre mille i giovani coinvolti. <BR><BR>Molte le pubblicazioni e le ricerche, come il &#8220;Dossier immigrazione 2005&#8221; con Caritas Roma e Fondazione Migrantes e il volume &#8220;Guerre alla finestra. Rapporto di ricerca su conflitti dimenticati, guerre infinite, terrorismo internazionale&#8221;, in collaborazione con &#8220;Famiglia Cristiana&#8221; e &#8220;Il Regno&#8221;. Forte anche l\u0092impegno con altre realt\u00e0 del mondo cattolico nel rilanciare in Italia la campagna internazionale sugli Obiettivi di sviluppo del millennio.<BR><BR>A livello internazionale i progetti hanno riguardato gli ambiti sociale, di aiuto d\u0092urgenza, promozione, formazione, animazione, pace e diritti umani, socio-economico e sanitario. In Asia e Oceania sono stati impiegati pi\u00f9 di 15,5 milioni di euro, quasi 2,6 in Africa, 1,3 in Medio Oriente e Nord Africa, oltre 1,2 in America Latina, 1 in Europa.<\/FONT><\/FONT><\/DIV><br \/>\n <DIV><FONT face=\"Geneva, Arial, Sans-serif\" size=2><FONT face=Verdana><\/FONT><\/FONT>\u00a0<\/DIV><br \/>\n <DIV><FONT face=\"Geneva, Arial, Sans-serif\" size=2>\u00a0<\/DIV><\/FONT><\/p>\n","protected":false},"excerpt":{"rendered":"<p>Un anno di attivit\u00e0, iniziative, progetti in Italia e nel mondo. Ma soprattutto il resoconto della prosecuzione di un cammino.<\/p>\n","protected":false},"author":1,"featured_media":2567,"comment_status":"closed","ping_status":"closed","sticky":false,"template":"","format":"standard","meta":{"_lmt_disableupdate":"no","_lmt_disable":"","footnotes":""},"categories":[11,108],"tags":[],"canale_per_feed":[],"acf":[],"yoast_head":"<!-- This site is optimized with the Yoast SEO plugin v21.4 - https:\/\/yoast.com\/wordpress\/plugins\/seo\/ -->\n<title>Rapporto annuale 2005 - Caritas DEV<\/title>\n<meta name=\"robots\" content=\"index, follow, max-snippet:-1, max-image-preview:large, max-video-preview:-1\" \/>\n<link rel=\"canonical\" href=\"https:\/\/caritas-wp.glauco.it\/caritas-dev\/rapporto-annuale-2005\/\" \/>\n<meta property=\"og:locale\" content=\"it_IT\" \/>\n<meta property=\"og:type\" content=\"article\" \/>\n<meta property=\"og:title\" content=\"Rapporto annuale 2005 - Caritas DEV\" \/>\n<meta property=\"og:description\" content=\"Un anno di attivit\u00e0, iniziative, progetti in Italia e nel mondo. Ma soprattutto il resoconto della prosecuzione di un cammino.\" \/>\n<meta property=\"og:url\" content=\"https:\/\/caritas-wp.glauco.it\/caritas-dev\/rapporto-annuale-2005\/\" \/>\n<meta property=\"og:site_name\" content=\"Caritas DEV\" \/>\n<meta property=\"article:published_time\" content=\"2006-05-27T10:38:00+00:00\" \/>\n<meta property=\"article:modified_time\" content=\"2022-09-22T07:58:23+00:00\" \/>\n<meta property=\"og:image\" content=\"https:\/\/caritas-wp.glauco.it\/caritas-dev\/wp-content\/uploads\/sites\/7\/2022\/09\/RA2005.jpg\" \/>\n\t<meta property=\"og:image:width\" content=\"200\" \/>\n\t<meta property=\"og:image:height\" content=\"280\" \/>\n\t<meta property=\"og:image:type\" content=\"image\/jpeg\" \/>\n<meta name=\"author\" content=\"sEEd_aDm_wP\" \/>\n<meta name=\"twitter:card\" content=\"summary_large_image\" \/>\n<meta name=\"twitter:label1\" content=\"Scritto da\" \/>\n\t<meta name=\"twitter:data1\" content=\"sEEd_aDm_wP\" \/>\n\t<meta name=\"twitter:label2\" content=\"Tempo di lettura stimato\" \/>\n\t<meta name=\"twitter:data2\" content=\"2 minuti\" \/>\n<script type=\"application\/ld+json\" class=\"yoast-schema-graph\">{\"@context\":\"https:\/\/schema.org\",\"@graph\":[{\"@type\":\"Article\",\"@id\":\"https:\/\/caritas-wp.glauco.it\/caritas-dev\/rapporto-annuale-2005\/#article\",\"isPartOf\":{\"@id\":\"https:\/\/caritas-wp.glauco.it\/caritas-dev\/rapporto-annuale-2005\/\"},\"author\":{\"name\":\"sEEd_aDm_wP\",\"@id\":\"https:\/\/caritas-wp.glauco.it\/caritas-dev\/#\/schema\/person\/3cada41afcce51378e1a7c7a79364e54\"},\"headline\":\"Rapporto annuale 2005\",\"datePublished\":\"2006-05-27T10:38:00+00:00\",\"dateModified\":\"2022-09-22T07:58:23+00:00\",\"mainEntityOfPage\":{\"@id\":\"https:\/\/caritas-wp.glauco.it\/caritas-dev\/rapporto-annuale-2005\/\"},\"wordCount\":375,\"publisher\":{\"@id\":\"https:\/\/caritas-wp.glauco.it\/caritas-dev\/#organization\"},\"articleSection\":[\"Libri\",\"Libri 2006\"],\"inLanguage\":\"it-IT\"},{\"@type\":\"WebPage\",\"@id\":\"https:\/\/caritas-wp.glauco.it\/caritas-dev\/rapporto-annuale-2005\/\",\"url\":\"https:\/\/caritas-wp.glauco.it\/caritas-dev\/rapporto-annuale-2005\/\",\"name\":\"Rapporto annuale 2005 - Caritas DEV\",\"isPartOf\":{\"@id\":\"https:\/\/caritas-wp.glauco.it\/caritas-dev\/#website\"},\"datePublished\":\"2006-05-27T10:38:00+00:00\",\"dateModified\":\"2022-09-22T07:58:23+00:00\",\"breadcrumb\":{\"@id\":\"https:\/\/caritas-wp.glauco.it\/caritas-dev\/rapporto-annuale-2005\/#breadcrumb\"},\"inLanguage\":\"it-IT\",\"potentialAction\":[{\"@type\":\"ReadAction\",\"target\":[\"https:\/\/caritas-wp.glauco.it\/caritas-dev\/rapporto-annuale-2005\/\"]}]},{\"@type\":\"BreadcrumbList\",\"@id\":\"https:\/\/caritas-wp.glauco.it\/caritas-dev\/rapporto-annuale-2005\/#breadcrumb\",\"itemListElement\":[{\"@type\":\"ListItem\",\"position\":1,\"name\":\"Home\",\"item\":\"https:\/\/caritas-wp.glauco.it\/caritas-dev\/\"},{\"@type\":\"ListItem\",\"position\":2,\"name\":\"Rapporto annuale 2005\"}]},{\"@type\":\"WebSite\",\"@id\":\"https:\/\/caritas-wp.glauco.it\/caritas-dev\/#website\",\"url\":\"https:\/\/caritas-wp.glauco.it\/caritas-dev\/\",\"name\":\"Caritas DEV\",\"description\":\"Organismo Pastorale della CEI\",\"publisher\":{\"@id\":\"https:\/\/caritas-wp.glauco.it\/caritas-dev\/#organization\"},\"potentialAction\":[{\"@type\":\"SearchAction\",\"target\":{\"@type\":\"EntryPoint\",\"urlTemplate\":\"https:\/\/caritas-wp.glauco.it\/caritas-dev\/?s={search_term_string}\"},\"query-input\":\"required name=search_term_string\"}],\"inLanguage\":\"it-IT\"},{\"@type\":\"Organization\",\"@id\":\"https:\/\/caritas-wp.glauco.it\/caritas-dev\/#organization\",\"name\":\"Caritas Italiana\",\"url\":\"https:\/\/caritas-wp.glauco.it\/caritas-dev\/\",\"logo\":{\"@type\":\"ImageObject\",\"inLanguage\":\"it-IT\",\"@id\":\"https:\/\/caritas-wp.glauco.it\/caritas-dev\/#\/schema\/logo\/image\/\",\"url\":\"https:\/\/caritas-wp.glauco.it\/caritas-dev\/wp-content\/uploads\/sites\/7\/2022\/07\/logo_caritas-1.png\",\"contentUrl\":\"https:\/\/caritas-wp.glauco.it\/caritas-dev\/wp-content\/uploads\/sites\/7\/2022\/07\/logo_caritas-1.png\",\"width\":187,\"height\":80,\"caption\":\"Caritas Italiana\"},\"image\":{\"@id\":\"https:\/\/caritas-wp.glauco.it\/caritas-dev\/#\/schema\/logo\/image\/\"}},{\"@type\":\"Person\",\"@id\":\"https:\/\/caritas-wp.glauco.it\/caritas-dev\/#\/schema\/person\/3cada41afcce51378e1a7c7a79364e54\",\"name\":\"sEEd_aDm_wP\",\"sameAs\":[\"https:\/\/caritas-wp.glauco.it\"]}]}<\/script>\n<!-- \/ Yoast SEO plugin. -->","yoast_head_json":{"title":"Rapporto annuale 2005 - Caritas DEV","robots":{"index":"index","follow":"follow","max-snippet":"max-snippet:-1","max-image-preview":"max-image-preview:large","max-video-preview":"max-video-preview:-1"},"canonical":"https:\/\/caritas-wp.glauco.it\/caritas-dev\/rapporto-annuale-2005\/","og_locale":"it_IT","og_type":"article","og_title":"Rapporto annuale 2005 - Caritas DEV","og_description":"Un anno di attivit\u00e0, iniziative, progetti in Italia e nel mondo. Ma soprattutto il resoconto della prosecuzione di un cammino.","og_url":"https:\/\/caritas-wp.glauco.it\/caritas-dev\/rapporto-annuale-2005\/","og_site_name":"Caritas DEV","article_published_time":"2006-05-27T10:38:00+00:00","article_modified_time":"2022-09-22T07:58:23+00:00","og_image":[{"width":200,"height":280,"url":"https:\/\/caritas-wp.glauco.it\/caritas-dev\/wp-content\/uploads\/sites\/7\/2022\/09\/RA2005.jpg","type":"image\/jpeg"}],"author":"sEEd_aDm_wP","twitter_card":"summary_large_image","twitter_misc":{"Scritto da":"sEEd_aDm_wP","Tempo di lettura stimato":"2 minuti"},"schema":{"@context":"https:\/\/schema.org","@graph":[{"@type":"Article","@id":"https:\/\/caritas-wp.glauco.it\/caritas-dev\/rapporto-annuale-2005\/#article","isPartOf":{"@id":"https:\/\/caritas-wp.glauco.it\/caritas-dev\/rapporto-annuale-2005\/"},"author":{"name":"sEEd_aDm_wP","@id":"https:\/\/caritas-wp.glauco.it\/caritas-dev\/#\/schema\/person\/3cada41afcce51378e1a7c7a79364e54"},"headline":"Rapporto annuale 2005","datePublished":"2006-05-27T10:38:00+00:00","dateModified":"2022-09-22T07:58:23+00:00","mainEntityOfPage":{"@id":"https:\/\/caritas-wp.glauco.it\/caritas-dev\/rapporto-annuale-2005\/"},"wordCount":375,"publisher":{"@id":"https:\/\/caritas-wp.glauco.it\/caritas-dev\/#organization"},"articleSection":["Libri","Libri 2006"],"inLanguage":"it-IT"},{"@type":"WebPage","@id":"https:\/\/caritas-wp.glauco.it\/caritas-dev\/rapporto-annuale-2005\/","url":"https:\/\/caritas-wp.glauco.it\/caritas-dev\/rapporto-annuale-2005\/","name":"Rapporto annuale 2005 - Caritas DEV","isPartOf":{"@id":"https:\/\/caritas-wp.glauco.it\/caritas-dev\/#website"},"datePublished":"2006-05-27T10:38:00+00:00","dateModified":"2022-09-22T07:58:23+00:00","breadcrumb":{"@id":"https:\/\/caritas-wp.glauco.it\/caritas-dev\/rapporto-annuale-2005\/#breadcrumb"},"inLanguage":"it-IT","potentialAction":[{"@type":"ReadAction","target":["https:\/\/caritas-wp.glauco.it\/caritas-dev\/rapporto-annuale-2005\/"]}]},{"@type":"BreadcrumbList","@id":"https:\/\/caritas-wp.glauco.it\/caritas-dev\/rapporto-annuale-2005\/#breadcrumb","itemListElement":[{"@type":"ListItem","position":1,"name":"Home","item":"https:\/\/caritas-wp.glauco.it\/caritas-dev\/"},{"@type":"ListItem","position":2,"name":"Rapporto annuale 2005"}]},{"@type":"WebSite","@id":"https:\/\/caritas-wp.glauco.it\/caritas-dev\/#website","url":"https:\/\/caritas-wp.glauco.it\/caritas-dev\/","name":"Caritas DEV","description":"Organismo Pastorale della CEI","publisher":{"@id":"https:\/\/caritas-wp.glauco.it\/caritas-dev\/#organization"},"potentialAction":[{"@type":"SearchAction","target":{"@type":"EntryPoint","urlTemplate":"https:\/\/caritas-wp.glauco.it\/caritas-dev\/?s={search_term_string}"},"query-input":"required name=search_term_string"}],"inLanguage":"it-IT"},{"@type":"Organization","@id":"https:\/\/caritas-wp.glauco.it\/caritas-dev\/#organization","name":"Caritas Italiana","url":"https:\/\/caritas-wp.glauco.it\/caritas-dev\/","logo":{"@type":"ImageObject","inLanguage":"it-IT","@id":"https:\/\/caritas-wp.glauco.it\/caritas-dev\/#\/schema\/logo\/image\/","url":"https:\/\/caritas-wp.glauco.it\/caritas-dev\/wp-content\/uploads\/sites\/7\/2022\/07\/logo_caritas-1.png","contentUrl":"https:\/\/caritas-wp.glauco.it\/caritas-dev\/wp-content\/uploads\/sites\/7\/2022\/07\/logo_caritas-1.png","width":187,"height":80,"caption":"Caritas Italiana"},"image":{"@id":"https:\/\/caritas-wp.glauco.it\/caritas-dev\/#\/schema\/logo\/image\/"}},{"@type":"Person","@id":"https:\/\/caritas-wp.glauco.it\/caritas-dev\/#\/schema\/person\/3cada41afcce51378e1a7c7a79364e54","name":"sEEd_aDm_wP","sameAs":["https:\/\/caritas-wp.glauco.it"]}]}},"modified_by":null,"_links":{"self":[{"href":"https:\/\/caritas-wp.glauco.it\/caritas-dev\/wp-json\/wp\/v2\/posts\/2566"}],"collection":[{"href":"https:\/\/caritas-wp.glauco.it\/caritas-dev\/wp-json\/wp\/v2\/posts"}],"about":[{"href":"https:\/\/caritas-wp.glauco.it\/caritas-dev\/wp-json\/wp\/v2\/types\/post"}],"author":[{"embeddable":true,"href":"https:\/\/caritas-wp.glauco.it\/caritas-dev\/wp-json\/wp\/v2\/users\/1"}],"replies":[{"embeddable":true,"href":"https:\/\/caritas-wp.glauco.it\/caritas-dev\/wp-json\/wp\/v2\/comments?post=2566"}],"version-history":[{"count":1,"href":"https:\/\/caritas-wp.glauco.it\/caritas-dev\/wp-json\/wp\/v2\/posts\/2566\/revisions"}],"predecessor-version":[{"id":3423,"href":"https:\/\/caritas-wp.glauco.it\/caritas-dev\/wp-json\/wp\/v2\/posts\/2566\/revisions\/3423"}],"wp:featuredmedia":[{"embeddable":true,"href":"https:\/\/caritas-wp.glauco.it\/caritas-dev\/wp-json\/wp\/v2\/media\/2567"}],"wp:attachment":[{"href":"https:\/\/caritas-wp.glauco.it\/caritas-dev\/wp-json\/wp\/v2\/media?parent=2566"}],"wp:term":[{"taxonomy":"category","embeddable":true,"href":"https:\/\/caritas-wp.glauco.it\/caritas-dev\/wp-json\/wp\/v2\/categories?post=2566"},{"taxonomy":"post_tag","embeddable":true,"href":"https:\/\/caritas-wp.glauco.it\/caritas-dev\/wp-json\/wp\/v2\/tags?post=2566"},{"taxonomy":"canale_per_feed","embeddable":true,"href":"https:\/\/caritas-wp.glauco.it\/caritas-dev\/wp-json\/wp\/v2\/canale_per_feed?post=2566"}],"curies":[{"name":"wp","href":"https:\/\/api.w.org\/{rel}","templated":true}]}}