{"id":2605,"date":"2003-05-14T12:45:00","date_gmt":"2003-05-14T10:45:00","guid":{"rendered":"https:\/\/caritas-wp.glauco.it\/caritas-dev\/dossier-statistico-immigrazione-caritas-migrantes-2003\/"},"modified":"2022-09-22T09:50:52","modified_gmt":"2022-09-22T07:50:52","slug":"dossier-statistico-immigrazione-caritas-migrantes-2003","status":"publish","type":"post","link":"https:\/\/caritas-wp.glauco.it\/caritas-dev\/dossier-statistico-immigrazione-caritas-migrantes-2003\/","title":{"rendered":"Dossier Statistico Immigrazione Caritas-Migrantes 2003"},"content":{"rendered":"<p><DIV><FONT size=2><FONT face=\"Verdana, Geneva, Arial, Sans-serif\">XIII Rapporto<\/FONT><\/FONT><\/DIV><br \/>\n <DIV><FONT size=2><FONT face=\"Verdana, Geneva, Arial, Sans-serif\"><BR><\/FONT><FONT face=\"Verdana, Geneva, Arial, Sans-serif\"><FONT size=1><FONT size=2>Caritas Italiana &#8211; Fondazione Migrantes &#8211; Caritas diocesana di Roma<\/FONT><\/FONT><\/FONT><\/FONT><\/DIV><br \/>\n <DIV>\u00a0<\/DIV><br \/>\n <DIV><FONT size=2><FONT face=\"Verdana, Geneva, Arial, Sans-serif\">Edizioni Nuova Anterem<BR>Ottobre 2003<BR>Pagine: 496<\/FONT><\/FONT><\/DIV><br \/>\n <DIV><FONT size=2><\/FONT>\u00a0<\/DIV><br \/>\n <DIV><a href=\"\/pls\/caritasitaliana\/v3_s2ew_consultazione.redir_allegati_doc?p_id_pagina=405&#038;p_id_allegato=204&#038;p_url_rimando=\/caritasitaliana\/allegati\/405\/Scheda_sintesi_2003.pdf\" target=\"_BLANK\" rel=\"noopener\"><FONT face=\"Verdana, Geneva, Arial, Sans-serif\" size=2>Scheda di Sintesi<\/FONT><\/A><FONT face=\"Verdana, Geneva, Arial, Sans-serif\" size=1>\u00a0(pdf)<\/FONT><\/DIV><br \/>\n <DIV><FONT size=2><FONT face=\"Verdana, Geneva, Arial, Sans-serif\"><\/FONT><\/FONT>\u00a0<\/DIV><br \/>\n <DIV><FONT size=2><FONT face=\"Verdana, Geneva, Arial, Sans-serif\">Il Dossier rappresenta uno strumento per capire meglio gli scenari, orientarsi nel complesso fenomeno delle migrazioni a livello nazionale, europeo e mondiale e contribuire al dibattito politico in atto.<BR>In <STRONG>57 capitoli e alcune centinaia di tabelle<\/STRONG>, una panoramica ampia e approfondita realizzata con la collaborazione di diversi archivi statistici e di un nutrito gruppo di redattori centrali e territoriali.<BR><BR>Lo slogan &#8220;Italia, paese di immigrazione in un mondo di migranti&#8221; intende sotolineare che l&#8217;immigrazione va considerata non un fenomeno emergenziale bens\u00ec una dimensione strutturale della societ\u00e0, che comporta da parte dei politici, degli amministratori e degli operatori sociali una concezione pi\u00f9 approfondita e pi\u00f9 lungimirante.<\/FONT><\/FONT><\/DIV><br \/>\n <DIV><FONT size=2><FONT face=Verdana><\/FONT><\/FONT>\u00a0<\/DIV><br \/>\n <DIV><FONT size=2>\u00a0<\/DIV><\/FONT><\/p>\n","protected":false},"excerpt":{"rendered":"<p>Centinaia di tabelle e 57 capitoli per il XIII Rapporto. Lo slogan: &#8220;Italia, paese di immigrazione in un mondo di migranti&#8221;.<\/p>\n","protected":false},"author":1,"featured_media":2606,"comment_status":"closed","ping_status":"closed","sticky":false,"template":"","format":"standard","meta":{"_lmt_disableupdate":"no","_lmt_disable":"","footnotes":""},"categories":[11,110],"tags":[],"canale_per_feed":[],"acf":[],"yoast_head":"<!-- This site is optimized with the Yoast SEO plugin v21.4 - https:\/\/yoast.com\/wordpress\/plugins\/seo\/ -->\n<title>Dossier Statistico Immigrazione Caritas-Migrantes 2003 - Caritas DEV<\/title>\n<meta name=\"robots\" content=\"index, follow, max-snippet:-1, max-image-preview:large, max-video-preview:-1\" \/>\n<link rel=\"canonical\" href=\"https:\/\/caritas-wp.glauco.it\/caritas-dev\/dossier-statistico-immigrazione-caritas-migrantes-2003\/\" \/>\n<meta property=\"og:locale\" content=\"it_IT\" \/>\n<meta property=\"og:type\" content=\"article\" \/>\n<meta property=\"og:title\" content=\"Dossier Statistico Immigrazione Caritas-Migrantes 2003 - Caritas DEV\" \/>\n<meta property=\"og:description\" content=\"Centinaia di tabelle e 57 capitoli per il XIII Rapporto. Lo slogan: &quot;Italia, paese di immigrazione in un mondo di migranti&quot;.\" \/>\n<meta property=\"og:url\" content=\"https:\/\/caritas-wp.glauco.it\/caritas-dev\/dossier-statistico-immigrazione-caritas-migrantes-2003\/\" \/>\n<meta property=\"og:site_name\" content=\"Caritas DEV\" \/>\n<meta property=\"article:published_time\" content=\"2003-05-14T10:45:00+00:00\" \/>\n<meta property=\"article:modified_time\" content=\"2022-09-22T07:50:52+00:00\" \/>\n<meta property=\"og:image\" content=\"https:\/\/caritas-wp.glauco.it\/caritas-dev\/wp-content\/uploads\/sites\/7\/2022\/09\/Dossier2003.jpg\" \/>\n\t<meta property=\"og:image:width\" content=\"100\" \/>\n\t<meta property=\"og:image:height\" content=\"141\" \/>\n\t<meta property=\"og:image:type\" content=\"image\/jpeg\" \/>\n<meta name=\"author\" content=\"sEEd_aDm_wP\" \/>\n<meta name=\"twitter:card\" content=\"summary_large_image\" \/>\n<meta name=\"twitter:label1\" content=\"Scritto da\" \/>\n\t<meta name=\"twitter:data1\" content=\"sEEd_aDm_wP\" \/>\n\t<meta name=\"twitter:label2\" content=\"Tempo di lettura stimato\" \/>\n\t<meta name=\"twitter:data2\" content=\"1 minuto\" \/>\n<script type=\"application\/ld+json\" class=\"yoast-schema-graph\">{\"@context\":\"https:\/\/schema.org\",\"@graph\":[{\"@type\":\"Article\",\"@id\":\"https:\/\/caritas-wp.glauco.it\/caritas-dev\/dossier-statistico-immigrazione-caritas-migrantes-2003\/#article\",\"isPartOf\":{\"@id\":\"https:\/\/caritas-wp.glauco.it\/caritas-dev\/dossier-statistico-immigrazione-caritas-migrantes-2003\/\"},\"author\":{\"name\":\"sEEd_aDm_wP\",\"@id\":\"https:\/\/caritas-wp.glauco.it\/caritas-dev\/#\/schema\/person\/3cada41afcce51378e1a7c7a79364e54\"},\"headline\":\"Dossier Statistico Immigrazione Caritas-Migrantes 2003\",\"datePublished\":\"2003-05-14T10:45:00+00:00\",\"dateModified\":\"2022-09-22T07:50:52+00:00\",\"mainEntityOfPage\":{\"@id\":\"https:\/\/caritas-wp.glauco.it\/caritas-dev\/dossier-statistico-immigrazione-caritas-migrantes-2003\/\"},\"wordCount\":129,\"publisher\":{\"@id\":\"https:\/\/caritas-wp.glauco.it\/caritas-dev\/#organization\"},\"articleSection\":[\"Libri\",\"Libri 2003\"],\"inLanguage\":\"it-IT\"},{\"@type\":\"WebPage\",\"@id\":\"https:\/\/caritas-wp.glauco.it\/caritas-dev\/dossier-statistico-immigrazione-caritas-migrantes-2003\/\",\"url\":\"https:\/\/caritas-wp.glauco.it\/caritas-dev\/dossier-statistico-immigrazione-caritas-migrantes-2003\/\",\"name\":\"Dossier Statistico Immigrazione Caritas-Migrantes 2003 - Caritas DEV\",\"isPartOf\":{\"@id\":\"https:\/\/caritas-wp.glauco.it\/caritas-dev\/#website\"},\"datePublished\":\"2003-05-14T10:45:00+00:00\",\"dateModified\":\"2022-09-22T07:50:52+00:00\",\"breadcrumb\":{\"@id\":\"https:\/\/caritas-wp.glauco.it\/caritas-dev\/dossier-statistico-immigrazione-caritas-migrantes-2003\/#breadcrumb\"},\"inLanguage\":\"it-IT\",\"potentialAction\":[{\"@type\":\"ReadAction\",\"target\":[\"https:\/\/caritas-wp.glauco.it\/caritas-dev\/dossier-statistico-immigrazione-caritas-migrantes-2003\/\"]}]},{\"@type\":\"BreadcrumbList\",\"@id\":\"https:\/\/caritas-wp.glauco.it\/caritas-dev\/dossier-statistico-immigrazione-caritas-migrantes-2003\/#breadcrumb\",\"itemListElement\":[{\"@type\":\"ListItem\",\"position\":1,\"name\":\"Home\",\"item\":\"https:\/\/caritas-wp.glauco.it\/caritas-dev\/\"},{\"@type\":\"ListItem\",\"position\":2,\"name\":\"Dossier Statistico Immigrazione Caritas-Migrantes 2003\"}]},{\"@type\":\"WebSite\",\"@id\":\"https:\/\/caritas-wp.glauco.it\/caritas-dev\/#website\",\"url\":\"https:\/\/caritas-wp.glauco.it\/caritas-dev\/\",\"name\":\"Caritas DEV\",\"description\":\"Organismo Pastorale della CEI\",\"publisher\":{\"@id\":\"https:\/\/caritas-wp.glauco.it\/caritas-dev\/#organization\"},\"potentialAction\":[{\"@type\":\"SearchAction\",\"target\":{\"@type\":\"EntryPoint\",\"urlTemplate\":\"https:\/\/caritas-wp.glauco.it\/caritas-dev\/?s={search_term_string}\"},\"query-input\":\"required name=search_term_string\"}],\"inLanguage\":\"it-IT\"},{\"@type\":\"Organization\",\"@id\":\"https:\/\/caritas-wp.glauco.it\/caritas-dev\/#organization\",\"name\":\"Caritas Italiana\",\"url\":\"https:\/\/caritas-wp.glauco.it\/caritas-dev\/\",\"logo\":{\"@type\":\"ImageObject\",\"inLanguage\":\"it-IT\",\"@id\":\"https:\/\/caritas-wp.glauco.it\/caritas-dev\/#\/schema\/logo\/image\/\",\"url\":\"https:\/\/caritas-wp.glauco.it\/caritas-dev\/wp-content\/uploads\/sites\/7\/2022\/07\/logo_caritas-1.png\",\"contentUrl\":\"https:\/\/caritas-wp.glauco.it\/caritas-dev\/wp-content\/uploads\/sites\/7\/2022\/07\/logo_caritas-1.png\",\"width\":187,\"height\":80,\"caption\":\"Caritas Italiana\"},\"image\":{\"@id\":\"https:\/\/caritas-wp.glauco.it\/caritas-dev\/#\/schema\/logo\/image\/\"}},{\"@type\":\"Person\",\"@id\":\"https:\/\/caritas-wp.glauco.it\/caritas-dev\/#\/schema\/person\/3cada41afcce51378e1a7c7a79364e54\",\"name\":\"sEEd_aDm_wP\",\"sameAs\":[\"https:\/\/caritas-wp.glauco.it\"]}]}<\/script>\n<!-- \/ Yoast SEO plugin. -->","yoast_head_json":{"title":"Dossier Statistico Immigrazione Caritas-Migrantes 2003 - Caritas DEV","robots":{"index":"index","follow":"follow","max-snippet":"max-snippet:-1","max-image-preview":"max-image-preview:large","max-video-preview":"max-video-preview:-1"},"canonical":"https:\/\/caritas-wp.glauco.it\/caritas-dev\/dossier-statistico-immigrazione-caritas-migrantes-2003\/","og_locale":"it_IT","og_type":"article","og_title":"Dossier Statistico Immigrazione Caritas-Migrantes 2003 - Caritas DEV","og_description":"Centinaia di tabelle e 57 capitoli per il XIII Rapporto. Lo slogan: \"Italia, paese di immigrazione in un mondo di migranti\".","og_url":"https:\/\/caritas-wp.glauco.it\/caritas-dev\/dossier-statistico-immigrazione-caritas-migrantes-2003\/","og_site_name":"Caritas DEV","article_published_time":"2003-05-14T10:45:00+00:00","article_modified_time":"2022-09-22T07:50:52+00:00","og_image":[{"width":100,"height":141,"url":"https:\/\/caritas-wp.glauco.it\/caritas-dev\/wp-content\/uploads\/sites\/7\/2022\/09\/Dossier2003.jpg","type":"image\/jpeg"}],"author":"sEEd_aDm_wP","twitter_card":"summary_large_image","twitter_misc":{"Scritto da":"sEEd_aDm_wP","Tempo di lettura stimato":"1 minuto"},"schema":{"@context":"https:\/\/schema.org","@graph":[{"@type":"Article","@id":"https:\/\/caritas-wp.glauco.it\/caritas-dev\/dossier-statistico-immigrazione-caritas-migrantes-2003\/#article","isPartOf":{"@id":"https:\/\/caritas-wp.glauco.it\/caritas-dev\/dossier-statistico-immigrazione-caritas-migrantes-2003\/"},"author":{"name":"sEEd_aDm_wP","@id":"https:\/\/caritas-wp.glauco.it\/caritas-dev\/#\/schema\/person\/3cada41afcce51378e1a7c7a79364e54"},"headline":"Dossier Statistico Immigrazione Caritas-Migrantes 2003","datePublished":"2003-05-14T10:45:00+00:00","dateModified":"2022-09-22T07:50:52+00:00","mainEntityOfPage":{"@id":"https:\/\/caritas-wp.glauco.it\/caritas-dev\/dossier-statistico-immigrazione-caritas-migrantes-2003\/"},"wordCount":129,"publisher":{"@id":"https:\/\/caritas-wp.glauco.it\/caritas-dev\/#organization"},"articleSection":["Libri","Libri 2003"],"inLanguage":"it-IT"},{"@type":"WebPage","@id":"https:\/\/caritas-wp.glauco.it\/caritas-dev\/dossier-statistico-immigrazione-caritas-migrantes-2003\/","url":"https:\/\/caritas-wp.glauco.it\/caritas-dev\/dossier-statistico-immigrazione-caritas-migrantes-2003\/","name":"Dossier Statistico Immigrazione Caritas-Migrantes 2003 - Caritas DEV","isPartOf":{"@id":"https:\/\/caritas-wp.glauco.it\/caritas-dev\/#website"},"datePublished":"2003-05-14T10:45:00+00:00","dateModified":"2022-09-22T07:50:52+00:00","breadcrumb":{"@id":"https:\/\/caritas-wp.glauco.it\/caritas-dev\/dossier-statistico-immigrazione-caritas-migrantes-2003\/#breadcrumb"},"inLanguage":"it-IT","potentialAction":[{"@type":"ReadAction","target":["https:\/\/caritas-wp.glauco.it\/caritas-dev\/dossier-statistico-immigrazione-caritas-migrantes-2003\/"]}]},{"@type":"BreadcrumbList","@id":"https:\/\/caritas-wp.glauco.it\/caritas-dev\/dossier-statistico-immigrazione-caritas-migrantes-2003\/#breadcrumb","itemListElement":[{"@type":"ListItem","position":1,"name":"Home","item":"https:\/\/caritas-wp.glauco.it\/caritas-dev\/"},{"@type":"ListItem","position":2,"name":"Dossier Statistico Immigrazione Caritas-Migrantes 2003"}]},{"@type":"WebSite","@id":"https:\/\/caritas-wp.glauco.it\/caritas-dev\/#website","url":"https:\/\/caritas-wp.glauco.it\/caritas-dev\/","name":"Caritas DEV","description":"Organismo Pastorale della CEI","publisher":{"@id":"https:\/\/caritas-wp.glauco.it\/caritas-dev\/#organization"},"potentialAction":[{"@type":"SearchAction","target":{"@type":"EntryPoint","urlTemplate":"https:\/\/caritas-wp.glauco.it\/caritas-dev\/?s={search_term_string}"},"query-input":"required name=search_term_string"}],"inLanguage":"it-IT"},{"@type":"Organization","@id":"https:\/\/caritas-wp.glauco.it\/caritas-dev\/#organization","name":"Caritas Italiana","url":"https:\/\/caritas-wp.glauco.it\/caritas-dev\/","logo":{"@type":"ImageObject","inLanguage":"it-IT","@id":"https:\/\/caritas-wp.glauco.it\/caritas-dev\/#\/schema\/logo\/image\/","url":"https:\/\/caritas-wp.glauco.it\/caritas-dev\/wp-content\/uploads\/sites\/7\/2022\/07\/logo_caritas-1.png","contentUrl":"https:\/\/caritas-wp.glauco.it\/caritas-dev\/wp-content\/uploads\/sites\/7\/2022\/07\/logo_caritas-1.png","width":187,"height":80,"caption":"Caritas Italiana"},"image":{"@id":"https:\/\/caritas-wp.glauco.it\/caritas-dev\/#\/schema\/logo\/image\/"}},{"@type":"Person","@id":"https:\/\/caritas-wp.glauco.it\/caritas-dev\/#\/schema\/person\/3cada41afcce51378e1a7c7a79364e54","name":"sEEd_aDm_wP","sameAs":["https:\/\/caritas-wp.glauco.it"]}]}},"modified_by":null,"_links":{"self":[{"href":"https:\/\/caritas-wp.glauco.it\/caritas-dev\/wp-json\/wp\/v2\/posts\/2605"}],"collection":[{"href":"https:\/\/caritas-wp.glauco.it\/caritas-dev\/wp-json\/wp\/v2\/posts"}],"about":[{"href":"https:\/\/caritas-wp.glauco.it\/caritas-dev\/wp-json\/wp\/v2\/types\/post"}],"author":[{"embeddable":true,"href":"https:\/\/caritas-wp.glauco.it\/caritas-dev\/wp-json\/wp\/v2\/users\/1"}],"replies":[{"embeddable":true,"href":"https:\/\/caritas-wp.glauco.it\/caritas-dev\/wp-json\/wp\/v2\/comments?post=2605"}],"version-history":[{"count":1,"href":"https:\/\/caritas-wp.glauco.it\/caritas-dev\/wp-json\/wp\/v2\/posts\/2605\/revisions"}],"predecessor-version":[{"id":3439,"href":"https:\/\/caritas-wp.glauco.it\/caritas-dev\/wp-json\/wp\/v2\/posts\/2605\/revisions\/3439"}],"wp:featuredmedia":[{"embeddable":true,"href":"https:\/\/caritas-wp.glauco.it\/caritas-dev\/wp-json\/wp\/v2\/media\/2606"}],"wp:attachment":[{"href":"https:\/\/caritas-wp.glauco.it\/caritas-dev\/wp-json\/wp\/v2\/media?parent=2605"}],"wp:term":[{"taxonomy":"category","embeddable":true,"href":"https:\/\/caritas-wp.glauco.it\/caritas-dev\/wp-json\/wp\/v2\/categories?post=2605"},{"taxonomy":"post_tag","embeddable":true,"href":"https:\/\/caritas-wp.glauco.it\/caritas-dev\/wp-json\/wp\/v2\/tags?post=2605"},{"taxonomy":"canale_per_feed","embeddable":true,"href":"https:\/\/caritas-wp.glauco.it\/caritas-dev\/wp-json\/wp\/v2\/canale_per_feed?post=2605"}],"curies":[{"name":"wp","href":"https:\/\/api.w.org\/{rel}","templated":true}]}}