{"id":2743,"date":"2011-06-14T09:53:00","date_gmt":"2011-06-14T07:53:00","guid":{"rendered":"https:\/\/caritas-wp.glauco.it\/caritas-dev\/gli-alunni-con-disabilita-nella-scuola-italiana-bilancio-e-proposte\/"},"modified":"2022-09-22T09:47:46","modified_gmt":"2022-09-22T07:47:46","slug":"gli-alunni-con-disabilita-nella-scuola-italiana-bilancio-e-proposte","status":"publish","type":"post","link":"https:\/\/caritas-wp.glauco.it\/caritas-dev\/gli-alunni-con-disabilita-nella-scuola-italiana-bilancio-e-proposte\/","title":{"rendered":"&#8220;Gli alunni con disabilit\u00e0 nella scuola italiana: bilancio e proposte&#8221;"},"content":{"rendered":"<div><img decoding=\"async\" hspace=\"0\" alt=\"\" align=\"left\" src=\"\/caritasitaliana\/allegati\/2366\/disabilita_scuola.gif\" \/>Associazione Treellle &#8211; Caritas Italiana<br \/>Fondazione Agnelli<\/div>\n<div>\u00a0<\/div>\n<div>\n<div><font size=\"2\">Giugno\u00a02011<\/font><\/div>\n<div><font size=\"2\">Pagine: 256<br \/>\u00a0 <\/font>\u00a0\u00a0<\/div>\n<div><font size=\"2\">Acquista in libreria o <a target=\"_blank\" href=\"http:\/\/www.erickson.it\/Libri\/Pagine\/Scheda-Libro.aspx?ItemId=39854\" rel=\"noopener\">dal sito della Erickson<\/a><\/font><\/div>\n<div>\u00a0<\/div>\n<div><a target=\"_blank\" href=\"\/materiali\/Pubblicazioni\/libri_2011\/disabilita_scuola\/disabilita_scuola_sintesi.pdf\" rel=\"noopener\">Sintesi<\/a> <span style=\"font-size: xx-small\">(pdf)<\/span><\/div>\n<div>\n<div><a target=\"_blank\" href=\"\/materiali\/comunicati\/giugno_2011\/cs_congiunto_13062011.pdf\" rel=\"noopener\">Comunicato stampa<\/a>\u00a0<span style=\"font-size: xx-small\">(pdf)<\/span><\/div>\n<\/div>\n<div>\u00a0<\/div>\n<div>\u00a0<\/div>\n<div>L\u0092Italia \u00e8 stata tra i primi Paesi al mondo ad aver lanciato la sfida dell\u0092integrazione degli alunni con disabilit\u00e0, sposando un\u00a0 approccio decisamente inclusivo. Questo libro propone un <strong>bilancio dell\u0092esperienza di integrazione scolastica<\/strong> nelle scuole italiane, analizzando l\u0092efficacia di questo sistema dopo oltre trent\u0092anni di applicazioni ed esperienze di pratiche educative finalizzate.<\/div>\n<div>\u00a0 <br \/>Partendo dalla presentazione dei diversi approcci realizzati nel Paesi dell\u0092Ocse, gli autori descrivono l\u0092evoluzione storica e i risultati del modello italiano, analizzandolo alla luce della sua capacit\u00e0 effettiva di raggiungere concretamente gli obiettivi prefissati.<\/div>\n<div>\u00a0 <br \/>Presentano quindi alcune <strong>linee progettuali, profondamente innovative, per un nuovo approccio<\/strong> all\u0092integrazione degli alunni con disabilit\u00e0 dal quale nasca un sistema di integrazione pi\u00f9 efficace ed efficiente, basato sul rilancio della professionalit\u00e0 degli insegnanti, su una maggior diffusione di cultura pedagogica e didattica speciale, su una maggior capacit\u00e0 progettuale delle scuole, su una pi\u00f9 efficace e attiva interazione dei soggetti coinvolti (famiglie, servizi sanitari e sociali, pubblica amministrazione, terzo settore, comunit\u00e0 locale, con la scuola al centro).<\/div>\n<div>\u00a0<\/div>\n<div>\u00a0<\/div>\n<\/div>\n<div>\u00a0<\/div>\n","protected":false},"excerpt":{"rendered":"<p>Un bilancio dell\u0092esperienza di integrazione scolastica nelle scuole italiane<\/p>\n","protected":false},"author":1,"featured_media":2745,"comment_status":"closed","ping_status":"closed","sticky":false,"template":"","format":"standard","meta":{"_lmt_disableupdate":"","_lmt_disable":"","footnotes":""},"categories":[11,114],"tags":[],"canale_per_feed":[],"acf":[],"yoast_head":"<!-- This site is optimized with the Yoast SEO plugin v21.4 - https:\/\/yoast.com\/wordpress\/plugins\/seo\/ -->\n<title>&quot;Gli alunni con disabilit\u00e0 nella scuola italiana: bilancio e proposte&quot; - Caritas DEV<\/title>\n<meta name=\"robots\" content=\"index, follow, max-snippet:-1, max-image-preview:large, max-video-preview:-1\" \/>\n<link rel=\"canonical\" href=\"https:\/\/caritas-wp.glauco.it\/caritas-dev\/gli-alunni-con-disabilita-nella-scuola-italiana-bilancio-e-proposte\/\" \/>\n<meta property=\"og:locale\" content=\"it_IT\" \/>\n<meta property=\"og:type\" content=\"article\" \/>\n<meta property=\"og:title\" content=\"&quot;Gli alunni con disabilit\u00e0 nella scuola italiana: bilancio e proposte&quot; - Caritas DEV\" \/>\n<meta property=\"og:description\" content=\"Un bilancio dell\u0092esperienza di integrazione scolastica nelle scuole italiane\" \/>\n<meta property=\"og:url\" content=\"https:\/\/caritas-wp.glauco.it\/caritas-dev\/gli-alunni-con-disabilita-nella-scuola-italiana-bilancio-e-proposte\/\" \/>\n<meta property=\"og:site_name\" content=\"Caritas DEV\" \/>\n<meta property=\"article:published_time\" content=\"2011-06-14T07:53:00+00:00\" \/>\n<meta property=\"article:modified_time\" content=\"2022-09-22T07:47:46+00:00\" \/>\n<meta property=\"og:image\" content=\"https:\/\/caritas-wp.glauco.it\/caritas-dev\/wp-content\/uploads\/sites\/7\/2022\/09\/disabilita_scuola_mini.gif\" \/>\n\t<meta property=\"og:image:width\" content=\"78\" \/>\n\t<meta property=\"og:image:height\" content=\"114\" \/>\n\t<meta property=\"og:image:type\" content=\"image\/gif\" \/>\n<meta name=\"author\" content=\"sEEd_aDm_wP\" \/>\n<meta name=\"twitter:card\" content=\"summary_large_image\" \/>\n<meta name=\"twitter:label1\" content=\"Scritto da\" \/>\n\t<meta name=\"twitter:data1\" content=\"sEEd_aDm_wP\" \/>\n\t<meta name=\"twitter:label2\" content=\"Tempo di lettura stimato\" \/>\n\t<meta name=\"twitter:data2\" content=\"1 minuto\" \/>\n<script type=\"application\/ld+json\" class=\"yoast-schema-graph\">{\"@context\":\"https:\/\/schema.org\",\"@graph\":[{\"@type\":\"Article\",\"@id\":\"https:\/\/caritas-wp.glauco.it\/caritas-dev\/gli-alunni-con-disabilita-nella-scuola-italiana-bilancio-e-proposte\/#article\",\"isPartOf\":{\"@id\":\"https:\/\/caritas-wp.glauco.it\/caritas-dev\/gli-alunni-con-disabilita-nella-scuola-italiana-bilancio-e-proposte\/\"},\"author\":{\"name\":\"sEEd_aDm_wP\",\"@id\":\"https:\/\/caritas-wp.glauco.it\/caritas-dev\/#\/schema\/person\/3cada41afcce51378e1a7c7a79364e54\"},\"headline\":\"&#8220;Gli alunni con disabilit\u00e0 nella scuola italiana: bilancio e proposte&#8221;\",\"datePublished\":\"2011-06-14T07:53:00+00:00\",\"dateModified\":\"2022-09-22T07:47:46+00:00\",\"mainEntityOfPage\":{\"@id\":\"https:\/\/caritas-wp.glauco.it\/caritas-dev\/gli-alunni-con-disabilita-nella-scuola-italiana-bilancio-e-proposte\/\"},\"wordCount\":201,\"publisher\":{\"@id\":\"https:\/\/caritas-wp.glauco.it\/caritas-dev\/#organization\"},\"articleSection\":[\"Libri\",\"Libri 2011\"],\"inLanguage\":\"it-IT\"},{\"@type\":\"WebPage\",\"@id\":\"https:\/\/caritas-wp.glauco.it\/caritas-dev\/gli-alunni-con-disabilita-nella-scuola-italiana-bilancio-e-proposte\/\",\"url\":\"https:\/\/caritas-wp.glauco.it\/caritas-dev\/gli-alunni-con-disabilita-nella-scuola-italiana-bilancio-e-proposte\/\",\"name\":\"\\\"Gli alunni con disabilit\u00e0 nella scuola italiana: bilancio e proposte\\\" - Caritas DEV\",\"isPartOf\":{\"@id\":\"https:\/\/caritas-wp.glauco.it\/caritas-dev\/#website\"},\"datePublished\":\"2011-06-14T07:53:00+00:00\",\"dateModified\":\"2022-09-22T07:47:46+00:00\",\"breadcrumb\":{\"@id\":\"https:\/\/caritas-wp.glauco.it\/caritas-dev\/gli-alunni-con-disabilita-nella-scuola-italiana-bilancio-e-proposte\/#breadcrumb\"},\"inLanguage\":\"it-IT\",\"potentialAction\":[{\"@type\":\"ReadAction\",\"target\":[\"https:\/\/caritas-wp.glauco.it\/caritas-dev\/gli-alunni-con-disabilita-nella-scuola-italiana-bilancio-e-proposte\/\"]}]},{\"@type\":\"BreadcrumbList\",\"@id\":\"https:\/\/caritas-wp.glauco.it\/caritas-dev\/gli-alunni-con-disabilita-nella-scuola-italiana-bilancio-e-proposte\/#breadcrumb\",\"itemListElement\":[{\"@type\":\"ListItem\",\"position\":1,\"name\":\"Home\",\"item\":\"https:\/\/caritas-wp.glauco.it\/caritas-dev\/\"},{\"@type\":\"ListItem\",\"position\":2,\"name\":\"&#8220;Gli alunni con disabilit\u00e0 nella scuola italiana: bilancio e proposte&#8221;\"}]},{\"@type\":\"WebSite\",\"@id\":\"https:\/\/caritas-wp.glauco.it\/caritas-dev\/#website\",\"url\":\"https:\/\/caritas-wp.glauco.it\/caritas-dev\/\",\"name\":\"Caritas DEV\",\"description\":\"Organismo Pastorale della CEI\",\"publisher\":{\"@id\":\"https:\/\/caritas-wp.glauco.it\/caritas-dev\/#organization\"},\"potentialAction\":[{\"@type\":\"SearchAction\",\"target\":{\"@type\":\"EntryPoint\",\"urlTemplate\":\"https:\/\/caritas-wp.glauco.it\/caritas-dev\/?s={search_term_string}\"},\"query-input\":\"required name=search_term_string\"}],\"inLanguage\":\"it-IT\"},{\"@type\":\"Organization\",\"@id\":\"https:\/\/caritas-wp.glauco.it\/caritas-dev\/#organization\",\"name\":\"Caritas Italiana\",\"url\":\"https:\/\/caritas-wp.glauco.it\/caritas-dev\/\",\"logo\":{\"@type\":\"ImageObject\",\"inLanguage\":\"it-IT\",\"@id\":\"https:\/\/caritas-wp.glauco.it\/caritas-dev\/#\/schema\/logo\/image\/\",\"url\":\"https:\/\/caritas-wp.glauco.it\/caritas-dev\/wp-content\/uploads\/sites\/7\/2022\/07\/logo_caritas-1.png\",\"contentUrl\":\"https:\/\/caritas-wp.glauco.it\/caritas-dev\/wp-content\/uploads\/sites\/7\/2022\/07\/logo_caritas-1.png\",\"width\":187,\"height\":80,\"caption\":\"Caritas Italiana\"},\"image\":{\"@id\":\"https:\/\/caritas-wp.glauco.it\/caritas-dev\/#\/schema\/logo\/image\/\"}},{\"@type\":\"Person\",\"@id\":\"https:\/\/caritas-wp.glauco.it\/caritas-dev\/#\/schema\/person\/3cada41afcce51378e1a7c7a79364e54\",\"name\":\"sEEd_aDm_wP\",\"sameAs\":[\"https:\/\/caritas-wp.glauco.it\"]}]}<\/script>\n<!-- \/ Yoast SEO plugin. -->","yoast_head_json":{"title":"\"Gli alunni con disabilit\u00e0 nella scuola italiana: bilancio e proposte\" - Caritas DEV","robots":{"index":"index","follow":"follow","max-snippet":"max-snippet:-1","max-image-preview":"max-image-preview:large","max-video-preview":"max-video-preview:-1"},"canonical":"https:\/\/caritas-wp.glauco.it\/caritas-dev\/gli-alunni-con-disabilita-nella-scuola-italiana-bilancio-e-proposte\/","og_locale":"it_IT","og_type":"article","og_title":"\"Gli alunni con disabilit\u00e0 nella scuola italiana: bilancio e proposte\" - Caritas DEV","og_description":"Un bilancio dell\u0092esperienza di integrazione scolastica nelle scuole italiane","og_url":"https:\/\/caritas-wp.glauco.it\/caritas-dev\/gli-alunni-con-disabilita-nella-scuola-italiana-bilancio-e-proposte\/","og_site_name":"Caritas DEV","article_published_time":"2011-06-14T07:53:00+00:00","article_modified_time":"2022-09-22T07:47:46+00:00","og_image":[{"width":78,"height":114,"url":"https:\/\/caritas-wp.glauco.it\/caritas-dev\/wp-content\/uploads\/sites\/7\/2022\/09\/disabilita_scuola_mini.gif","type":"image\/gif"}],"author":"sEEd_aDm_wP","twitter_card":"summary_large_image","twitter_misc":{"Scritto da":"sEEd_aDm_wP","Tempo di lettura stimato":"1 minuto"},"schema":{"@context":"https:\/\/schema.org","@graph":[{"@type":"Article","@id":"https:\/\/caritas-wp.glauco.it\/caritas-dev\/gli-alunni-con-disabilita-nella-scuola-italiana-bilancio-e-proposte\/#article","isPartOf":{"@id":"https:\/\/caritas-wp.glauco.it\/caritas-dev\/gli-alunni-con-disabilita-nella-scuola-italiana-bilancio-e-proposte\/"},"author":{"name":"sEEd_aDm_wP","@id":"https:\/\/caritas-wp.glauco.it\/caritas-dev\/#\/schema\/person\/3cada41afcce51378e1a7c7a79364e54"},"headline":"&#8220;Gli alunni con disabilit\u00e0 nella scuola italiana: bilancio e proposte&#8221;","datePublished":"2011-06-14T07:53:00+00:00","dateModified":"2022-09-22T07:47:46+00:00","mainEntityOfPage":{"@id":"https:\/\/caritas-wp.glauco.it\/caritas-dev\/gli-alunni-con-disabilita-nella-scuola-italiana-bilancio-e-proposte\/"},"wordCount":201,"publisher":{"@id":"https:\/\/caritas-wp.glauco.it\/caritas-dev\/#organization"},"articleSection":["Libri","Libri 2011"],"inLanguage":"it-IT"},{"@type":"WebPage","@id":"https:\/\/caritas-wp.glauco.it\/caritas-dev\/gli-alunni-con-disabilita-nella-scuola-italiana-bilancio-e-proposte\/","url":"https:\/\/caritas-wp.glauco.it\/caritas-dev\/gli-alunni-con-disabilita-nella-scuola-italiana-bilancio-e-proposte\/","name":"\"Gli alunni con disabilit\u00e0 nella scuola italiana: bilancio e proposte\" - Caritas DEV","isPartOf":{"@id":"https:\/\/caritas-wp.glauco.it\/caritas-dev\/#website"},"datePublished":"2011-06-14T07:53:00+00:00","dateModified":"2022-09-22T07:47:46+00:00","breadcrumb":{"@id":"https:\/\/caritas-wp.glauco.it\/caritas-dev\/gli-alunni-con-disabilita-nella-scuola-italiana-bilancio-e-proposte\/#breadcrumb"},"inLanguage":"it-IT","potentialAction":[{"@type":"ReadAction","target":["https:\/\/caritas-wp.glauco.it\/caritas-dev\/gli-alunni-con-disabilita-nella-scuola-italiana-bilancio-e-proposte\/"]}]},{"@type":"BreadcrumbList","@id":"https:\/\/caritas-wp.glauco.it\/caritas-dev\/gli-alunni-con-disabilita-nella-scuola-italiana-bilancio-e-proposte\/#breadcrumb","itemListElement":[{"@type":"ListItem","position":1,"name":"Home","item":"https:\/\/caritas-wp.glauco.it\/caritas-dev\/"},{"@type":"ListItem","position":2,"name":"&#8220;Gli alunni con disabilit\u00e0 nella scuola italiana: bilancio e proposte&#8221;"}]},{"@type":"WebSite","@id":"https:\/\/caritas-wp.glauco.it\/caritas-dev\/#website","url":"https:\/\/caritas-wp.glauco.it\/caritas-dev\/","name":"Caritas DEV","description":"Organismo Pastorale della CEI","publisher":{"@id":"https:\/\/caritas-wp.glauco.it\/caritas-dev\/#organization"},"potentialAction":[{"@type":"SearchAction","target":{"@type":"EntryPoint","urlTemplate":"https:\/\/caritas-wp.glauco.it\/caritas-dev\/?s={search_term_string}"},"query-input":"required name=search_term_string"}],"inLanguage":"it-IT"},{"@type":"Organization","@id":"https:\/\/caritas-wp.glauco.it\/caritas-dev\/#organization","name":"Caritas Italiana","url":"https:\/\/caritas-wp.glauco.it\/caritas-dev\/","logo":{"@type":"ImageObject","inLanguage":"it-IT","@id":"https:\/\/caritas-wp.glauco.it\/caritas-dev\/#\/schema\/logo\/image\/","url":"https:\/\/caritas-wp.glauco.it\/caritas-dev\/wp-content\/uploads\/sites\/7\/2022\/07\/logo_caritas-1.png","contentUrl":"https:\/\/caritas-wp.glauco.it\/caritas-dev\/wp-content\/uploads\/sites\/7\/2022\/07\/logo_caritas-1.png","width":187,"height":80,"caption":"Caritas Italiana"},"image":{"@id":"https:\/\/caritas-wp.glauco.it\/caritas-dev\/#\/schema\/logo\/image\/"}},{"@type":"Person","@id":"https:\/\/caritas-wp.glauco.it\/caritas-dev\/#\/schema\/person\/3cada41afcce51378e1a7c7a79364e54","name":"sEEd_aDm_wP","sameAs":["https:\/\/caritas-wp.glauco.it"]}]}},"modified_by":null,"_links":{"self":[{"href":"https:\/\/caritas-wp.glauco.it\/caritas-dev\/wp-json\/wp\/v2\/posts\/2743"}],"collection":[{"href":"https:\/\/caritas-wp.glauco.it\/caritas-dev\/wp-json\/wp\/v2\/posts"}],"about":[{"href":"https:\/\/caritas-wp.glauco.it\/caritas-dev\/wp-json\/wp\/v2\/types\/post"}],"author":[{"embeddable":true,"href":"https:\/\/caritas-wp.glauco.it\/caritas-dev\/wp-json\/wp\/v2\/users\/1"}],"replies":[{"embeddable":true,"href":"https:\/\/caritas-wp.glauco.it\/caritas-dev\/wp-json\/wp\/v2\/comments?post=2743"}],"version-history":[{"count":1,"href":"https:\/\/caritas-wp.glauco.it\/caritas-dev\/wp-json\/wp\/v2\/posts\/2743\/revisions"}],"predecessor-version":[{"id":2744,"href":"https:\/\/caritas-wp.glauco.it\/caritas-dev\/wp-json\/wp\/v2\/posts\/2743\/revisions\/2744"}],"wp:featuredmedia":[{"embeddable":true,"href":"https:\/\/caritas-wp.glauco.it\/caritas-dev\/wp-json\/wp\/v2\/media\/2745"}],"wp:attachment":[{"href":"https:\/\/caritas-wp.glauco.it\/caritas-dev\/wp-json\/wp\/v2\/media?parent=2743"}],"wp:term":[{"taxonomy":"category","embeddable":true,"href":"https:\/\/caritas-wp.glauco.it\/caritas-dev\/wp-json\/wp\/v2\/categories?post=2743"},{"taxonomy":"post_tag","embeddable":true,"href":"https:\/\/caritas-wp.glauco.it\/caritas-dev\/wp-json\/wp\/v2\/tags?post=2743"},{"taxonomy":"canale_per_feed","embeddable":true,"href":"https:\/\/caritas-wp.glauco.it\/caritas-dev\/wp-json\/wp\/v2\/canale_per_feed?post=2743"}],"curies":[{"name":"wp","href":"https:\/\/api.w.org\/{rel}","templated":true}]}}