{"id":2746,"date":"2008-05-13T13:24:00","date_gmt":"2008-05-13T11:24:00","guid":{"rendered":"https:\/\/caritas-wp.glauco.it\/caritas-dev\/rapporti-poverta-1996-2012\/"},"modified":"2022-09-22T09:47:46","modified_gmt":"2022-09-22T07:47:46","slug":"rapporti-poverta-1996-2012","status":"publish","type":"post","link":"https:\/\/caritas-wp.glauco.it\/caritas-dev\/rapporti-poverta-1996-2012\/","title":{"rendered":"Rapporti Povert\u00e0 (1996-2012)"},"content":{"rendered":"<p>\u00a0\u00a0 <\/p>\n<table id=\"table2\" border=\"0\" cellspacing=\"4\" cellpadding=\"0\" width=\"660\" align=\"left\">\n<tbody>\n<tr>\n<td height=\"123\" valign=\"top\" width=\"79\" style=\"text-align: center\"><img decoding=\"async\" alt=\"\" src=\"\/pls\/caritasitaliana\/v3_s2ew_consultazione.redir_allegati_doc?p_id_pagina=395&#038;p_id_allegato=1912&#038;p_url_rimando=\/caritasitaliana\/allegati\/395\/copertina_rapporto_2012_mini2.jpg\" >\u00a0<\/td>\n<td height=\"123\" valign=\"top\">\n<p>\u00a0\u00a0\u00a0 <span style=\"font-size: x-small\"><span style=\"font-family: Verdana\"><font color=\"#515151\"><strong>&#8220;I ripartenti&#8221;<br >\u00a0\u00a0 RAPPORTO 2012 SU POVERT\u00c0 ED ESCLUSIONE SOCIALE IN ITALIA<\/strong><\/font><\/span><\/span><\/p>\n<div style=\"margin-top: 0px; margin-bottom: 0px; margin-left: 12px\">\n<p><span style=\"font-size: x-small\"><span style=\"font-family: Verdana\">All&#8217;interno del Rapporto, <a href=\"http:\/\/www.caritasitaliana.it\/materiali\/Pubblicazioni\/libri_2012\/rapporto2012\/Rapporto_Povert_2012_Caritas_Italiana.pdf\" target=\"_blank\" rel=\"noopener\">disponibile in versione completa<\/a>, sono riportati i dati del fenomeno provenienti dalle 220 Caritas diocesane, le principali tendenze di mutamento, i percorsi di presa in carico delle persone, i progetti anti-crisi economica delle diocesi, la mappa dei servizi socio-assistenziali delle chiese locali e i dati sul \u0093Prestito della Speranza\u0094.<\/span><\/span><\/p>\n<\/div>\n<\/td>\n<\/tr>\n<tr>\n<td height=\"20\" width=\"79\" colspan=\"2\">\u00a0<\/td>\n<\/tr>\n<tr>\n<td height=\"123\" valign=\"top\" width=\"79\"><img decoding=\"async\" border=\"1\" alt=\"\" align=\"top\" src=\"\/caritasitaliana\/allegati\/395\/rapportopoverta2011.gif\" ><\/td>\n<td height=\"123\" valign=\"top\">\n<div style=\"margin-top: 0px; margin-bottom: 0px; margin-left: 12px\"><span style=\"font-size: x-small\"><span style=\"font-family: Verdana\"><font color=\"#515151\"><strong>&#8220;Poveri di diritti&#8221;<br >RAPPORTO 2011 SU POVERT\u00c0 ED ESCLUSIONE SOCIALE IN ITALIA<\/strong><br ><\/font><span style=\"font-size: xx-small\"><font color=\"#515151\">Caritas Italiana &#8211; Fondazione \u00abE. Zancan\u00bb (Il Mulino,\u00a0Bologna 2011)<\/font><\/span><\/span><\/span><\/div>\n<div style=\"margin-top: 0px; margin-bottom: 4px; margin-left: 12px\"><span style=\"font-size: x-small\"><span style=\"font-family: Verdana\"><font color=\"#515151\">Nella prima parte,\u00a0i diritti dei poveri previsti dalla Costituzione e a livello internazionale. La seconda parte si sofferma sul ruolo svolto dalla Chiesa nel contrasto della povert\u00e0 economica. Descritte, inoltre, le nuove tendenze di impoverimento della societ\u00e0 italiana, secondo l\u0092esperienza Caritas. <a href=\"\/pls\/caritasitaliana\/V3_S2EW_CONSULTAZIONE.mostra_pagina?id_pagina=2469\">Schede di sintesi<\/a><\/font><\/span><\/span><\/div>\n<\/td>\n<\/tr>\n<tr>\n<td height=\"20\" width=\"79\" colspan=\"2\">\u00a0<\/td>\n<\/tr>\n<tr>\n<td height=\"124\" width=\"79\"><img decoding=\"async\" border=\"1\" alt=\"\" src=\"\/caritasitaliana\/allegati\/395\/rapporto_2010.gif\" ><\/td>\n<td height=\"123\" valign=\"top\">\n<div style=\"margin-top: 0px; margin-bottom: 0px; margin-left: 12px\"><span style=\"font-size: x-small\"><span style=\"font-family: Verdana\"><font color=\"#515151\"><strong>&#8220;In caduta libera&#8221;<br >RAPPORTO 2010 SU POVERT\u00c0 ED ESCLUSIONE SOCIALE IN ITALIA<\/strong><br ><\/font><span style=\"font-size: xx-small\"><font color=\"#515151\">Caritas Italiana &#8211; Fondazione \u00abE. Zancan\u00bb (Il Mulino,\u00a0Bologna 2010)<\/font><\/span><\/span><\/span><\/div>\n<div style=\"margin-top: 0px; margin-bottom: 4px; margin-left: 12px\"><span style=\"font-size: x-small\"><span style=\"font-family: Verdana\"><font color=\"#515151\">La povert\u00e0 delle famiglie in Italia ed Europa, i volti attuali della povert\u00e0<\/font><span style=\"color: #515151\">, come questa si \u00e8 modificata, le emergenze.\u00a0Nella prima parte, le dimensioni territoriali della povert\u00e0, le capacit\u00e0 di risposta delle regioni.\u00a0La seconda parte approfondisce\u00a0il legame tra comunit\u00e0 ecclesiale e povert\u00e0<\/span><font color=\"#515151\">.<\/font><\/span><\/span> <span style=\"font-size: x-small\"><span style=\"font-family: Verdana\"><font color=\"#515151\"><a href=\"\/pls\/caritasitaliana\/V3_S2EW_CONSULTAZIONE.mostra_pagina?id_pagina=2032\">Schede di sintesi<\/a><\/font><\/span><\/span><\/div>\n<\/td>\n<\/tr>\n<tr>\n<td height=\"20\" valign=\"top\" colspan=\"2\">\n<div style=\"margin-top: 0px; margin-bottom: 0px; margin-left: 12px\"><span style=\"font-size: x-small\"><span style=\"font-family: Verdana\">\u00a0<\/span><\/span><\/div>\n<\/td>\n<\/tr>\n<tr>\n<td height=\"125\" width=\"79\">\n<div align=\"center\"><span style=\"font-size: x-small\"><span style=\"font-family: Verdana\"><img loading=\"lazy\" decoding=\"async\" border=\"1\" alt=\"\" width=\"79\" height=\"124\" src=\"\/caritasitaliana\/allegati\/395\/famiglie_salita.gif\" ><\/span><\/span><\/div>\n<\/td>\n<td height=\"125\" valign=\"top\">\n<div style=\"margin-top: 0px; margin-bottom: 0px; margin-left: 10px\"><span style=\"font-size: x-small\"><span style=\"font-family: Verdana\"><font color=\"#515151\"><strong>&#8220;Famiglie in salita&#8221;<br >RAPPORTO 2009 SU POVERT\u00c0 ED ESCLUSIONE SOCIALE IN ITALIA<\/strong><br ><\/font><span style=\"font-size: xx-small\"><font color=\"#515151\">Caritas Italiana &#8211; Fondazione \u00abE. Zancan\u00bb (Il Mulino,\u00a0Bologna 2009)<\/font><\/span><\/span><\/span><\/div>\n<div style=\"margin-top: 0px; margin-bottom: 0px; margin-left: 10px\"><span style=\"font-size: x-small\"><span style=\"font-family: Verdana\"><span style=\"color: #515151\">I nuovi fenomeni di difficolt\u00e0 economica che coinvolgono il nostro paese, a partire dai recenti sviluppi della crisi economico-finanziaria. La prima parte si sofferma sulla lotta alla povert\u00e0 nei sistemi regionali di welfare. La seconda parte approfondisce il legame tra comunit\u00e0 ecclesiale e povert\u00e0<\/span><font color=\"#515151\">. <\/font><\/span><\/span><font size=\"2\"><a target=\"_top\" onclick=\"javascript:load('\/pls\/caritasitaliana\/V3_S2EW_consultazione.mostra_pagina?id_pagina=1533','_top');return false;\" href=\"\/pls\/caritasitaliana\/V3_S2EW_consultazione.mostra_pagina?id_pagina=1533\" rel=\"noopener\"><span style=\"font-size: x-small\"><span style=\"font-family: Verdana\">Schede di sintesi<\/span><\/span><\/a><\/font><\/div>\n<\/td>\n<\/tr>\n<tr>\n<td height=\"20\"><span style=\"font-size: x-small\"><span style=\"font-family: Verdana\">\u00a0<\/span><\/span><\/td>\n<td height=\"20\"><span style=\"font-size: x-small\"><span style=\"font-family: Verdana\">\u00a0<\/span><\/span><\/td>\n<\/tr>\n<tr>\n<td height=\"123\" width=\"79\"><span style=\"font-size: x-small\"><span style=\"font-family: Verdana\"><img loading=\"lazy\" decoding=\"async\" border=\"1\" alt=\"\" width=\"79\" height=\"124\" src=\"\/caritasitaliana\/allegati\/395\/ripartire_poveri.jpg\" ><\/span><\/span><\/td>\n<td height=\"123\" valign=\"top\">\n<div style=\"margin-left: 10px\"><span style=\"font-size: x-small\"><span style=\"font-family: Verdana\"><font color=\"#515151\"><strong>&#8220;Ripartire dai poveri&#8221;<br >RAPPORTO 2008 SU POVERT\u00c0 ED ESCLUSIONE SOCIALE IN ITALIA<br ><\/strong><span style=\"font-size: xx-small\">Caritas Italiana &#8211; Fondazione \u00abE. Zancan\u00bb (Il Mulino, Bologna 2008)<\/span><br >Partendo da un&#8217;analisi dell&#8217;attuale capacit\u00e0 di risposta del nostro sistema di welfare, in termini sia di spesa sia di tipologie di intervento, il volume individua gli strumenti utili per costruire un nuovo e concreto approccio al problema della povert\u00e0. <\/font><\/span><\/span><font size=\"2\"><a href=\"\/pls\/caritasitaliana\/V3_S2EW_consultazione.mostra_pagina?id_pagina=1061\"><span style=\"font-size: x-small\"><span style=\"font-family: Verdana\"><font target=\"\">Schede di sintesi<\/font><\/span><\/span><\/a><\/font><\/div>\n<\/td>\n<\/tr>\n<tr>\n<td height=\"20\" width=\"79\"><span style=\"font-size: x-small\"><span style=\"font-family: Verdana\">\u00a0<\/span><\/span><\/td>\n<td height=\"20\"><span style=\"font-size: x-small\"><span style=\"font-family: Verdana\">\u00a0<\/span><\/span><\/td>\n<\/tr>\n<tr>\n<td height=\"123\" width=\"79\"><span style=\"font-size: x-small\"><span style=\"font-family: Verdana\"><img loading=\"lazy\" decoding=\"async\" border=\"1\" alt=\"\" width=\"79\" height=\"124\" src=\"\/caritasitaliana\/allegati\/395\/rassegnarsi_poverta.jpg\" ><\/span><\/span><\/td>\n<td height=\"123\" valign=\"top\">\n<div style=\"margin-left: 10px\"><span style=\"font-size: x-small\"><span style=\"font-family: Verdana\"><font color=\"#515151\"><strong>&#8220;Rassegnarsi alla povert\u00e0?&#8221;<br >RAPPORTO 2007 SU POVERT\u00c0 ED ESCLUSIONE SOCIALE IN ITALIA<br ><\/strong><span style=\"font-size: xx-small\">Caritas Italiana &#8211; Fondazione \u00abE. Zancan\u00bb (Il Mulino,\u00a0Bologna 2007)<br ><\/span>Bisogni, risorse, ipotesi e proposte per un piano organico di lotta alla povert\u00e0, esperienze di contrasto alla povert\u00e0, un affresco del &#8220;Paese nascosto&#8221; attraverso i dati dei Centri di ascolto della rete Caritas, storie di vita e percorsi di uscita da situazioni acute di povert\u00e0. <\/font><\/span><\/span><font size=\"2\"><font color=\"#515151\"><a target=\"_top\" onclick=\"javascript:load('\/pls\/caritasitaliana\/V3_S2EW_consultazione.mostra_pagina?id_pagina=393','_top');return false;\" href=\"\/pls\/caritasitaliana\/V3_S2EW_consultazione.mostra_pagina?id_pagina=393\" rel=\"noopener\"><span style=\"font-size: x-small\"><span style=\"font-family: Verdana\">Schede di sintesi<\/span><\/span><\/a><\/font><span style=\"font-size: x-small\"><span style=\"font-family: Verdana\"><font color=\"#515151\"> <\/font><\/span><\/span><\/font><\/div>\n<\/td>\n<\/tr>\n<tr>\n<td height=\"20\" width=\"79\"><span style=\"font-size: x-small\"><span style=\"font-family: Verdana\">\u00a0<\/span><\/span><\/td>\n<td height=\"20\"><span style=\"font-size: x-small\"><span style=\"font-family: Verdana\">\u00a0<\/span><\/span><\/td>\n<\/tr>\n<tr>\n<td height=\"123\" width=\"79\"><span style=\"font-size: x-small\"><span style=\"font-family: Verdana\"><img loading=\"lazy\" decoding=\"async\" border=\"1\" alt=\"\" width=\"79\" height=\"124\" src=\"\/caritasitaliana\/allegati\/366\/vitefragili.jpg\" ><\/span><\/span><\/td>\n<td height=\"123\" valign=\"top\">\n<div style=\"margin-left: 10px\"><span style=\"font-size: x-small\"><span style=\"font-family: Verdana\"><font color=\"#515151\"><strong>&#8220;Vite fragili&#8221;<br >RAPPORTO 2006 SU POVERT\u00c0 ED ESCLUSIONE SOCIALE IN ITALIA<br ><\/strong><span style=\"font-size: xx-small\">Caritas Italiana &#8211; Fondazione \u00abE. Zancan\u00bb (Il Mulino,\u00a0Bologna 2006)<br ><\/span>Situazioni di fragilit\u00e0 e vulnerabilit\u00e0 sociale dei bambini e delle loro famiglie (provenienza da altri paesi, disabilit\u00e0, problemi nell&#8217;inserimento scolastico, nuove famiglie a seguito di separazioni e divorzi) e risultati di\u00a0una rilevazione nazionale condotta sui Centri di ascolto Caritas. <\/font><\/span><\/span><font size=\"2\"><font color=\"#515151\"><a target=\"_top\" href=\"\/pls\/caritasitaliana\/V3_S2EW_consultazione.mostra_pagina?id_pagina=536\" rel=\"noopener\"><span style=\"font-size: x-small\"><span style=\"font-family: Verdana\">Schede di sintesi<\/span><\/span><\/a><\/font><\/font><\/div>\n<\/td>\n<\/tr>\n<tr>\n<td height=\"20\" width=\"79\"><span style=\"font-size: x-small\"><span style=\"font-family: Verdana\">\u00a0<\/span><\/span><\/td>\n<td height=\"20\"><span style=\"font-size: x-small\"><span style=\"font-family: Verdana\">\u00a0<\/span><\/span><\/td>\n<\/tr>\n<tr>\n<td height=\"123\" width=\"79\"><span style=\"font-size: x-small\"><span style=\"font-family: Verdana\"><img loading=\"lazy\" decoding=\"async\" border=\"1\" alt=\"\" width=\"79\" height=\"124\" src=\"\/caritasitaliana\/allegati\/366\/vuotiaperdere.jpg\" ><\/span><\/span><\/td>\n<td height=\"123\" valign=\"top\">\n<div style=\"margin-left: 10px\"><span style=\"font-size: x-small\"><span style=\"font-family: Verdana\"><font color=\"#515151\"><strong>&#8220;Vuoti a perdere&#8221;<br >RAPPORTO 2004 SU ESCLUSIONE SOCIALE E CITTADINANZA INCOMPIUTA<\/strong><br ><span style=\"font-size: xx-small\">Caritas Italiana &#8211; Fondazione \u00abE. Zancan\u00bb (Feltrinelli, Milano 2004)<\/span><br >Flessibilit\u00e0 del lavoro, Alzheimer e demenze senili, depressione e dipendenze senza sostanze (gioco, shopping, internet, cellulare) e risultati della prima indagine nazionale su povert\u00e0 delle famiglie italiane e accesso ai servizi sanitari, condotta con la Federazione Italiana dei Medici di Medicina Generale. <\/font><\/span><\/span><font size=\"2\"><a href=\"\/pls\/caritasitaliana\/consultazione.mostra_pagina?id_pagina=639\"><span style=\"font-size: x-small\"><span style=\"font-family: Verdana\">Schede di sintesi<\/span><\/span><\/a><\/font><\/div>\n<\/td>\n<\/tr>\n<tr>\n<td height=\"20\" width=\"79\"><span style=\"font-size: x-small\"><span style=\"font-family: Verdana\">\u00a0<\/span><\/span><\/td>\n<td height=\"20\"><span style=\"font-size: x-small\"><span style=\"font-family: Verdana\">\u00a0<\/span><\/span><\/td>\n<\/tr>\n<tr>\n<td height=\"123\" width=\"79\"><span style=\"font-size: x-small\"><span style=\"font-family: Verdana\"><img loading=\"lazy\" decoding=\"async\" border=\"1\" alt=\"\" width=\"79\" height=\"124\" src=\"\/caritasitaliana\/allegati\/366\/cittadiniinvisibili.jpg\" ><\/span><\/span><\/td>\n<td height=\"123\" valign=\"top\">\n<div style=\"margin-left: 10px\"><span style=\"font-size: x-small\"><span style=\"font-family: Verdana\"><font color=\"#515151\"><strong>&#8220;Cittadini invisibili&#8221;<br >RAPPORTO 2002 SU ESCLUSIONE SOCIALE E DIRITTI DI CITTADINANZA<br ><\/strong><span style=\"font-size: xx-small\">Caritas Italiana &#8211; Fondazione \u00abE. Zancan\u00bb (Feltrinelli, Milano 2002)<br ><\/span>Persone in situazione di handicap, donne in difficolt\u00e0, minori in situazioni di disagio, nuove responsabilit\u00e0 genitoriali delle famiglie con i bambini piccoli, &#8220;nuovi mendicanti&#8221;. Cittadini invisibili perch\u00e9 poco considerati dalle istituzioni e perch\u00e9 su talune situazioni si rileva la tendenza ad un progressivo disimpegno civile.<\/font><\/span><\/span><\/div>\n<\/td>\n<\/tr>\n<tr>\n<td height=\"20\" width=\"79\"><span style=\"font-size: x-small\"><span style=\"font-family: Verdana\">\u00a0<\/span><\/span><\/td>\n<td height=\"20\"><span style=\"font-size: x-small\"><span style=\"font-family: Verdana\">\u00a0<\/span><\/span><\/td>\n<\/tr>\n<tr>\n<td height=\"123\" width=\"79\"><span style=\"font-size: x-small\"><span style=\"font-family: Verdana\"><img loading=\"lazy\" decoding=\"async\" border=\"1\" alt=\"\" width=\"79\" height=\"124\" src=\"\/caritasitaliana\/allegati\/366\/laretespezzata.jpg\" ><\/span><\/span><\/td>\n<td height=\"123\" valign=\"top\">\n<div style=\"margin-left: 10px\"><span style=\"font-size: x-small\"><span style=\"font-family: Verdana\"><font color=\"#515151\"><strong>&#8220;La rete spezzata&#8221;<br >RAPPORTO 2000 SU EMARGINAZIONE E DISAGIO NEI CONTESTI FAMILIARI<br ><\/strong><span style=\"font-size: xx-small\">Caritas Italiana &#8211; Fondazione \u00abE. Zancan\u00bb (Feltrinelli, Milano 2000)<\/span><br >Nuove forme di disagio degli adolescenti, immigrazione, condizioni di carcerazione, povert\u00e0 economica, disuguaglianze nell&#8217;accesso ai servizi sanitari, famiglie multiproblematiche. Il terzo Rapporto legge e approfondisce situazioni di disagio sociale in relazione al peso della dimensione familiare.<\/font><\/span><\/span><\/div>\n<\/td>\n<\/tr>\n<tr>\n<td height=\"20\" width=\"79\"><span style=\"font-size: x-small\"><span style=\"font-family: Verdana\">\u00a0<\/span><\/span><\/td>\n<td height=\"20\"><span style=\"font-size: x-small\"><span style=\"font-family: Verdana\">\u00a0<\/span><\/span><\/td>\n<\/tr>\n<tr>\n<td height=\"123\" width=\"79\"><span style=\"font-size: x-small\"><span style=\"font-family: Verdana\"><img loading=\"lazy\" decoding=\"async\" border=\"1\" alt=\"\" width=\"79\" height=\"124\" src=\"\/caritasitaliana\/allegati\/366\/gliultimidellafila.jpg\" ><\/span><\/span><\/td>\n<td height=\"123\" valign=\"top\">\n<div style=\"margin-left: 10px\"><span style=\"font-size: x-small\"><span style=\"font-family: Verdana\"><font color=\"#515151\"><strong>&#8220;Gli ultimi della fila&#8221;<br >RAPPORTO 1997 SUI BISOGNI DIMENTICATI<br ><\/strong><span style=\"font-size: xx-small\">Caritas Italiana &#8211; Fondazione \u00abE. Zancan\u00bb (Feltrinelli, Milano 1998)<br ><\/span>Tratta di esseri umani a scopo di sfruttamento sessuale, condizione delle persone senza fissa dimora, disoccupazione giovanile, malattie mentali, usura. Il secondo Rapporto offre dati, ricerche, e possibili risposte, nell&#8217;ottica di un dialogo nei confronti della societ\u00e0 civile, della comunit\u00e0 cristiana e delle istituzioni.<\/font><\/span><\/span><\/div>\n<\/td>\n<\/tr>\n<tr>\n<td height=\"20\" width=\"79\"><span style=\"font-size: x-small\"><span style=\"font-family: Verdana\">\u00a0<\/span><\/span><\/td>\n<td height=\"20\"><span style=\"font-size: x-small\"><span style=\"font-family: Verdana\">\u00a0<\/span><\/span><\/td>\n<\/tr>\n<tr>\n<td height=\"123\" width=\"79\"><span style=\"font-size: x-small\"><span style=\"font-family: Verdana\"><img loading=\"lazy\" decoding=\"async\" border=\"1\" alt=\"\" width=\"79\" height=\"124\" src=\"\/caritasitaliana\/allegati\/366\/ibisognidimenticati.jpg\" ><\/span><\/span><\/td>\n<td height=\"123\" valign=\"top\">\n<div style=\"margin-left: 10px\"><span style=\"font-size: x-small\"><span style=\"font-family: Verdana\"><font color=\"#515151\"><strong>&#8220;I bisogni dimenticati&#8221;<br >RAPPORTO 1996 SU EMARGINAZIONE ED ESCLUSIONE SOCIALE<\/strong><br ><span style=\"font-size: xx-small\">Caritas Italiana &#8211; Fondazione \u00abE. Zancan\u00bb (Feltrinelli, Milano 1997)<\/span><br >Persone anziane, disagio giovanile, dipendenze, immigrati, detenzione, persone senza fissa dimora. Il Rapporto vuole contribuire a far crescere la cultura della solidariet\u00e0, facendo uscire una serie di problemi e bisogni dalla dimenticanza e dal pietismo, attraverso la presa di coscienza e la responsabilizzazione.<\/font><\/span><\/span><\/div>\n<\/td>\n<\/tr>\n<\/tbody>\n<\/table>\n<div>\u00a0<\/div>\n<div>\u00a0<\/div>\n<p>\u00a0<\/p>\n<div>\u00a0<\/div>\n<div>\u00a0<\/div>\n<div>\u00a0<\/div>\n<div>\u00a0<\/div>\n<div>\u00a0<\/div>\n<div>\u00a0<\/div>\n<div>\u00a0<\/div>\n<div>\u00a0<\/div>\n<div>\u00a0<\/div>\n<div>\u00a0<\/div>\n<div>\u00a0<\/div>\n<div>\u00a0<\/div>\n<div>\u00a0<\/div>\n<div>\u00a0<\/div>\n<div>\u00a0<\/div>\n<div>\u00a0<\/div>\n<div>\u00a0<\/div>\n<div>\u00a0<\/div>\n<div>\u00a0<\/div>\n<div>\u00a0<\/div>\n<div>\u00a0<\/div>\n<div>\u00a0<\/div>\n<div>\u00a0<\/div>\n<div>\u00a0<\/div>\n<div>\u00a0<\/div>\n<div>\u00a0<\/div>\n<div>\u00a0<\/div>\n<div>\u00a0<\/div>\n<div>\u00a0<\/div>\n<div>\u00a0<\/div>\n<div>\u00a0<\/div>\n<div>\u00a0<\/div>\n<div>\u00a0<\/div>\n<div>\u00a0<\/div>\n<div>\u00a0<\/div>\n<div>\u00a0<\/div>\n<div>\u00a0<\/div>\n<div>\u00a0<\/div>\n<div>\u00a0<\/div>\n<div>\u00a0<\/div>\n<div>\u00a0<\/div>\n<div>\u00a0<\/div>\n<div>\u00a0<\/div>\n<div>\u00a0<\/div>\n<div>\u00a0<\/div>\n<div>\u00a0<\/div>\n<div>\u00a0<\/div>\n<div>\u00a0<\/div>\n<div>\u00a0<\/div>\n<div>\u00a0<\/div>\n<div>\u00a0<\/div>\n<div>\u00a0<\/div>\n<div>\u00a0<\/div>\n<div>\u00a0<\/div>\n<div>\u00a0<\/div>\n<div>\u00a0<\/div>\n<div>\u00a0<\/div>\n<div>\u00a0<\/div>\n<div>\u00a0<\/div>\n<div>\u00a0<\/div>\n<div>\u00a0<\/div>\n<div>\u00a0<\/div>\n<div>\u00a0<\/div>\n<div>\u00a0<\/div>\n<div>\u00a0<\/div>\n<div>\u00a0<\/div>\n<div>\u00a0<\/div>\n<div>\u00a0<\/div>\n<div>\u00a0<\/div>\n<div>\u00a0<\/div>\n<div>\u00a0<\/div>\n<div>\u00a0<\/div>\n<div>\u00a0<\/div>\n<div>\u00a0<\/div>\n<div>\u00a0<\/div>\n<div>\u00a0<\/div>\n<div>\u00a0<\/div>\n<div>\u00a0<\/div>\n<div>\u00a0<\/div>\n<div>\u00a0<\/div>\n<div>\u00a0<\/div>\n<div>\u00a0<\/div>\n<div>\u00a0<\/div>\n<div>\u00a0<\/div>\n","protected":false},"excerpt":{"rendered":"<p>\u00a0\u00a0 \u00a0 \u00a0\u00a0\u00a0 &#8220;I ripartenti&#8221;\u00a0\u00a0 RAPPORTO 2012 SU POVERT\u00c0 ED ESCLUSIONE SOCIALE IN ITALIA All&#8217;interno del Rapporto, disponibile in versione completa, sono riportati i dati del fenomeno provenienti dalle 220 Caritas diocesane, le principali tendenze di mutamento, i percorsi di presa in carico delle persone, i progetti anti-crisi economica delle diocesi, la mappa dei servizi [&hellip;]<\/p>\n","protected":false},"author":1,"featured_media":0,"comment_status":"closed","ping_status":"closed","sticky":false,"template":"","format":"standard","meta":{"_lmt_disableupdate":"","_lmt_disable":"","footnotes":""},"categories":[11,114],"tags":[],"canale_per_feed":[],"acf":[],"yoast_head":"<!-- This site is optimized with the Yoast SEO plugin v21.4 - https:\/\/yoast.com\/wordpress\/plugins\/seo\/ -->\n<title>Rapporti Povert\u00e0 (1996-2012) - Caritas DEV<\/title>\n<meta name=\"robots\" content=\"index, follow, max-snippet:-1, max-image-preview:large, max-video-preview:-1\" \/>\n<link rel=\"canonical\" href=\"https:\/\/caritas-wp.glauco.it\/caritas-dev\/rapporti-poverta-1996-2012\/\" \/>\n<meta property=\"og:locale\" content=\"it_IT\" \/>\n<meta property=\"og:type\" content=\"article\" \/>\n<meta property=\"og:title\" content=\"Rapporti Povert\u00e0 (1996-2012) - Caritas DEV\" \/>\n<meta property=\"og:description\" content=\"\u00a0\u00a0 \u00a0 \u00a0\u00a0\u00a0 &#8220;I ripartenti&#8221;\u00a0\u00a0 RAPPORTO 2012 SU POVERT\u00c0 ED ESCLUSIONE SOCIALE IN ITALIA All&#8217;interno del Rapporto, disponibile in versione completa, sono riportati i dati del fenomeno provenienti dalle 220 Caritas diocesane, le principali tendenze di mutamento, i percorsi di presa in carico delle persone, i progetti anti-crisi economica delle diocesi, la mappa dei servizi [&hellip;]\" \/>\n<meta property=\"og:url\" content=\"https:\/\/caritas-wp.glauco.it\/caritas-dev\/rapporti-poverta-1996-2012\/\" \/>\n<meta property=\"og:site_name\" content=\"Caritas DEV\" \/>\n<meta property=\"article:published_time\" content=\"2008-05-13T11:24:00+00:00\" \/>\n<meta property=\"article:modified_time\" content=\"2022-09-22T07:47:46+00:00\" \/>\n<meta name=\"author\" content=\"sEEd_aDm_wP\" \/>\n<meta name=\"twitter:card\" content=\"summary_large_image\" \/>\n<meta name=\"twitter:label1\" content=\"Scritto da\" \/>\n\t<meta name=\"twitter:data1\" content=\"sEEd_aDm_wP\" \/>\n\t<meta name=\"twitter:label2\" content=\"Tempo di lettura stimato\" \/>\n\t<meta name=\"twitter:data2\" content=\"4 minuti\" \/>\n<script type=\"application\/ld+json\" class=\"yoast-schema-graph\">{\"@context\":\"https:\/\/schema.org\",\"@graph\":[{\"@type\":\"Article\",\"@id\":\"https:\/\/caritas-wp.glauco.it\/caritas-dev\/rapporti-poverta-1996-2012\/#article\",\"isPartOf\":{\"@id\":\"https:\/\/caritas-wp.glauco.it\/caritas-dev\/rapporti-poverta-1996-2012\/\"},\"author\":{\"name\":\"sEEd_aDm_wP\",\"@id\":\"https:\/\/caritas-wp.glauco.it\/caritas-dev\/#\/schema\/person\/3cada41afcce51378e1a7c7a79364e54\"},\"headline\":\"Rapporti Povert\u00e0 (1996-2012)\",\"datePublished\":\"2008-05-13T11:24:00+00:00\",\"dateModified\":\"2022-09-22T07:47:46+00:00\",\"mainEntityOfPage\":{\"@id\":\"https:\/\/caritas-wp.glauco.it\/caritas-dev\/rapporti-poverta-1996-2012\/\"},\"wordCount\":757,\"publisher\":{\"@id\":\"https:\/\/caritas-wp.glauco.it\/caritas-dev\/#organization\"},\"articleSection\":[\"Libri\",\"Libri 2011\"],\"inLanguage\":\"it-IT\"},{\"@type\":\"WebPage\",\"@id\":\"https:\/\/caritas-wp.glauco.it\/caritas-dev\/rapporti-poverta-1996-2012\/\",\"url\":\"https:\/\/caritas-wp.glauco.it\/caritas-dev\/rapporti-poverta-1996-2012\/\",\"name\":\"Rapporti Povert\u00e0 (1996-2012) - Caritas DEV\",\"isPartOf\":{\"@id\":\"https:\/\/caritas-wp.glauco.it\/caritas-dev\/#website\"},\"datePublished\":\"2008-05-13T11:24:00+00:00\",\"dateModified\":\"2022-09-22T07:47:46+00:00\",\"breadcrumb\":{\"@id\":\"https:\/\/caritas-wp.glauco.it\/caritas-dev\/rapporti-poverta-1996-2012\/#breadcrumb\"},\"inLanguage\":\"it-IT\",\"potentialAction\":[{\"@type\":\"ReadAction\",\"target\":[\"https:\/\/caritas-wp.glauco.it\/caritas-dev\/rapporti-poverta-1996-2012\/\"]}]},{\"@type\":\"BreadcrumbList\",\"@id\":\"https:\/\/caritas-wp.glauco.it\/caritas-dev\/rapporti-poverta-1996-2012\/#breadcrumb\",\"itemListElement\":[{\"@type\":\"ListItem\",\"position\":1,\"name\":\"Home\",\"item\":\"https:\/\/caritas-wp.glauco.it\/caritas-dev\/\"},{\"@type\":\"ListItem\",\"position\":2,\"name\":\"Rapporti Povert\u00e0 (1996-2012)\"}]},{\"@type\":\"WebSite\",\"@id\":\"https:\/\/caritas-wp.glauco.it\/caritas-dev\/#website\",\"url\":\"https:\/\/caritas-wp.glauco.it\/caritas-dev\/\",\"name\":\"Caritas DEV\",\"description\":\"Organismo Pastorale della CEI\",\"publisher\":{\"@id\":\"https:\/\/caritas-wp.glauco.it\/caritas-dev\/#organization\"},\"potentialAction\":[{\"@type\":\"SearchAction\",\"target\":{\"@type\":\"EntryPoint\",\"urlTemplate\":\"https:\/\/caritas-wp.glauco.it\/caritas-dev\/?s={search_term_string}\"},\"query-input\":\"required name=search_term_string\"}],\"inLanguage\":\"it-IT\"},{\"@type\":\"Organization\",\"@id\":\"https:\/\/caritas-wp.glauco.it\/caritas-dev\/#organization\",\"name\":\"Caritas Italiana\",\"url\":\"https:\/\/caritas-wp.glauco.it\/caritas-dev\/\",\"logo\":{\"@type\":\"ImageObject\",\"inLanguage\":\"it-IT\",\"@id\":\"https:\/\/caritas-wp.glauco.it\/caritas-dev\/#\/schema\/logo\/image\/\",\"url\":\"https:\/\/caritas-wp.glauco.it\/caritas-dev\/wp-content\/uploads\/sites\/7\/2022\/07\/logo_caritas-1.png\",\"contentUrl\":\"https:\/\/caritas-wp.glauco.it\/caritas-dev\/wp-content\/uploads\/sites\/7\/2022\/07\/logo_caritas-1.png\",\"width\":187,\"height\":80,\"caption\":\"Caritas Italiana\"},\"image\":{\"@id\":\"https:\/\/caritas-wp.glauco.it\/caritas-dev\/#\/schema\/logo\/image\/\"}},{\"@type\":\"Person\",\"@id\":\"https:\/\/caritas-wp.glauco.it\/caritas-dev\/#\/schema\/person\/3cada41afcce51378e1a7c7a79364e54\",\"name\":\"sEEd_aDm_wP\",\"sameAs\":[\"https:\/\/caritas-wp.glauco.it\"]}]}<\/script>\n<!-- \/ Yoast SEO plugin. -->","yoast_head_json":{"title":"Rapporti Povert\u00e0 (1996-2012) - Caritas DEV","robots":{"index":"index","follow":"follow","max-snippet":"max-snippet:-1","max-image-preview":"max-image-preview:large","max-video-preview":"max-video-preview:-1"},"canonical":"https:\/\/caritas-wp.glauco.it\/caritas-dev\/rapporti-poverta-1996-2012\/","og_locale":"it_IT","og_type":"article","og_title":"Rapporti Povert\u00e0 (1996-2012) - Caritas DEV","og_description":"\u00a0\u00a0 \u00a0 \u00a0\u00a0\u00a0 &#8220;I ripartenti&#8221;\u00a0\u00a0 RAPPORTO 2012 SU POVERT\u00c0 ED ESCLUSIONE SOCIALE IN ITALIA All&#8217;interno del Rapporto, disponibile in versione completa, sono riportati i dati del fenomeno provenienti dalle 220 Caritas diocesane, le principali tendenze di mutamento, i percorsi di presa in carico delle persone, i progetti anti-crisi economica delle diocesi, la mappa dei servizi [&hellip;]","og_url":"https:\/\/caritas-wp.glauco.it\/caritas-dev\/rapporti-poverta-1996-2012\/","og_site_name":"Caritas DEV","article_published_time":"2008-05-13T11:24:00+00:00","article_modified_time":"2022-09-22T07:47:46+00:00","author":"sEEd_aDm_wP","twitter_card":"summary_large_image","twitter_misc":{"Scritto da":"sEEd_aDm_wP","Tempo di lettura stimato":"4 minuti"},"schema":{"@context":"https:\/\/schema.org","@graph":[{"@type":"Article","@id":"https:\/\/caritas-wp.glauco.it\/caritas-dev\/rapporti-poverta-1996-2012\/#article","isPartOf":{"@id":"https:\/\/caritas-wp.glauco.it\/caritas-dev\/rapporti-poverta-1996-2012\/"},"author":{"name":"sEEd_aDm_wP","@id":"https:\/\/caritas-wp.glauco.it\/caritas-dev\/#\/schema\/person\/3cada41afcce51378e1a7c7a79364e54"},"headline":"Rapporti Povert\u00e0 (1996-2012)","datePublished":"2008-05-13T11:24:00+00:00","dateModified":"2022-09-22T07:47:46+00:00","mainEntityOfPage":{"@id":"https:\/\/caritas-wp.glauco.it\/caritas-dev\/rapporti-poverta-1996-2012\/"},"wordCount":757,"publisher":{"@id":"https:\/\/caritas-wp.glauco.it\/caritas-dev\/#organization"},"articleSection":["Libri","Libri 2011"],"inLanguage":"it-IT"},{"@type":"WebPage","@id":"https:\/\/caritas-wp.glauco.it\/caritas-dev\/rapporti-poverta-1996-2012\/","url":"https:\/\/caritas-wp.glauco.it\/caritas-dev\/rapporti-poverta-1996-2012\/","name":"Rapporti Povert\u00e0 (1996-2012) - Caritas DEV","isPartOf":{"@id":"https:\/\/caritas-wp.glauco.it\/caritas-dev\/#website"},"datePublished":"2008-05-13T11:24:00+00:00","dateModified":"2022-09-22T07:47:46+00:00","breadcrumb":{"@id":"https:\/\/caritas-wp.glauco.it\/caritas-dev\/rapporti-poverta-1996-2012\/#breadcrumb"},"inLanguage":"it-IT","potentialAction":[{"@type":"ReadAction","target":["https:\/\/caritas-wp.glauco.it\/caritas-dev\/rapporti-poverta-1996-2012\/"]}]},{"@type":"BreadcrumbList","@id":"https:\/\/caritas-wp.glauco.it\/caritas-dev\/rapporti-poverta-1996-2012\/#breadcrumb","itemListElement":[{"@type":"ListItem","position":1,"name":"Home","item":"https:\/\/caritas-wp.glauco.it\/caritas-dev\/"},{"@type":"ListItem","position":2,"name":"Rapporti Povert\u00e0 (1996-2012)"}]},{"@type":"WebSite","@id":"https:\/\/caritas-wp.glauco.it\/caritas-dev\/#website","url":"https:\/\/caritas-wp.glauco.it\/caritas-dev\/","name":"Caritas DEV","description":"Organismo Pastorale della CEI","publisher":{"@id":"https:\/\/caritas-wp.glauco.it\/caritas-dev\/#organization"},"potentialAction":[{"@type":"SearchAction","target":{"@type":"EntryPoint","urlTemplate":"https:\/\/caritas-wp.glauco.it\/caritas-dev\/?s={search_term_string}"},"query-input":"required name=search_term_string"}],"inLanguage":"it-IT"},{"@type":"Organization","@id":"https:\/\/caritas-wp.glauco.it\/caritas-dev\/#organization","name":"Caritas Italiana","url":"https:\/\/caritas-wp.glauco.it\/caritas-dev\/","logo":{"@type":"ImageObject","inLanguage":"it-IT","@id":"https:\/\/caritas-wp.glauco.it\/caritas-dev\/#\/schema\/logo\/image\/","url":"https:\/\/caritas-wp.glauco.it\/caritas-dev\/wp-content\/uploads\/sites\/7\/2022\/07\/logo_caritas-1.png","contentUrl":"https:\/\/caritas-wp.glauco.it\/caritas-dev\/wp-content\/uploads\/sites\/7\/2022\/07\/logo_caritas-1.png","width":187,"height":80,"caption":"Caritas Italiana"},"image":{"@id":"https:\/\/caritas-wp.glauco.it\/caritas-dev\/#\/schema\/logo\/image\/"}},{"@type":"Person","@id":"https:\/\/caritas-wp.glauco.it\/caritas-dev\/#\/schema\/person\/3cada41afcce51378e1a7c7a79364e54","name":"sEEd_aDm_wP","sameAs":["https:\/\/caritas-wp.glauco.it"]}]}},"modified_by":null,"_links":{"self":[{"href":"https:\/\/caritas-wp.glauco.it\/caritas-dev\/wp-json\/wp\/v2\/posts\/2746"}],"collection":[{"href":"https:\/\/caritas-wp.glauco.it\/caritas-dev\/wp-json\/wp\/v2\/posts"}],"about":[{"href":"https:\/\/caritas-wp.glauco.it\/caritas-dev\/wp-json\/wp\/v2\/types\/post"}],"author":[{"embeddable":true,"href":"https:\/\/caritas-wp.glauco.it\/caritas-dev\/wp-json\/wp\/v2\/users\/1"}],"replies":[{"embeddable":true,"href":"https:\/\/caritas-wp.glauco.it\/caritas-dev\/wp-json\/wp\/v2\/comments?post=2746"}],"version-history":[{"count":1,"href":"https:\/\/caritas-wp.glauco.it\/caritas-dev\/wp-json\/wp\/v2\/posts\/2746\/revisions"}],"predecessor-version":[{"id":2747,"href":"https:\/\/caritas-wp.glauco.it\/caritas-dev\/wp-json\/wp\/v2\/posts\/2746\/revisions\/2747"}],"wp:attachment":[{"href":"https:\/\/caritas-wp.glauco.it\/caritas-dev\/wp-json\/wp\/v2\/media?parent=2746"}],"wp:term":[{"taxonomy":"category","embeddable":true,"href":"https:\/\/caritas-wp.glauco.it\/caritas-dev\/wp-json\/wp\/v2\/categories?post=2746"},{"taxonomy":"post_tag","embeddable":true,"href":"https:\/\/caritas-wp.glauco.it\/caritas-dev\/wp-json\/wp\/v2\/tags?post=2746"},{"taxonomy":"canale_per_feed","embeddable":true,"href":"https:\/\/caritas-wp.glauco.it\/caritas-dev\/wp-json\/wp\/v2\/canale_per_feed?post=2746"}],"curies":[{"name":"wp","href":"https:\/\/api.w.org\/{rel}","templated":true}]}}