{"id":2756,"date":"2011-11-29T11:12:00","date_gmt":"2011-11-29T10:12:00","guid":{"rendered":"https:\/\/caritas-wp.glauco.it\/caritas-dev\/non-mi-vedrete-morire-con-testi-su-zeffirino-jimenez-malla\/"},"modified":"2022-09-22T09:47:48","modified_gmt":"2022-09-22T07:47:48","slug":"non-mi-vedrete-morire-con-testi-su-zeffirino-jimenez-malla","status":"publish","type":"post","link":"https:\/\/caritas-wp.glauco.it\/caritas-dev\/non-mi-vedrete-morire-con-testi-su-zeffirino-jimenez-malla\/","title":{"rendered":"&#8220;Non mi vedrete morire&#8221; (con testi su Zeffirino Jim\u00e9nez Malla)"},"content":{"rendered":"<div>\n<div>\u00a0<img decoding=\"async\" alt=\"\" align=\"left\" src=\"\/caritasitaliana\/allegati\/2535\/zeffirino_sito.gif\" \/><\/div>\n<div><font color=\"#515151\" face=\"Verdana\"><font size=\"2\">Audiolibro (libro+cd) <\/font><\/p>\n<div><font size=\"2\">\u00a0<\/font><\/div>\n<div><span style=\"font-size: x-small\"><span style=\"font-family: Verdana\"><span style=\"color: #515151\">Centro europeo Risorse umane &#8211; <\/span><\/span><\/span><span style=\"font-size: x-small\"><span style=\"font-family: Verdana\"><span style=\"color: #515151\">Caritas Italiana &#8211; Fondazione Migrantes<\/span><\/span><\/span><\/div>\n<div><span style=\"font-size: x-small\"><span style=\"font-family: Verdana\"><span style=\"color: #515151\">\u00a0 <\/span><\/span><\/span><font size=\"2\">\u00a0<\/font><\/div>\n<div><span style=\"font-size: x-small\"><span style=\"font-family: Verdana\"><span style=\"color: #515151\">Dicembre\u00a02011<br \/>\n Pagine libro: 54<br \/>\n Durata cd: 52&#8242; 04&#8221;<br \/>\n Prezzo: euro 22,90<\/span><\/span><\/span><\/div>\n<p> <\/font><\/div>\n<div>\u00a0<\/div>\n<div>\u00a0\u00a0<\/div>\n<div>\u00a0<\/div>\n<div><font size=\"2\"><font color=\"#515151\" face=\"Verdana\">\u0093Non mi vedrete morire\u0094 \u00e8 un audiolibro che racconta, attraverso alcune tra le pi\u00f9 significative testimonianze di persone che lo hanno conosciuto, la vita di Zeffirino Jim\u00e9nez Malla, di etnia rom.<\/font><\/font><\/div>\n<div><font size=\"2\"><font color=\"#515151\" face=\"Verdana\">\u00a0 <\/font><\/font><\/div>\n<div><font size=\"2\"><font color=\"#515151\" face=\"Verdana\">Vissuto nel secolo scorso in Spagna, brutalmente fucilato durante la guerra civile. Primo zingaro proclamato Beato nella Chiesa da Giovanni Paolo II nel 1997<\/font><\/font><font color=\"#515151\" face=\"Verdana\">, patrono di tutti i\u00a0gitani.<\/font><\/div>\n<div><font color=\"#515151\" face=\"Verdana\">\u00a0\u00a0 <\/font><\/div>\n<div><font color=\"#515151\" size=\"2\" face=\"Verdana\">Audiolibro della Collana Phonostorie, facente parte del progetto culturale ed educativo dedicato ad alcuni illustri personaggi del xx secolo. <\/font><font color=\"#515151\" face=\"Verdana\"><font size=\"2\">\u00c8 frutto della collaborazione tra Caritas Italiana, Fondazione Migrantes e il Centro europeo Risorse umane per Multimedia San Paolo Editore.\u00a0<\/font><\/font>\u00a0<\/div>\n<div><strong><font size=\"2\"><font color=\"#515151\" face=\"Verdana\">\u00a0\u00a0 <\/font><\/font><\/strong><\/div>\n<hr \/>\n<div><font size=\"2\"><font color=\"#515151\" face=\"Verdana\">L&#8217;audiolibro\u00a0\u00e8 stato\u00a0presentato in conferenza stampa marted\u00ec 6 dicembre 2011 alle ore 11 <\/font><\/font><font size=\"2\"><font color=\"#515151\" face=\"Verdana\">a Roma, presso la Sala Marconi di Radio Vaticana. <\/font><\/font><\/div>\n<ul>\n<li><span style=\"font-size: x-small\"><span style=\"font-family: Verdana\"><span style=\"color: #515151\"><a target=\"_blank\" href=\"\/materiali\/comunicati\/novembre_2011\/cs_congiunto_29112011.pdf\" rel=\"noopener\">Comunicato stampa<\/a> <span style=\"font-size: xx-small\"><font color=\"#515151\" face=\"Verdana\">(pdf)<\/font><\/span><\/span><\/span><\/span><\/li>\n<li><span style=\"font-size: x-small\"><span style=\"font-family: Verdana\"><span style=\"color: #515151\"><a target=\"_blank\" href=\"\/materiali\/Pubblicazioni\/libri_2011\/zeffirino_malla\/nozza_6dicembre2011.pdf\" rel=\"noopener\">Intervento di Mons. Vittorio Nozza<\/a><span style=\"font-size: xx-small\"><span style=\"color: #515151\">\u00a0(pdf)<\/span><\/span><\/span><span style=\"font-size: x-small\"><span style=\"color: #515151\"><span style=\"color: #515151\">, <\/span>direttore di Caritas Italiana<\/span><\/span><\/span><\/span><\/li>\n<li><span style=\"font-size: x-small\"><span style=\"font-family: Verdana\"><span style=\"color: #515151\"><span style=\"font-size: x-small\"><span style=\"font-family: Verdana\"><span style=\"color: #515151\"><a target=\"_blank\" href=\"\/materiali\/Pubblicazioni\/libri_2011\/zeffirino_malla\/perego_6dicembre2011.pdf\" rel=\"noopener\">Intervento di Mons.\u00a0Giancarlo Perego<\/a><span style=\"font-size: xx-small\"><span style=\"color: #515151\">\u00a0(pdf)<span style=\"font-size: x-small\"><span style=\"color: #515151\"><span style=\"color: #515151\">, <\/span><\/span><\/span><\/span><\/span>direttore\u00a0di Fondazione Migrantes<\/span><\/span><\/span><\/span><\/span><\/span><\/li>\n<li><span style=\"font-size: x-small\"><span style=\"font-family: Verdana\"><span style=\"color: #515151\"><a target=\"_blank\" href=\"\/materiali\/Pubblicazioni\/libri_2011\/zeffirino_malla\/schettino_6dicembre2011.pdf\" rel=\"noopener\">Intervento di S.E. Mons.\u00a0Bruno Schettino<\/a><span style=\"font-size: xx-small\"><span style=\"color: #515151\">\u00a0(pdf)<span style=\"font-size: x-small\"><span style=\"color: #515151\"><span style=\"color: #515151\">, <\/span><\/span><\/span><\/span><\/span>presidente di Fondazione Migrantes<\/span><\/span><\/span><\/li>\n<\/ul>\n<hr \/>\n<div><span style=\"font-size: x-small\"><span style=\"font-family: Verdana\"><span style=\"color: #515151\">L\u0092audiolibro \u00e8 fusione di arti diverse: letteratura, recitazione e musica, dove ognuna, con il proprio posto e la propria specificit\u00e0, si lega inscindibilmente alle altre con l\u0092intento di costituire un unico discorso senza soluzione di continuit\u00e0.<\/span><\/span><\/span><\/div>\n<div><span style=\"font-size: x-small\"><span style=\"font-family: Verdana\"><span style=\"color: #515151\">\u00a0<br \/>\n \u0093Non mi vedrete morire\u0094 narra di uno zingaro che cerc\u00f2 di promuovere la pace, la concordia nella costante tensione di vedere nell\u0092altro non un nemico, ma un fratello da amare. Questa la lezione della sua vita. Uno zingaro, un analfabeta. Un uomo nobile.<\/span><\/span><\/span><\/div>\n<div><span style=\"font-size: x-small\"><span style=\"font-family: Verdana\"><span style=\"color: #515151\">\u00a0 <\/span><\/span><\/span><\/div>\n<div><span style=\"font-size: x-small\"><span style=\"font-family: Verdana\"><span style=\"color: #515151\">Susanna Tamaro, tra le pi\u00f9 affermate scrittrici italiane contemporanee, ne ha scritto la prefazione. La lettura dei testi \u00e8 affidata agli artisti Simonetta Solder, Fabrizio Bucci, Giorgio Marchesi, Lino Guanciale, e alle voci di Lito Amuch\u00e1stegui e Tom\u00e1s Guzm\u00e1n.<\/span><\/span><\/span><\/div>\n<div><span style=\"font-size: x-small\"><span style=\"font-family: Verdana\"><span style=\"color: #515151\">\u00a0 <br \/>\n L\u0092Opera si conclude con la canzone \u0093Khorakhan\u00e9\u0094 di Fabrizio De Andr\u00e9, da lui dedicata al mondo rom. Le musiche originali sono di Mite Balduzzi.<\/span><\/span><\/span><\/div>\n<div>\u00a0<\/div>\n<div>\u00a0<\/div>\n<div>\u00a0<\/div>\n<div>\u00a0<\/div>\n<\/p><\/div>\n","protected":false},"excerpt":{"rendered":"<p>Audiolibro (libro+cd) dedicato alla figura di Zeffirino Jim\u00e9nez Malla, un uomo di etnia rom vissuto nel secolo scorso in Spagna, fucilato durante la guerra civile.<\/p>\n","protected":false},"author":1,"featured_media":2758,"comment_status":"closed","ping_status":"closed","sticky":false,"template":"","format":"standard","meta":{"_lmt_disableupdate":"","_lmt_disable":"","footnotes":""},"categories":[11,114],"tags":[],"canale_per_feed":[],"acf":[],"yoast_head":"<!-- This site is optimized with the Yoast SEO plugin v21.4 - https:\/\/yoast.com\/wordpress\/plugins\/seo\/ -->\n<title>&quot;Non mi vedrete morire&quot; (con testi su Zeffirino Jim\u00e9nez Malla) - Caritas DEV<\/title>\n<meta name=\"robots\" content=\"index, follow, max-snippet:-1, max-image-preview:large, max-video-preview:-1\" \/>\n<link rel=\"canonical\" href=\"https:\/\/caritas-wp.glauco.it\/caritas-dev\/non-mi-vedrete-morire-con-testi-su-zeffirino-jimenez-malla\/\" \/>\n<meta property=\"og:locale\" content=\"it_IT\" \/>\n<meta property=\"og:type\" content=\"article\" \/>\n<meta property=\"og:title\" content=\"&quot;Non mi vedrete morire&quot; (con testi su Zeffirino Jim\u00e9nez Malla) - Caritas DEV\" \/>\n<meta property=\"og:description\" content=\"Audiolibro (libro+cd) dedicato alla figura di Zeffirino Jim\u00e9nez Malla, un uomo di etnia rom vissuto nel secolo scorso in Spagna, fucilato durante la guerra civile.\" \/>\n<meta property=\"og:url\" content=\"https:\/\/caritas-wp.glauco.it\/caritas-dev\/non-mi-vedrete-morire-con-testi-su-zeffirino-jimenez-malla\/\" \/>\n<meta property=\"og:site_name\" content=\"Caritas DEV\" \/>\n<meta property=\"article:published_time\" content=\"2011-11-29T10:12:00+00:00\" \/>\n<meta property=\"article:modified_time\" content=\"2022-09-22T07:47:48+00:00\" \/>\n<meta property=\"og:image\" content=\"https:\/\/caritas-wp.glauco.it\/caritas-dev\/wp-content\/uploads\/sites\/7\/2022\/09\/zeffirino_mini.gif\" \/>\n\t<meta property=\"og:image:width\" content=\"77\" \/>\n\t<meta property=\"og:image:height\" content=\"113\" \/>\n\t<meta property=\"og:image:type\" content=\"image\/gif\" \/>\n<meta name=\"author\" content=\"sEEd_aDm_wP\" \/>\n<meta name=\"twitter:card\" content=\"summary_large_image\" \/>\n<meta name=\"twitter:label1\" content=\"Scritto da\" \/>\n\t<meta name=\"twitter:data1\" content=\"sEEd_aDm_wP\" \/>\n\t<meta name=\"twitter:label2\" content=\"Tempo di lettura stimato\" \/>\n\t<meta name=\"twitter:data2\" content=\"2 minuti\" \/>\n<script type=\"application\/ld+json\" class=\"yoast-schema-graph\">{\"@context\":\"https:\/\/schema.org\",\"@graph\":[{\"@type\":\"Article\",\"@id\":\"https:\/\/caritas-wp.glauco.it\/caritas-dev\/non-mi-vedrete-morire-con-testi-su-zeffirino-jimenez-malla\/#article\",\"isPartOf\":{\"@id\":\"https:\/\/caritas-wp.glauco.it\/caritas-dev\/non-mi-vedrete-morire-con-testi-su-zeffirino-jimenez-malla\/\"},\"author\":{\"name\":\"sEEd_aDm_wP\",\"@id\":\"https:\/\/caritas-wp.glauco.it\/caritas-dev\/#\/schema\/person\/3cada41afcce51378e1a7c7a79364e54\"},\"headline\":\"&#8220;Non mi vedrete morire&#8221; (con testi su Zeffirino Jim\u00e9nez Malla)\",\"datePublished\":\"2011-11-29T10:12:00+00:00\",\"dateModified\":\"2022-09-22T07:47:48+00:00\",\"mainEntityOfPage\":{\"@id\":\"https:\/\/caritas-wp.glauco.it\/caritas-dev\/non-mi-vedrete-morire-con-testi-su-zeffirino-jimenez-malla\/\"},\"wordCount\":331,\"publisher\":{\"@id\":\"https:\/\/caritas-wp.glauco.it\/caritas-dev\/#organization\"},\"articleSection\":[\"Libri\",\"Libri 2011\"],\"inLanguage\":\"it-IT\"},{\"@type\":\"WebPage\",\"@id\":\"https:\/\/caritas-wp.glauco.it\/caritas-dev\/non-mi-vedrete-morire-con-testi-su-zeffirino-jimenez-malla\/\",\"url\":\"https:\/\/caritas-wp.glauco.it\/caritas-dev\/non-mi-vedrete-morire-con-testi-su-zeffirino-jimenez-malla\/\",\"name\":\"\\\"Non mi vedrete morire\\\" (con testi su Zeffirino Jim\u00e9nez Malla) - Caritas DEV\",\"isPartOf\":{\"@id\":\"https:\/\/caritas-wp.glauco.it\/caritas-dev\/#website\"},\"datePublished\":\"2011-11-29T10:12:00+00:00\",\"dateModified\":\"2022-09-22T07:47:48+00:00\",\"breadcrumb\":{\"@id\":\"https:\/\/caritas-wp.glauco.it\/caritas-dev\/non-mi-vedrete-morire-con-testi-su-zeffirino-jimenez-malla\/#breadcrumb\"},\"inLanguage\":\"it-IT\",\"potentialAction\":[{\"@type\":\"ReadAction\",\"target\":[\"https:\/\/caritas-wp.glauco.it\/caritas-dev\/non-mi-vedrete-morire-con-testi-su-zeffirino-jimenez-malla\/\"]}]},{\"@type\":\"BreadcrumbList\",\"@id\":\"https:\/\/caritas-wp.glauco.it\/caritas-dev\/non-mi-vedrete-morire-con-testi-su-zeffirino-jimenez-malla\/#breadcrumb\",\"itemListElement\":[{\"@type\":\"ListItem\",\"position\":1,\"name\":\"Home\",\"item\":\"https:\/\/caritas-wp.glauco.it\/caritas-dev\/\"},{\"@type\":\"ListItem\",\"position\":2,\"name\":\"&#8220;Non mi vedrete morire&#8221; (con testi su Zeffirino Jim\u00e9nez Malla)\"}]},{\"@type\":\"WebSite\",\"@id\":\"https:\/\/caritas-wp.glauco.it\/caritas-dev\/#website\",\"url\":\"https:\/\/caritas-wp.glauco.it\/caritas-dev\/\",\"name\":\"Caritas DEV\",\"description\":\"Organismo Pastorale della CEI\",\"publisher\":{\"@id\":\"https:\/\/caritas-wp.glauco.it\/caritas-dev\/#organization\"},\"potentialAction\":[{\"@type\":\"SearchAction\",\"target\":{\"@type\":\"EntryPoint\",\"urlTemplate\":\"https:\/\/caritas-wp.glauco.it\/caritas-dev\/?s={search_term_string}\"},\"query-input\":\"required name=search_term_string\"}],\"inLanguage\":\"it-IT\"},{\"@type\":\"Organization\",\"@id\":\"https:\/\/caritas-wp.glauco.it\/caritas-dev\/#organization\",\"name\":\"Caritas Italiana\",\"url\":\"https:\/\/caritas-wp.glauco.it\/caritas-dev\/\",\"logo\":{\"@type\":\"ImageObject\",\"inLanguage\":\"it-IT\",\"@id\":\"https:\/\/caritas-wp.glauco.it\/caritas-dev\/#\/schema\/logo\/image\/\",\"url\":\"https:\/\/caritas-wp.glauco.it\/caritas-dev\/wp-content\/uploads\/sites\/7\/2022\/07\/logo_caritas-1.png\",\"contentUrl\":\"https:\/\/caritas-wp.glauco.it\/caritas-dev\/wp-content\/uploads\/sites\/7\/2022\/07\/logo_caritas-1.png\",\"width\":187,\"height\":80,\"caption\":\"Caritas Italiana\"},\"image\":{\"@id\":\"https:\/\/caritas-wp.glauco.it\/caritas-dev\/#\/schema\/logo\/image\/\"}},{\"@type\":\"Person\",\"@id\":\"https:\/\/caritas-wp.glauco.it\/caritas-dev\/#\/schema\/person\/3cada41afcce51378e1a7c7a79364e54\",\"name\":\"sEEd_aDm_wP\",\"sameAs\":[\"https:\/\/caritas-wp.glauco.it\"]}]}<\/script>\n<!-- \/ Yoast SEO plugin. -->","yoast_head_json":{"title":"\"Non mi vedrete morire\" (con testi su Zeffirino Jim\u00e9nez Malla) - Caritas DEV","robots":{"index":"index","follow":"follow","max-snippet":"max-snippet:-1","max-image-preview":"max-image-preview:large","max-video-preview":"max-video-preview:-1"},"canonical":"https:\/\/caritas-wp.glauco.it\/caritas-dev\/non-mi-vedrete-morire-con-testi-su-zeffirino-jimenez-malla\/","og_locale":"it_IT","og_type":"article","og_title":"\"Non mi vedrete morire\" (con testi su Zeffirino Jim\u00e9nez Malla) - Caritas DEV","og_description":"Audiolibro (libro+cd) dedicato alla figura di Zeffirino Jim\u00e9nez Malla, un uomo di etnia rom vissuto nel secolo scorso in Spagna, fucilato durante la guerra civile.","og_url":"https:\/\/caritas-wp.glauco.it\/caritas-dev\/non-mi-vedrete-morire-con-testi-su-zeffirino-jimenez-malla\/","og_site_name":"Caritas DEV","article_published_time":"2011-11-29T10:12:00+00:00","article_modified_time":"2022-09-22T07:47:48+00:00","og_image":[{"width":77,"height":113,"url":"https:\/\/caritas-wp.glauco.it\/caritas-dev\/wp-content\/uploads\/sites\/7\/2022\/09\/zeffirino_mini.gif","type":"image\/gif"}],"author":"sEEd_aDm_wP","twitter_card":"summary_large_image","twitter_misc":{"Scritto da":"sEEd_aDm_wP","Tempo di lettura stimato":"2 minuti"},"schema":{"@context":"https:\/\/schema.org","@graph":[{"@type":"Article","@id":"https:\/\/caritas-wp.glauco.it\/caritas-dev\/non-mi-vedrete-morire-con-testi-su-zeffirino-jimenez-malla\/#article","isPartOf":{"@id":"https:\/\/caritas-wp.glauco.it\/caritas-dev\/non-mi-vedrete-morire-con-testi-su-zeffirino-jimenez-malla\/"},"author":{"name":"sEEd_aDm_wP","@id":"https:\/\/caritas-wp.glauco.it\/caritas-dev\/#\/schema\/person\/3cada41afcce51378e1a7c7a79364e54"},"headline":"&#8220;Non mi vedrete morire&#8221; (con testi su Zeffirino Jim\u00e9nez Malla)","datePublished":"2011-11-29T10:12:00+00:00","dateModified":"2022-09-22T07:47:48+00:00","mainEntityOfPage":{"@id":"https:\/\/caritas-wp.glauco.it\/caritas-dev\/non-mi-vedrete-morire-con-testi-su-zeffirino-jimenez-malla\/"},"wordCount":331,"publisher":{"@id":"https:\/\/caritas-wp.glauco.it\/caritas-dev\/#organization"},"articleSection":["Libri","Libri 2011"],"inLanguage":"it-IT"},{"@type":"WebPage","@id":"https:\/\/caritas-wp.glauco.it\/caritas-dev\/non-mi-vedrete-morire-con-testi-su-zeffirino-jimenez-malla\/","url":"https:\/\/caritas-wp.glauco.it\/caritas-dev\/non-mi-vedrete-morire-con-testi-su-zeffirino-jimenez-malla\/","name":"\"Non mi vedrete morire\" (con testi su Zeffirino Jim\u00e9nez Malla) - Caritas DEV","isPartOf":{"@id":"https:\/\/caritas-wp.glauco.it\/caritas-dev\/#website"},"datePublished":"2011-11-29T10:12:00+00:00","dateModified":"2022-09-22T07:47:48+00:00","breadcrumb":{"@id":"https:\/\/caritas-wp.glauco.it\/caritas-dev\/non-mi-vedrete-morire-con-testi-su-zeffirino-jimenez-malla\/#breadcrumb"},"inLanguage":"it-IT","potentialAction":[{"@type":"ReadAction","target":["https:\/\/caritas-wp.glauco.it\/caritas-dev\/non-mi-vedrete-morire-con-testi-su-zeffirino-jimenez-malla\/"]}]},{"@type":"BreadcrumbList","@id":"https:\/\/caritas-wp.glauco.it\/caritas-dev\/non-mi-vedrete-morire-con-testi-su-zeffirino-jimenez-malla\/#breadcrumb","itemListElement":[{"@type":"ListItem","position":1,"name":"Home","item":"https:\/\/caritas-wp.glauco.it\/caritas-dev\/"},{"@type":"ListItem","position":2,"name":"&#8220;Non mi vedrete morire&#8221; (con testi su Zeffirino Jim\u00e9nez Malla)"}]},{"@type":"WebSite","@id":"https:\/\/caritas-wp.glauco.it\/caritas-dev\/#website","url":"https:\/\/caritas-wp.glauco.it\/caritas-dev\/","name":"Caritas DEV","description":"Organismo Pastorale della CEI","publisher":{"@id":"https:\/\/caritas-wp.glauco.it\/caritas-dev\/#organization"},"potentialAction":[{"@type":"SearchAction","target":{"@type":"EntryPoint","urlTemplate":"https:\/\/caritas-wp.glauco.it\/caritas-dev\/?s={search_term_string}"},"query-input":"required name=search_term_string"}],"inLanguage":"it-IT"},{"@type":"Organization","@id":"https:\/\/caritas-wp.glauco.it\/caritas-dev\/#organization","name":"Caritas Italiana","url":"https:\/\/caritas-wp.glauco.it\/caritas-dev\/","logo":{"@type":"ImageObject","inLanguage":"it-IT","@id":"https:\/\/caritas-wp.glauco.it\/caritas-dev\/#\/schema\/logo\/image\/","url":"https:\/\/caritas-wp.glauco.it\/caritas-dev\/wp-content\/uploads\/sites\/7\/2022\/07\/logo_caritas-1.png","contentUrl":"https:\/\/caritas-wp.glauco.it\/caritas-dev\/wp-content\/uploads\/sites\/7\/2022\/07\/logo_caritas-1.png","width":187,"height":80,"caption":"Caritas Italiana"},"image":{"@id":"https:\/\/caritas-wp.glauco.it\/caritas-dev\/#\/schema\/logo\/image\/"}},{"@type":"Person","@id":"https:\/\/caritas-wp.glauco.it\/caritas-dev\/#\/schema\/person\/3cada41afcce51378e1a7c7a79364e54","name":"sEEd_aDm_wP","sameAs":["https:\/\/caritas-wp.glauco.it"]}]}},"modified_by":null,"_links":{"self":[{"href":"https:\/\/caritas-wp.glauco.it\/caritas-dev\/wp-json\/wp\/v2\/posts\/2756"}],"collection":[{"href":"https:\/\/caritas-wp.glauco.it\/caritas-dev\/wp-json\/wp\/v2\/posts"}],"about":[{"href":"https:\/\/caritas-wp.glauco.it\/caritas-dev\/wp-json\/wp\/v2\/types\/post"}],"author":[{"embeddable":true,"href":"https:\/\/caritas-wp.glauco.it\/caritas-dev\/wp-json\/wp\/v2\/users\/1"}],"replies":[{"embeddable":true,"href":"https:\/\/caritas-wp.glauco.it\/caritas-dev\/wp-json\/wp\/v2\/comments?post=2756"}],"version-history":[{"count":1,"href":"https:\/\/caritas-wp.glauco.it\/caritas-dev\/wp-json\/wp\/v2\/posts\/2756\/revisions"}],"predecessor-version":[{"id":2757,"href":"https:\/\/caritas-wp.glauco.it\/caritas-dev\/wp-json\/wp\/v2\/posts\/2756\/revisions\/2757"}],"wp:featuredmedia":[{"embeddable":true,"href":"https:\/\/caritas-wp.glauco.it\/caritas-dev\/wp-json\/wp\/v2\/media\/2758"}],"wp:attachment":[{"href":"https:\/\/caritas-wp.glauco.it\/caritas-dev\/wp-json\/wp\/v2\/media?parent=2756"}],"wp:term":[{"taxonomy":"category","embeddable":true,"href":"https:\/\/caritas-wp.glauco.it\/caritas-dev\/wp-json\/wp\/v2\/categories?post=2756"},{"taxonomy":"post_tag","embeddable":true,"href":"https:\/\/caritas-wp.glauco.it\/caritas-dev\/wp-json\/wp\/v2\/tags?post=2756"},{"taxonomy":"canale_per_feed","embeddable":true,"href":"https:\/\/caritas-wp.glauco.it\/caritas-dev\/wp-json\/wp\/v2\/canale_per_feed?post=2756"}],"curies":[{"name":"wp","href":"https:\/\/api.w.org\/{rel}","templated":true}]}}