{"id":2774,"date":"2012-10-10T13:58:00","date_gmt":"2012-10-10T11:58:00","guid":{"rendered":"https:\/\/caritas-wp.glauco.it\/caritas-dev\/i-ripartenti-poverta-croniche-e-inedite-percorsi-di-risalita-nella-stagione-della-crisi\/"},"modified":"2022-09-22T09:47:50","modified_gmt":"2022-09-22T07:47:50","slug":"i-ripartenti-poverta-croniche-e-inedite-percorsi-di-risalita-nella-stagione-della-crisi","status":"publish","type":"post","link":"https:\/\/caritas-wp.glauco.it\/caritas-dev\/i-ripartenti-poverta-croniche-e-inedite-percorsi-di-risalita-nella-stagione-della-crisi\/","title":{"rendered":"&#8220;I ripartenti. Povert\u00e0 croniche e inedite. Percorsi di risalita nella stagione della crisi&#8221;"},"content":{"rendered":"<div>\u00a0<\/div>\n<div><img decoding=\"async\" alt=\"copertina Rapporto povert\u00e0 2012\" align=\"left\" src=\"\/caritasitaliana\/allegati\/2892\/copertina_interna.jpg\" \/>&#8220;I ripartenti. Povert\u00e0 croniche e inedite. Percorsi di risalita nella stagione della crisi&#8221;. \u00c8 il titolo della nuova\u00a0edizione del Rapporto Caritas 2012 su povert\u00e0 ed esclusione sociale in Italia, che per la prima volta il <strong>17 ottobre prossimo, Giornata internazionale di lotta alla povert\u00e0, sar\u00e0 presentato on-line<\/strong> su questo sito e reso disponibile in versione integrale, insieme a un d\u00e9pliant di sintesi e ad altro materiale di approfondimento.<\/div>\n<div>Il\u00a0 Rapporto 2012 parte dal <strong>lavoro di animazione, ascolto e osservazione condotto dalle 220 Caritas diocesane<\/strong> in Italia e si compone di due parti:<\/div>\n<div>1.\u00a0\u00a0\u00a0\u00a0\u00a0 Lo sguardo Caritas sulla povert\u00e0: tendenze e fenomeni nei territori;<br \/>2.\u00a0\u00a0\u00a0\u00a0\u00a0 Risorse\u00a0 e\u00a0 risposte\u00a0 alla povert\u00e0\u00a0 nel\u00a0 circuito Caritas.<\/div>\n<div>\u00a0<\/div>\n<div>La rilevazione fotografa i profili delle persone che si sono rivolte nel 2011 ai Centri Caritas, aiutandoci a capire come la crisi stia fortemente incidendo sulle vecchie povert\u00e0, facendone nel contempo emergere di nuove. Si tratta di storie e volti incontrati ogni giorno. Una &#8220;povert\u00e0 ordinaria&#8221; che si aggiunge ai fenomeni di grave emarginazione gi\u00e0 emersi nell&#8217;<a href=\"\/home_page\/notizie\/00002886_Presentazione_risultati_indagine_sulle_persone_senza_dimora__Roma__9_ottobre_2012_.html\">indagine nazionale sulle persone senza dimora<\/a> presentata lo scorso 9 ottobre da Caritas Italiana insieme a ISTAT, FIO.psd e Ministero del Welfare.<\/div>\n<div>\u00a0<\/div>\n<div>Ma accanto a questo, nel rapporto 2012 c\u0092\u00e8 anche qualche segnale di speranza, rappresentato dalle <strong>esperienze avviate in tutte le diocesi <\/strong>per cercare di rispondere ai crescenti bisogni e al moltiplicarsi delle richieste.<\/div>\n<div>\u00a0<\/div>\n<div>\u00a0<\/div>\n","protected":false},"excerpt":{"rendered":"<p>\u00a0 &#8220;I ripartenti. Povert\u00e0 croniche e inedite. Percorsi di risalita nella stagione della crisi&#8221;. \u00c8 il titolo della nuova\u00a0edizione del Rapporto Caritas 2012 su povert\u00e0 ed esclusione sociale in Italia, che per la prima volta il 17 ottobre prossimo, Giornata internazionale di lotta alla povert\u00e0, sar\u00e0 presentato on-line su questo sito e reso disponibile in [&hellip;]<\/p>\n","protected":false},"author":1,"featured_media":2776,"comment_status":"closed","ping_status":"closed","sticky":false,"template":"","format":"standard","meta":{"_lmt_disableupdate":"","_lmt_disable":"","footnotes":""},"categories":[11,115],"tags":[],"canale_per_feed":[],"acf":[],"yoast_head":"<!-- This site is optimized with the Yoast SEO plugin v21.4 - https:\/\/yoast.com\/wordpress\/plugins\/seo\/ -->\n<title>&quot;I ripartenti. Povert\u00e0 croniche e inedite. Percorsi di risalita nella stagione della crisi&quot; - Caritas DEV<\/title>\n<meta name=\"robots\" content=\"index, follow, max-snippet:-1, max-image-preview:large, max-video-preview:-1\" \/>\n<link rel=\"canonical\" href=\"https:\/\/caritas-wp.glauco.it\/caritas-dev\/i-ripartenti-poverta-croniche-e-inedite-percorsi-di-risalita-nella-stagione-della-crisi\/\" \/>\n<meta property=\"og:locale\" content=\"it_IT\" \/>\n<meta property=\"og:type\" content=\"article\" \/>\n<meta property=\"og:title\" content=\"&quot;I ripartenti. Povert\u00e0 croniche e inedite. Percorsi di risalita nella stagione della crisi&quot; - Caritas DEV\" \/>\n<meta property=\"og:description\" content=\"\u00a0 &#8220;I ripartenti. Povert\u00e0 croniche e inedite. Percorsi di risalita nella stagione della crisi&#8221;. \u00c8 il titolo della nuova\u00a0edizione del Rapporto Caritas 2012 su povert\u00e0 ed esclusione sociale in Italia, che per la prima volta il 17 ottobre prossimo, Giornata internazionale di lotta alla povert\u00e0, sar\u00e0 presentato on-line su questo sito e reso disponibile in [&hellip;]\" \/>\n<meta property=\"og:url\" content=\"https:\/\/caritas-wp.glauco.it\/caritas-dev\/i-ripartenti-poverta-croniche-e-inedite-percorsi-di-risalita-nella-stagione-della-crisi\/\" \/>\n<meta property=\"og:site_name\" content=\"Caritas DEV\" \/>\n<meta property=\"article:published_time\" content=\"2012-10-10T11:58:00+00:00\" \/>\n<meta property=\"article:modified_time\" content=\"2022-09-22T07:47:50+00:00\" \/>\n<meta property=\"og:image\" content=\"https:\/\/caritas-wp.glauco.it\/caritas-dev\/wp-content\/uploads\/sites\/7\/2022\/09\/copertina_rapporto_2012_mini.jpg\" \/>\n\t<meta property=\"og:image:width\" content=\"77\" \/>\n\t<meta property=\"og:image:height\" content=\"113\" \/>\n\t<meta property=\"og:image:type\" content=\"image\/jpeg\" \/>\n<meta name=\"author\" content=\"sEEd_aDm_wP\" \/>\n<meta name=\"twitter:card\" content=\"summary_large_image\" \/>\n<meta name=\"twitter:label1\" content=\"Scritto da\" \/>\n\t<meta name=\"twitter:data1\" content=\"sEEd_aDm_wP\" \/>\n\t<meta name=\"twitter:label2\" content=\"Tempo di lettura stimato\" \/>\n\t<meta name=\"twitter:data2\" content=\"1 minuto\" \/>\n<script type=\"application\/ld+json\" class=\"yoast-schema-graph\">{\"@context\":\"https:\/\/schema.org\",\"@graph\":[{\"@type\":\"Article\",\"@id\":\"https:\/\/caritas-wp.glauco.it\/caritas-dev\/i-ripartenti-poverta-croniche-e-inedite-percorsi-di-risalita-nella-stagione-della-crisi\/#article\",\"isPartOf\":{\"@id\":\"https:\/\/caritas-wp.glauco.it\/caritas-dev\/i-ripartenti-poverta-croniche-e-inedite-percorsi-di-risalita-nella-stagione-della-crisi\/\"},\"author\":{\"name\":\"sEEd_aDm_wP\",\"@id\":\"https:\/\/caritas-wp.glauco.it\/caritas-dev\/#\/schema\/person\/3cada41afcce51378e1a7c7a79364e54\"},\"headline\":\"&#8220;I ripartenti. Povert\u00e0 croniche e inedite. Percorsi di risalita nella stagione della crisi&#8221;\",\"datePublished\":\"2012-10-10T11:58:00+00:00\",\"dateModified\":\"2022-09-22T07:47:50+00:00\",\"mainEntityOfPage\":{\"@id\":\"https:\/\/caritas-wp.glauco.it\/caritas-dev\/i-ripartenti-poverta-croniche-e-inedite-percorsi-di-risalita-nella-stagione-della-crisi\/\"},\"wordCount\":229,\"publisher\":{\"@id\":\"https:\/\/caritas-wp.glauco.it\/caritas-dev\/#organization\"},\"articleSection\":[\"Libri\",\"Libri 2012\"],\"inLanguage\":\"it-IT\"},{\"@type\":\"WebPage\",\"@id\":\"https:\/\/caritas-wp.glauco.it\/caritas-dev\/i-ripartenti-poverta-croniche-e-inedite-percorsi-di-risalita-nella-stagione-della-crisi\/\",\"url\":\"https:\/\/caritas-wp.glauco.it\/caritas-dev\/i-ripartenti-poverta-croniche-e-inedite-percorsi-di-risalita-nella-stagione-della-crisi\/\",\"name\":\"\\\"I ripartenti. Povert\u00e0 croniche e inedite. Percorsi di risalita nella stagione della crisi\\\" - Caritas DEV\",\"isPartOf\":{\"@id\":\"https:\/\/caritas-wp.glauco.it\/caritas-dev\/#website\"},\"datePublished\":\"2012-10-10T11:58:00+00:00\",\"dateModified\":\"2022-09-22T07:47:50+00:00\",\"breadcrumb\":{\"@id\":\"https:\/\/caritas-wp.glauco.it\/caritas-dev\/i-ripartenti-poverta-croniche-e-inedite-percorsi-di-risalita-nella-stagione-della-crisi\/#breadcrumb\"},\"inLanguage\":\"it-IT\",\"potentialAction\":[{\"@type\":\"ReadAction\",\"target\":[\"https:\/\/caritas-wp.glauco.it\/caritas-dev\/i-ripartenti-poverta-croniche-e-inedite-percorsi-di-risalita-nella-stagione-della-crisi\/\"]}]},{\"@type\":\"BreadcrumbList\",\"@id\":\"https:\/\/caritas-wp.glauco.it\/caritas-dev\/i-ripartenti-poverta-croniche-e-inedite-percorsi-di-risalita-nella-stagione-della-crisi\/#breadcrumb\",\"itemListElement\":[{\"@type\":\"ListItem\",\"position\":1,\"name\":\"Home\",\"item\":\"https:\/\/caritas-wp.glauco.it\/caritas-dev\/\"},{\"@type\":\"ListItem\",\"position\":2,\"name\":\"&#8220;I ripartenti. Povert\u00e0 croniche e inedite. Percorsi di risalita nella stagione della crisi&#8221;\"}]},{\"@type\":\"WebSite\",\"@id\":\"https:\/\/caritas-wp.glauco.it\/caritas-dev\/#website\",\"url\":\"https:\/\/caritas-wp.glauco.it\/caritas-dev\/\",\"name\":\"Caritas DEV\",\"description\":\"Organismo Pastorale della CEI\",\"publisher\":{\"@id\":\"https:\/\/caritas-wp.glauco.it\/caritas-dev\/#organization\"},\"potentialAction\":[{\"@type\":\"SearchAction\",\"target\":{\"@type\":\"EntryPoint\",\"urlTemplate\":\"https:\/\/caritas-wp.glauco.it\/caritas-dev\/?s={search_term_string}\"},\"query-input\":\"required name=search_term_string\"}],\"inLanguage\":\"it-IT\"},{\"@type\":\"Organization\",\"@id\":\"https:\/\/caritas-wp.glauco.it\/caritas-dev\/#organization\",\"name\":\"Caritas Italiana\",\"url\":\"https:\/\/caritas-wp.glauco.it\/caritas-dev\/\",\"logo\":{\"@type\":\"ImageObject\",\"inLanguage\":\"it-IT\",\"@id\":\"https:\/\/caritas-wp.glauco.it\/caritas-dev\/#\/schema\/logo\/image\/\",\"url\":\"https:\/\/caritas-wp.glauco.it\/caritas-dev\/wp-content\/uploads\/sites\/7\/2022\/07\/logo_caritas-1.png\",\"contentUrl\":\"https:\/\/caritas-wp.glauco.it\/caritas-dev\/wp-content\/uploads\/sites\/7\/2022\/07\/logo_caritas-1.png\",\"width\":187,\"height\":80,\"caption\":\"Caritas Italiana\"},\"image\":{\"@id\":\"https:\/\/caritas-wp.glauco.it\/caritas-dev\/#\/schema\/logo\/image\/\"}},{\"@type\":\"Person\",\"@id\":\"https:\/\/caritas-wp.glauco.it\/caritas-dev\/#\/schema\/person\/3cada41afcce51378e1a7c7a79364e54\",\"name\":\"sEEd_aDm_wP\",\"sameAs\":[\"https:\/\/caritas-wp.glauco.it\"]}]}<\/script>\n<!-- \/ Yoast SEO plugin. -->","yoast_head_json":{"title":"\"I ripartenti. Povert\u00e0 croniche e inedite. Percorsi di risalita nella stagione della crisi\" - Caritas DEV","robots":{"index":"index","follow":"follow","max-snippet":"max-snippet:-1","max-image-preview":"max-image-preview:large","max-video-preview":"max-video-preview:-1"},"canonical":"https:\/\/caritas-wp.glauco.it\/caritas-dev\/i-ripartenti-poverta-croniche-e-inedite-percorsi-di-risalita-nella-stagione-della-crisi\/","og_locale":"it_IT","og_type":"article","og_title":"\"I ripartenti. Povert\u00e0 croniche e inedite. Percorsi di risalita nella stagione della crisi\" - Caritas DEV","og_description":"\u00a0 &#8220;I ripartenti. Povert\u00e0 croniche e inedite. Percorsi di risalita nella stagione della crisi&#8221;. \u00c8 il titolo della nuova\u00a0edizione del Rapporto Caritas 2012 su povert\u00e0 ed esclusione sociale in Italia, che per la prima volta il 17 ottobre prossimo, Giornata internazionale di lotta alla povert\u00e0, sar\u00e0 presentato on-line su questo sito e reso disponibile in [&hellip;]","og_url":"https:\/\/caritas-wp.glauco.it\/caritas-dev\/i-ripartenti-poverta-croniche-e-inedite-percorsi-di-risalita-nella-stagione-della-crisi\/","og_site_name":"Caritas DEV","article_published_time":"2012-10-10T11:58:00+00:00","article_modified_time":"2022-09-22T07:47:50+00:00","og_image":[{"width":77,"height":113,"url":"https:\/\/caritas-wp.glauco.it\/caritas-dev\/wp-content\/uploads\/sites\/7\/2022\/09\/copertina_rapporto_2012_mini.jpg","type":"image\/jpeg"}],"author":"sEEd_aDm_wP","twitter_card":"summary_large_image","twitter_misc":{"Scritto da":"sEEd_aDm_wP","Tempo di lettura stimato":"1 minuto"},"schema":{"@context":"https:\/\/schema.org","@graph":[{"@type":"Article","@id":"https:\/\/caritas-wp.glauco.it\/caritas-dev\/i-ripartenti-poverta-croniche-e-inedite-percorsi-di-risalita-nella-stagione-della-crisi\/#article","isPartOf":{"@id":"https:\/\/caritas-wp.glauco.it\/caritas-dev\/i-ripartenti-poverta-croniche-e-inedite-percorsi-di-risalita-nella-stagione-della-crisi\/"},"author":{"name":"sEEd_aDm_wP","@id":"https:\/\/caritas-wp.glauco.it\/caritas-dev\/#\/schema\/person\/3cada41afcce51378e1a7c7a79364e54"},"headline":"&#8220;I ripartenti. Povert\u00e0 croniche e inedite. Percorsi di risalita nella stagione della crisi&#8221;","datePublished":"2012-10-10T11:58:00+00:00","dateModified":"2022-09-22T07:47:50+00:00","mainEntityOfPage":{"@id":"https:\/\/caritas-wp.glauco.it\/caritas-dev\/i-ripartenti-poverta-croniche-e-inedite-percorsi-di-risalita-nella-stagione-della-crisi\/"},"wordCount":229,"publisher":{"@id":"https:\/\/caritas-wp.glauco.it\/caritas-dev\/#organization"},"articleSection":["Libri","Libri 2012"],"inLanguage":"it-IT"},{"@type":"WebPage","@id":"https:\/\/caritas-wp.glauco.it\/caritas-dev\/i-ripartenti-poverta-croniche-e-inedite-percorsi-di-risalita-nella-stagione-della-crisi\/","url":"https:\/\/caritas-wp.glauco.it\/caritas-dev\/i-ripartenti-poverta-croniche-e-inedite-percorsi-di-risalita-nella-stagione-della-crisi\/","name":"\"I ripartenti. Povert\u00e0 croniche e inedite. Percorsi di risalita nella stagione della crisi\" - Caritas DEV","isPartOf":{"@id":"https:\/\/caritas-wp.glauco.it\/caritas-dev\/#website"},"datePublished":"2012-10-10T11:58:00+00:00","dateModified":"2022-09-22T07:47:50+00:00","breadcrumb":{"@id":"https:\/\/caritas-wp.glauco.it\/caritas-dev\/i-ripartenti-poverta-croniche-e-inedite-percorsi-di-risalita-nella-stagione-della-crisi\/#breadcrumb"},"inLanguage":"it-IT","potentialAction":[{"@type":"ReadAction","target":["https:\/\/caritas-wp.glauco.it\/caritas-dev\/i-ripartenti-poverta-croniche-e-inedite-percorsi-di-risalita-nella-stagione-della-crisi\/"]}]},{"@type":"BreadcrumbList","@id":"https:\/\/caritas-wp.glauco.it\/caritas-dev\/i-ripartenti-poverta-croniche-e-inedite-percorsi-di-risalita-nella-stagione-della-crisi\/#breadcrumb","itemListElement":[{"@type":"ListItem","position":1,"name":"Home","item":"https:\/\/caritas-wp.glauco.it\/caritas-dev\/"},{"@type":"ListItem","position":2,"name":"&#8220;I ripartenti. Povert\u00e0 croniche e inedite. Percorsi di risalita nella stagione della crisi&#8221;"}]},{"@type":"WebSite","@id":"https:\/\/caritas-wp.glauco.it\/caritas-dev\/#website","url":"https:\/\/caritas-wp.glauco.it\/caritas-dev\/","name":"Caritas DEV","description":"Organismo Pastorale della CEI","publisher":{"@id":"https:\/\/caritas-wp.glauco.it\/caritas-dev\/#organization"},"potentialAction":[{"@type":"SearchAction","target":{"@type":"EntryPoint","urlTemplate":"https:\/\/caritas-wp.glauco.it\/caritas-dev\/?s={search_term_string}"},"query-input":"required name=search_term_string"}],"inLanguage":"it-IT"},{"@type":"Organization","@id":"https:\/\/caritas-wp.glauco.it\/caritas-dev\/#organization","name":"Caritas Italiana","url":"https:\/\/caritas-wp.glauco.it\/caritas-dev\/","logo":{"@type":"ImageObject","inLanguage":"it-IT","@id":"https:\/\/caritas-wp.glauco.it\/caritas-dev\/#\/schema\/logo\/image\/","url":"https:\/\/caritas-wp.glauco.it\/caritas-dev\/wp-content\/uploads\/sites\/7\/2022\/07\/logo_caritas-1.png","contentUrl":"https:\/\/caritas-wp.glauco.it\/caritas-dev\/wp-content\/uploads\/sites\/7\/2022\/07\/logo_caritas-1.png","width":187,"height":80,"caption":"Caritas Italiana"},"image":{"@id":"https:\/\/caritas-wp.glauco.it\/caritas-dev\/#\/schema\/logo\/image\/"}},{"@type":"Person","@id":"https:\/\/caritas-wp.glauco.it\/caritas-dev\/#\/schema\/person\/3cada41afcce51378e1a7c7a79364e54","name":"sEEd_aDm_wP","sameAs":["https:\/\/caritas-wp.glauco.it"]}]}},"modified_by":null,"_links":{"self":[{"href":"https:\/\/caritas-wp.glauco.it\/caritas-dev\/wp-json\/wp\/v2\/posts\/2774"}],"collection":[{"href":"https:\/\/caritas-wp.glauco.it\/caritas-dev\/wp-json\/wp\/v2\/posts"}],"about":[{"href":"https:\/\/caritas-wp.glauco.it\/caritas-dev\/wp-json\/wp\/v2\/types\/post"}],"author":[{"embeddable":true,"href":"https:\/\/caritas-wp.glauco.it\/caritas-dev\/wp-json\/wp\/v2\/users\/1"}],"replies":[{"embeddable":true,"href":"https:\/\/caritas-wp.glauco.it\/caritas-dev\/wp-json\/wp\/v2\/comments?post=2774"}],"version-history":[{"count":1,"href":"https:\/\/caritas-wp.glauco.it\/caritas-dev\/wp-json\/wp\/v2\/posts\/2774\/revisions"}],"predecessor-version":[{"id":2775,"href":"https:\/\/caritas-wp.glauco.it\/caritas-dev\/wp-json\/wp\/v2\/posts\/2774\/revisions\/2775"}],"wp:featuredmedia":[{"embeddable":true,"href":"https:\/\/caritas-wp.glauco.it\/caritas-dev\/wp-json\/wp\/v2\/media\/2776"}],"wp:attachment":[{"href":"https:\/\/caritas-wp.glauco.it\/caritas-dev\/wp-json\/wp\/v2\/media?parent=2774"}],"wp:term":[{"taxonomy":"category","embeddable":true,"href":"https:\/\/caritas-wp.glauco.it\/caritas-dev\/wp-json\/wp\/v2\/categories?post=2774"},{"taxonomy":"post_tag","embeddable":true,"href":"https:\/\/caritas-wp.glauco.it\/caritas-dev\/wp-json\/wp\/v2\/tags?post=2774"},{"taxonomy":"canale_per_feed","embeddable":true,"href":"https:\/\/caritas-wp.glauco.it\/caritas-dev\/wp-json\/wp\/v2\/canale_per_feed?post=2774"}],"curies":[{"name":"wp","href":"https:\/\/api.w.org\/{rel}","templated":true}]}}