{"id":2783,"date":"2012-11-07T14:03:00","date_gmt":"2012-11-07T13:03:00","guid":{"rendered":"https:\/\/caritas-wp.glauco.it\/caritas-dev\/mercati-di-guerra\/"},"modified":"2022-09-22T09:47:51","modified_gmt":"2022-09-22T07:47:51","slug":"mercati-di-guerra","status":"publish","type":"post","link":"https:\/\/caritas-wp.glauco.it\/caritas-dev\/mercati-di-guerra\/","title":{"rendered":"&#8220;Mercati di guerra&#8221;"},"content":{"rendered":"<div>\u00a0<\/div>\n<div><img decoding=\"async\" alt=\"copertina Rapporto IV Ricerca sui conflitti dimenticati\" align=\"left\" src=\"\/caritasitaliana\/allegati\/2932\/copertina_interna_conflitti.jpg\" \/>Presentato mercoled\u00ec 14 novembre 2012 a Roma, presso la Domus Pacis \u0096 Torre Rossa Park Hotel, <strong>&#8220;Mercati di guerra&#8221;<\/strong>, il IV Rapporto di ricerca su finanza e povert\u00e0, ambiente e conflitti dimenticati, realizzato da Caritas Italiana, Famiglia Cristiana e Il Regno ed edito da Il Mulino.<\/div>\n<div>\u00a0<\/div>\n<div>Sono intervenuti alla presentazione:<br \/>\u0095 <strong><a target=\"_blank\" href=\"\/caritasitaliana\/allegati\/2932\/Conflitti_dimenticati_Soddu.pdf\" rel=\"noopener\">don Francesco SODDU<\/a>, <\/strong>direttore di Caritas Italiana<br \/>\u0095 <strong>don Antonio SCIORTINO, <\/strong>direttore di Famiglia Cristiana<br \/>\u0095 <strong>Gianfranco BRUNELLI, <\/strong>direttore de Il Regno<br \/>\u0095 <strong>Paolo BECCEGATO, <\/strong>responsabile dell\u0092Area Internazionale di Caritas Italiana<br \/>\u0095 <strong>Walter NANNI, <\/strong>responsabile dell\u0092Ufficio Studi di Caritas Italiana<br \/>\u0095 <strong>Enzo ROMEO, <\/strong>caporedattore esteri del Tg2 Rai<\/div>\n<div>\u00a0<\/div>\n<div><a target=\"_blank\" href=\"http:\/\/s2ew.caritasitaliana.it\/materiali\/\/Pubblicazioni\/libri_2012\/Conflitti\/Scheda_Mercatidiguerra.pdf\" rel=\"noopener\">Leggi qui i principali dati del Rapporto<\/a> (.pdf)\u00a0\u00a0\u00a0\u00a0 <a target=\"_blank\" href=\"\/caritasitaliana\/allegati\/2932\/CS_35_14112012.pdf\" rel=\"noopener\">Leggi il comunicato finale<\/a> (.pdf)<\/div>\n<div>\u00a0<\/div>\n<div>Nella Ricerca si evidenzia il ruolo centrale della dimensione economico-finanziaria nel determinare situazioni di tensione politica e di conflittualit\u00e0 armata, nell\u0092ambito dello scacchiere internazionale e all\u0092interno dei\u00a0singoli stati. Viene anche fornita una mappatura aggiornata dei conflitti nel mondo, concentrandosi in particolare su alcuni casi-studio: Libia, Somalia, Afghanistan, Filippine, Colombia. Nell&#8217;occasione viene rilanciato anche il sito &#8220;<a target=\"_blank\" href=\"http:\/\/presenta.glauco.it\/conflitti_dimenticati\/presentazione\/\" rel=\"noopener\">Conflitti dimenticati<\/a>&#8220;, promosso insieme a Pax Christi.<\/div>\n<div>\u00a0<\/div>\n<div>Delineando nel volume una serie di prospettive di lavoro e di impegno in ambito ecclesiale e civile, Caritas Italiana, fedele al suo ruolo pedagogico, insieme ai due importanti media cattolici, intende offrire strumenti di osservazione, conoscenza e sensibilizzazione sulle grandi emergenze mondiali, ma anche piste di impegno personale e comunitario nella ricerca di possibili risposte ai disagi e ai conflitti che sono da queste generati.<\/div>\n<div><strong>Le precedenti ricerche<br \/><\/strong>Nel primo rapporto di ricerca, <a href=\"\/pls\/caritasitaliana\/consultazione.mostra_pagina?id_pagina=508\">I conflitti dimenticati<\/a> (Feltrinelli, 2003), venivano analizzati i conflitti armati pi\u00f9 o meno dimenticati che si combattono nelle periferie del pianeta. Oggetto di studio del secondo rapporto di ricerca, <a href=\"\/pls\/caritasitaliana\/V3_S2EW_consultazione.mostra_pagina?id_pagina=509\">Guerre alla finestra<\/a> (Il Mulino, 2005), sono state le \u0093guerre infinite\u0094, cicliche, che paiono spegnersi in certe fasi, ma che poi si riaccendono con maggiore violenza di prima, anch\u0092esse sempre meno documentate dai media. Nel 2009 a questi due rapporti si \u00e8 unita una terza ricerca <a href=\"\/pls\/caritasitaliana\/V3_S2EW_consultazione.mostra_pagina?id_pagina=01187\">Nell&#8217;occhio del ciclone<\/a>\u00a0(il Mulino), che ha cercato di approfondire come conflittualit\u00e0 armata organizzata e degrado ambientale, tra povert\u00e0 e cambiamenti climatici, siano sempre pi\u00f9 interconnesse. Si giunge a parlare ormai di giustizia ambientale, per collegare direttamente il tema delle responsabilit\u00e0 a quello dei\u00a0 mutamenti ecologici.<\/div>\n<div>\u00a0<\/div>\n","protected":false},"excerpt":{"rendered":"<p>IV Rapporto di ricerca su finanza e povert\u00e0, ambiente e conflitti dimenticati<\/p>\n","protected":false},"author":1,"featured_media":2785,"comment_status":"closed","ping_status":"closed","sticky":false,"template":"","format":"standard","meta":{"_lmt_disableupdate":"","_lmt_disable":"","footnotes":""},"categories":[11,115],"tags":[],"canale_per_feed":[],"acf":[],"yoast_head":"<!-- This site is optimized with the Yoast SEO plugin v21.4 - https:\/\/yoast.com\/wordpress\/plugins\/seo\/ -->\n<title>&quot;Mercati di guerra&quot; - Caritas DEV<\/title>\n<meta name=\"robots\" content=\"index, follow, max-snippet:-1, max-image-preview:large, max-video-preview:-1\" \/>\n<link rel=\"canonical\" href=\"https:\/\/caritas-wp.glauco.it\/caritas-dev\/mercati-di-guerra\/\" \/>\n<meta property=\"og:locale\" content=\"it_IT\" \/>\n<meta property=\"og:type\" content=\"article\" \/>\n<meta property=\"og:title\" content=\"&quot;Mercati di guerra&quot; - Caritas DEV\" \/>\n<meta property=\"og:description\" content=\"IV Rapporto di ricerca su finanza e povert\u00e0, ambiente e conflitti dimenticati\" \/>\n<meta property=\"og:url\" content=\"https:\/\/caritas-wp.glauco.it\/caritas-dev\/mercati-di-guerra\/\" \/>\n<meta property=\"og:site_name\" content=\"Caritas DEV\" \/>\n<meta property=\"article:published_time\" content=\"2012-11-07T13:03:00+00:00\" \/>\n<meta property=\"article:modified_time\" content=\"2022-09-22T07:47:51+00:00\" \/>\n<meta property=\"og:image\" content=\"https:\/\/caritas-wp.glauco.it\/caritas-dev\/wp-content\/uploads\/sites\/7\/2022\/09\/IVRicerca_conflitti_mini.jpg\" \/>\n\t<meta property=\"og:image:width\" content=\"77\" \/>\n\t<meta property=\"og:image:height\" content=\"113\" \/>\n\t<meta property=\"og:image:type\" content=\"image\/jpeg\" \/>\n<meta name=\"author\" content=\"sEEd_aDm_wP\" \/>\n<meta name=\"twitter:card\" content=\"summary_large_image\" \/>\n<meta name=\"twitter:label1\" content=\"Scritto da\" \/>\n\t<meta name=\"twitter:data1\" content=\"sEEd_aDm_wP\" \/>\n\t<meta name=\"twitter:label2\" content=\"Tempo di lettura stimato\" \/>\n\t<meta name=\"twitter:data2\" content=\"2 minuti\" \/>\n<script type=\"application\/ld+json\" class=\"yoast-schema-graph\">{\"@context\":\"https:\/\/schema.org\",\"@graph\":[{\"@type\":\"Article\",\"@id\":\"https:\/\/caritas-wp.glauco.it\/caritas-dev\/mercati-di-guerra\/#article\",\"isPartOf\":{\"@id\":\"https:\/\/caritas-wp.glauco.it\/caritas-dev\/mercati-di-guerra\/\"},\"author\":{\"name\":\"sEEd_aDm_wP\",\"@id\":\"https:\/\/caritas-wp.glauco.it\/caritas-dev\/#\/schema\/person\/3cada41afcce51378e1a7c7a79364e54\"},\"headline\":\"&#8220;Mercati di guerra&#8221;\",\"datePublished\":\"2012-11-07T13:03:00+00:00\",\"dateModified\":\"2022-09-22T07:47:51+00:00\",\"mainEntityOfPage\":{\"@id\":\"https:\/\/caritas-wp.glauco.it\/caritas-dev\/mercati-di-guerra\/\"},\"wordCount\":364,\"publisher\":{\"@id\":\"https:\/\/caritas-wp.glauco.it\/caritas-dev\/#organization\"},\"articleSection\":[\"Libri\",\"Libri 2012\"],\"inLanguage\":\"it-IT\"},{\"@type\":\"WebPage\",\"@id\":\"https:\/\/caritas-wp.glauco.it\/caritas-dev\/mercati-di-guerra\/\",\"url\":\"https:\/\/caritas-wp.glauco.it\/caritas-dev\/mercati-di-guerra\/\",\"name\":\"\\\"Mercati di guerra\\\" - Caritas DEV\",\"isPartOf\":{\"@id\":\"https:\/\/caritas-wp.glauco.it\/caritas-dev\/#website\"},\"datePublished\":\"2012-11-07T13:03:00+00:00\",\"dateModified\":\"2022-09-22T07:47:51+00:00\",\"breadcrumb\":{\"@id\":\"https:\/\/caritas-wp.glauco.it\/caritas-dev\/mercati-di-guerra\/#breadcrumb\"},\"inLanguage\":\"it-IT\",\"potentialAction\":[{\"@type\":\"ReadAction\",\"target\":[\"https:\/\/caritas-wp.glauco.it\/caritas-dev\/mercati-di-guerra\/\"]}]},{\"@type\":\"BreadcrumbList\",\"@id\":\"https:\/\/caritas-wp.glauco.it\/caritas-dev\/mercati-di-guerra\/#breadcrumb\",\"itemListElement\":[{\"@type\":\"ListItem\",\"position\":1,\"name\":\"Home\",\"item\":\"https:\/\/caritas-wp.glauco.it\/caritas-dev\/\"},{\"@type\":\"ListItem\",\"position\":2,\"name\":\"&#8220;Mercati di guerra&#8221;\"}]},{\"@type\":\"WebSite\",\"@id\":\"https:\/\/caritas-wp.glauco.it\/caritas-dev\/#website\",\"url\":\"https:\/\/caritas-wp.glauco.it\/caritas-dev\/\",\"name\":\"Caritas DEV\",\"description\":\"Organismo Pastorale della CEI\",\"publisher\":{\"@id\":\"https:\/\/caritas-wp.glauco.it\/caritas-dev\/#organization\"},\"potentialAction\":[{\"@type\":\"SearchAction\",\"target\":{\"@type\":\"EntryPoint\",\"urlTemplate\":\"https:\/\/caritas-wp.glauco.it\/caritas-dev\/?s={search_term_string}\"},\"query-input\":\"required name=search_term_string\"}],\"inLanguage\":\"it-IT\"},{\"@type\":\"Organization\",\"@id\":\"https:\/\/caritas-wp.glauco.it\/caritas-dev\/#organization\",\"name\":\"Caritas Italiana\",\"url\":\"https:\/\/caritas-wp.glauco.it\/caritas-dev\/\",\"logo\":{\"@type\":\"ImageObject\",\"inLanguage\":\"it-IT\",\"@id\":\"https:\/\/caritas-wp.glauco.it\/caritas-dev\/#\/schema\/logo\/image\/\",\"url\":\"https:\/\/caritas-wp.glauco.it\/caritas-dev\/wp-content\/uploads\/sites\/7\/2022\/07\/logo_caritas-1.png\",\"contentUrl\":\"https:\/\/caritas-wp.glauco.it\/caritas-dev\/wp-content\/uploads\/sites\/7\/2022\/07\/logo_caritas-1.png\",\"width\":187,\"height\":80,\"caption\":\"Caritas Italiana\"},\"image\":{\"@id\":\"https:\/\/caritas-wp.glauco.it\/caritas-dev\/#\/schema\/logo\/image\/\"}},{\"@type\":\"Person\",\"@id\":\"https:\/\/caritas-wp.glauco.it\/caritas-dev\/#\/schema\/person\/3cada41afcce51378e1a7c7a79364e54\",\"name\":\"sEEd_aDm_wP\",\"sameAs\":[\"https:\/\/caritas-wp.glauco.it\"]}]}<\/script>\n<!-- \/ Yoast SEO plugin. -->","yoast_head_json":{"title":"\"Mercati di guerra\" - Caritas DEV","robots":{"index":"index","follow":"follow","max-snippet":"max-snippet:-1","max-image-preview":"max-image-preview:large","max-video-preview":"max-video-preview:-1"},"canonical":"https:\/\/caritas-wp.glauco.it\/caritas-dev\/mercati-di-guerra\/","og_locale":"it_IT","og_type":"article","og_title":"\"Mercati di guerra\" - Caritas DEV","og_description":"IV Rapporto di ricerca su finanza e povert\u00e0, ambiente e conflitti dimenticati","og_url":"https:\/\/caritas-wp.glauco.it\/caritas-dev\/mercati-di-guerra\/","og_site_name":"Caritas DEV","article_published_time":"2012-11-07T13:03:00+00:00","article_modified_time":"2022-09-22T07:47:51+00:00","og_image":[{"width":77,"height":113,"url":"https:\/\/caritas-wp.glauco.it\/caritas-dev\/wp-content\/uploads\/sites\/7\/2022\/09\/IVRicerca_conflitti_mini.jpg","type":"image\/jpeg"}],"author":"sEEd_aDm_wP","twitter_card":"summary_large_image","twitter_misc":{"Scritto da":"sEEd_aDm_wP","Tempo di lettura stimato":"2 minuti"},"schema":{"@context":"https:\/\/schema.org","@graph":[{"@type":"Article","@id":"https:\/\/caritas-wp.glauco.it\/caritas-dev\/mercati-di-guerra\/#article","isPartOf":{"@id":"https:\/\/caritas-wp.glauco.it\/caritas-dev\/mercati-di-guerra\/"},"author":{"name":"sEEd_aDm_wP","@id":"https:\/\/caritas-wp.glauco.it\/caritas-dev\/#\/schema\/person\/3cada41afcce51378e1a7c7a79364e54"},"headline":"&#8220;Mercati di guerra&#8221;","datePublished":"2012-11-07T13:03:00+00:00","dateModified":"2022-09-22T07:47:51+00:00","mainEntityOfPage":{"@id":"https:\/\/caritas-wp.glauco.it\/caritas-dev\/mercati-di-guerra\/"},"wordCount":364,"publisher":{"@id":"https:\/\/caritas-wp.glauco.it\/caritas-dev\/#organization"},"articleSection":["Libri","Libri 2012"],"inLanguage":"it-IT"},{"@type":"WebPage","@id":"https:\/\/caritas-wp.glauco.it\/caritas-dev\/mercati-di-guerra\/","url":"https:\/\/caritas-wp.glauco.it\/caritas-dev\/mercati-di-guerra\/","name":"\"Mercati di guerra\" - Caritas DEV","isPartOf":{"@id":"https:\/\/caritas-wp.glauco.it\/caritas-dev\/#website"},"datePublished":"2012-11-07T13:03:00+00:00","dateModified":"2022-09-22T07:47:51+00:00","breadcrumb":{"@id":"https:\/\/caritas-wp.glauco.it\/caritas-dev\/mercati-di-guerra\/#breadcrumb"},"inLanguage":"it-IT","potentialAction":[{"@type":"ReadAction","target":["https:\/\/caritas-wp.glauco.it\/caritas-dev\/mercati-di-guerra\/"]}]},{"@type":"BreadcrumbList","@id":"https:\/\/caritas-wp.glauco.it\/caritas-dev\/mercati-di-guerra\/#breadcrumb","itemListElement":[{"@type":"ListItem","position":1,"name":"Home","item":"https:\/\/caritas-wp.glauco.it\/caritas-dev\/"},{"@type":"ListItem","position":2,"name":"&#8220;Mercati di guerra&#8221;"}]},{"@type":"WebSite","@id":"https:\/\/caritas-wp.glauco.it\/caritas-dev\/#website","url":"https:\/\/caritas-wp.glauco.it\/caritas-dev\/","name":"Caritas DEV","description":"Organismo Pastorale della CEI","publisher":{"@id":"https:\/\/caritas-wp.glauco.it\/caritas-dev\/#organization"},"potentialAction":[{"@type":"SearchAction","target":{"@type":"EntryPoint","urlTemplate":"https:\/\/caritas-wp.glauco.it\/caritas-dev\/?s={search_term_string}"},"query-input":"required name=search_term_string"}],"inLanguage":"it-IT"},{"@type":"Organization","@id":"https:\/\/caritas-wp.glauco.it\/caritas-dev\/#organization","name":"Caritas Italiana","url":"https:\/\/caritas-wp.glauco.it\/caritas-dev\/","logo":{"@type":"ImageObject","inLanguage":"it-IT","@id":"https:\/\/caritas-wp.glauco.it\/caritas-dev\/#\/schema\/logo\/image\/","url":"https:\/\/caritas-wp.glauco.it\/caritas-dev\/wp-content\/uploads\/sites\/7\/2022\/07\/logo_caritas-1.png","contentUrl":"https:\/\/caritas-wp.glauco.it\/caritas-dev\/wp-content\/uploads\/sites\/7\/2022\/07\/logo_caritas-1.png","width":187,"height":80,"caption":"Caritas Italiana"},"image":{"@id":"https:\/\/caritas-wp.glauco.it\/caritas-dev\/#\/schema\/logo\/image\/"}},{"@type":"Person","@id":"https:\/\/caritas-wp.glauco.it\/caritas-dev\/#\/schema\/person\/3cada41afcce51378e1a7c7a79364e54","name":"sEEd_aDm_wP","sameAs":["https:\/\/caritas-wp.glauco.it"]}]}},"modified_by":null,"_links":{"self":[{"href":"https:\/\/caritas-wp.glauco.it\/caritas-dev\/wp-json\/wp\/v2\/posts\/2783"}],"collection":[{"href":"https:\/\/caritas-wp.glauco.it\/caritas-dev\/wp-json\/wp\/v2\/posts"}],"about":[{"href":"https:\/\/caritas-wp.glauco.it\/caritas-dev\/wp-json\/wp\/v2\/types\/post"}],"author":[{"embeddable":true,"href":"https:\/\/caritas-wp.glauco.it\/caritas-dev\/wp-json\/wp\/v2\/users\/1"}],"replies":[{"embeddable":true,"href":"https:\/\/caritas-wp.glauco.it\/caritas-dev\/wp-json\/wp\/v2\/comments?post=2783"}],"version-history":[{"count":1,"href":"https:\/\/caritas-wp.glauco.it\/caritas-dev\/wp-json\/wp\/v2\/posts\/2783\/revisions"}],"predecessor-version":[{"id":2784,"href":"https:\/\/caritas-wp.glauco.it\/caritas-dev\/wp-json\/wp\/v2\/posts\/2783\/revisions\/2784"}],"wp:featuredmedia":[{"embeddable":true,"href":"https:\/\/caritas-wp.glauco.it\/caritas-dev\/wp-json\/wp\/v2\/media\/2785"}],"wp:attachment":[{"href":"https:\/\/caritas-wp.glauco.it\/caritas-dev\/wp-json\/wp\/v2\/media?parent=2783"}],"wp:term":[{"taxonomy":"category","embeddable":true,"href":"https:\/\/caritas-wp.glauco.it\/caritas-dev\/wp-json\/wp\/v2\/categories?post=2783"},{"taxonomy":"post_tag","embeddable":true,"href":"https:\/\/caritas-wp.glauco.it\/caritas-dev\/wp-json\/wp\/v2\/tags?post=2783"},{"taxonomy":"canale_per_feed","embeddable":true,"href":"https:\/\/caritas-wp.glauco.it\/caritas-dev\/wp-json\/wp\/v2\/canale_per_feed?post=2783"}],"curies":[{"name":"wp","href":"https:\/\/api.w.org\/{rel}","templated":true}]}}