{"id":29859,"date":"2022-09-27T14:12:08","date_gmt":"2022-09-27T12:12:08","guid":{"rendered":"https:\/\/caritas-wp.glauco.it\/caritas-dev\/?p=29859"},"modified":"2022-09-30T12:26:26","modified_gmt":"2022-09-30T10:26:26","slug":"xxx-rapporto-immigrazione-caritas-migrantes-2021","status":"publish","type":"post","link":"https:\/\/caritas-wp.glauco.it\/caritas-dev\/xxx-rapporto-immigrazione-caritas-migrantes-2021\/","title":{"rendered":"XXX Rapporto Immigrazione Caritas-Migrantes 2021"},"content":{"rendered":"<p>La pandemia da SARS-CoV-2, lo sappiamo, ha prodotto una serie di effetti negativi in ampi ambiti della vita individuale e collettiva della popolazione mondiale. Nell\u2019edizione che celebra i 30 anni della pubblicazione del Rapporto Immigrazione di Caritas Italiana e della Fondazione Migrantes, si analizza in particolare l\u2019impatto che il virus e le misure adottate per il suo contenimento e per la ripresa delle attivit\u00e0 economico-sociali hanno avuto sulle vite dei cittadini stranieri che vivono in Italia, in riferimento a importanti indicatori quali, fra gli altri, le tendenze demografiche e i movimenti migratori, la tenuta occupazionale, i percorsi scolastici dei minori e la tutela della salute.<\/p>\n<p>Si prendono in esame anche altri aspetti sociali, forse meno eclatanti, ma che hanno subito contraccolpi altrettanto gravi, come la sfera religiosa ed emotiva individuale, lo scivolamento nel cono d\u2019ombra di migliaia di persone che le misure di lockdown hanno reso pi\u00f9 invisibili (ad esempio, le vittime di violenza e di sfruttamento), senza che questo silenzio fosse dissolto dall\u2019interesse dei media.<\/p>\n<p>QUALCHE DATO | La tendenza alla progressiva diminuzione della popolazione italiana, gi\u00e0 evidenziata nelle precedenti edizioni del Rapporto Immigrazione, inizia a coinvolgere nel 2021 anche la popolazione di origine straniera, che \u00e8 passata dai 5.306.548 del 2020 agli attuali 5.035.643 (-5,1%). La diminuzione complessiva della popolazione in Italia \u00e8 ancora pi\u00f9 cospicua (-6,4%), attestandosi sui 59.257.600, che corrispondono a 987 mila residenti in meno rispetto all\u2019anno precedente.<\/p>\n<p><strong><a href=\"https:\/\/caritas-wp.glauco.it\/caritas-dev\/wp-content\/uploads\/sites\/7\/2022\/09\/sintesi_rapportoimmigrazione2021.pdf\" target=\"_blank\" rel=\"noopener\">Scarica la sintesi<\/a><\/strong> .pdf<\/p>\n<p><img loading=\"lazy\" decoding=\"async\" class=\"alignnone wp-image-29904\" src=\"https:\/\/caritas-wp.glauco.it\/caritas-dev\/wp-content\/uploads\/sites\/7\/2022\/09\/immigrazione2021-500x281.jpeg\" alt=\"\" width=\"860\" height=\"484\" srcset=\"https:\/\/caritas-wp.glauco.it\/caritas-dev\/wp-content\/uploads\/sites\/7\/2022\/09\/immigrazione2021-500x281.jpeg 500w, https:\/\/caritas-wp.glauco.it\/caritas-dev\/wp-content\/uploads\/sites\/7\/2022\/09\/immigrazione2021-1024x576.jpeg 1024w, https:\/\/caritas-wp.glauco.it\/caritas-dev\/wp-content\/uploads\/sites\/7\/2022\/09\/immigrazione2021-300x169.jpeg 300w, https:\/\/caritas-wp.glauco.it\/caritas-dev\/wp-content\/uploads\/sites\/7\/2022\/09\/immigrazione2021-768x432.jpeg 768w, https:\/\/caritas-wp.glauco.it\/caritas-dev\/wp-content\/uploads\/sites\/7\/2022\/09\/immigrazione2021.jpeg 1280w\" sizes=\"(max-width: 860px) 100vw, 860px\" \/><\/p>\n","protected":false},"excerpt":{"rendered":"<p>L\u2019impatto che il virus e le misure adottate per il suo contenimento e la ripresa delle attivit\u00e0 economico-sociali hanno avuto sui cittadini stranieri che vivono in Italia, in riferimento a indicatori come: tendenze demografiche e movimenti migratori, tenuta occupazionale, percorsi scolastici dei minori, tutela della salute.<\/p>\n","protected":false},"author":12,"featured_media":29941,"comment_status":"closed","ping_status":"closed","sticky":false,"template":"","format":"standard","meta":{"_lmt_disableupdate":"no","_lmt_disable":"no","footnotes":""},"categories":[130],"tags":[],"canale_per_feed":[],"acf":[],"yoast_head":"<!-- This site is optimized with the Yoast SEO plugin v21.4 - https:\/\/yoast.com\/wordpress\/plugins\/seo\/ -->\n<title>XXX Rapporto Immigrazione Caritas-Migrantes 2021 - Caritas DEV<\/title>\n<meta name=\"description\" content=\"&quot;Verso un noi sempre pi\u00f9 grande&quot;\" \/>\n<meta name=\"robots\" content=\"index, follow, max-snippet:-1, max-image-preview:large, max-video-preview:-1\" \/>\n<link rel=\"canonical\" href=\"https:\/\/caritas-wp.glauco.it\/caritas-dev\/xxx-rapporto-immigrazione-caritas-migrantes-2021\/\" \/>\n<meta property=\"og:locale\" content=\"it_IT\" \/>\n<meta property=\"og:type\" content=\"article\" \/>\n<meta property=\"og:title\" content=\"XXX Rapporto Immigrazione Caritas-Migrantes 2021 - Caritas DEV\" \/>\n<meta property=\"og:description\" content=\"&quot;Verso un noi sempre pi\u00f9 grande&quot;\" \/>\n<meta property=\"og:url\" content=\"https:\/\/caritas-wp.glauco.it\/caritas-dev\/xxx-rapporto-immigrazione-caritas-migrantes-2021\/\" \/>\n<meta property=\"og:site_name\" content=\"Caritas DEV\" \/>\n<meta property=\"article:published_time\" content=\"2022-09-27T12:12:08+00:00\" \/>\n<meta property=\"article:modified_time\" content=\"2022-09-30T10:26:26+00:00\" \/>\n<meta property=\"og:image\" content=\"https:\/\/caritas-wp.glauco.it\/caritas-dev\/wp-content\/uploads\/sites\/7\/2022\/09\/copertina-RICM-2021.png\" \/>\n\t<meta property=\"og:image:width\" content=\"800\" \/>\n\t<meta property=\"og:image:height\" content=\"1024\" \/>\n\t<meta property=\"og:image:type\" content=\"image\/png\" \/>\n<meta name=\"author\" content=\"dangelellli\" \/>\n<meta name=\"twitter:card\" content=\"summary_large_image\" \/>\n<meta name=\"twitter:label1\" content=\"Scritto da\" \/>\n\t<meta name=\"twitter:data1\" content=\"dangelellli\" \/>\n\t<meta name=\"twitter:label2\" content=\"Tempo di lettura stimato\" \/>\n\t<meta name=\"twitter:data2\" content=\"2 minuti\" \/>\n<script type=\"application\/ld+json\" class=\"yoast-schema-graph\">{\"@context\":\"https:\/\/schema.org\",\"@graph\":[{\"@type\":\"Article\",\"@id\":\"https:\/\/caritas-wp.glauco.it\/caritas-dev\/xxx-rapporto-immigrazione-caritas-migrantes-2021\/#article\",\"isPartOf\":{\"@id\":\"https:\/\/caritas-wp.glauco.it\/caritas-dev\/xxx-rapporto-immigrazione-caritas-migrantes-2021\/\"},\"author\":{\"name\":\"dangelellli\",\"@id\":\"https:\/\/caritas-wp.glauco.it\/caritas-dev\/#\/schema\/person\/96c3bb43c39ec54ab7e1b2bb2f0cfe36\"},\"headline\":\"XXX Rapporto Immigrazione Caritas-Migrantes 2021\",\"datePublished\":\"2022-09-27T12:12:08+00:00\",\"dateModified\":\"2022-09-30T10:26:26+00:00\",\"mainEntityOfPage\":{\"@id\":\"https:\/\/caritas-wp.glauco.it\/caritas-dev\/xxx-rapporto-immigrazione-caritas-migrantes-2021\/\"},\"wordCount\":236,\"publisher\":{\"@id\":\"https:\/\/caritas-wp.glauco.it\/caritas-dev\/#organization\"},\"articleSection\":[\"Rapporti Immigrazione\"],\"inLanguage\":\"it-IT\"},{\"@type\":\"WebPage\",\"@id\":\"https:\/\/caritas-wp.glauco.it\/caritas-dev\/xxx-rapporto-immigrazione-caritas-migrantes-2021\/\",\"url\":\"https:\/\/caritas-wp.glauco.it\/caritas-dev\/xxx-rapporto-immigrazione-caritas-migrantes-2021\/\",\"name\":\"XXX Rapporto Immigrazione Caritas-Migrantes 2021 - Caritas DEV\",\"isPartOf\":{\"@id\":\"https:\/\/caritas-wp.glauco.it\/caritas-dev\/#website\"},\"datePublished\":\"2022-09-27T12:12:08+00:00\",\"dateModified\":\"2022-09-30T10:26:26+00:00\",\"description\":\"\\\"Verso un noi sempre pi\u00f9 grande\\\"\",\"breadcrumb\":{\"@id\":\"https:\/\/caritas-wp.glauco.it\/caritas-dev\/xxx-rapporto-immigrazione-caritas-migrantes-2021\/#breadcrumb\"},\"inLanguage\":\"it-IT\",\"potentialAction\":[{\"@type\":\"ReadAction\",\"target\":[\"https:\/\/caritas-wp.glauco.it\/caritas-dev\/xxx-rapporto-immigrazione-caritas-migrantes-2021\/\"]}]},{\"@type\":\"BreadcrumbList\",\"@id\":\"https:\/\/caritas-wp.glauco.it\/caritas-dev\/xxx-rapporto-immigrazione-caritas-migrantes-2021\/#breadcrumb\",\"itemListElement\":[{\"@type\":\"ListItem\",\"position\":1,\"name\":\"Home\",\"item\":\"https:\/\/caritas-wp.glauco.it\/caritas-dev\/\"},{\"@type\":\"ListItem\",\"position\":2,\"name\":\"XXX Rapporto Immigrazione Caritas-Migrantes 2021\"}]},{\"@type\":\"WebSite\",\"@id\":\"https:\/\/caritas-wp.glauco.it\/caritas-dev\/#website\",\"url\":\"https:\/\/caritas-wp.glauco.it\/caritas-dev\/\",\"name\":\"Caritas DEV\",\"description\":\"Organismo Pastorale della CEI\",\"publisher\":{\"@id\":\"https:\/\/caritas-wp.glauco.it\/caritas-dev\/#organization\"},\"potentialAction\":[{\"@type\":\"SearchAction\",\"target\":{\"@type\":\"EntryPoint\",\"urlTemplate\":\"https:\/\/caritas-wp.glauco.it\/caritas-dev\/?s={search_term_string}\"},\"query-input\":\"required name=search_term_string\"}],\"inLanguage\":\"it-IT\"},{\"@type\":\"Organization\",\"@id\":\"https:\/\/caritas-wp.glauco.it\/caritas-dev\/#organization\",\"name\":\"Caritas Italiana\",\"url\":\"https:\/\/caritas-wp.glauco.it\/caritas-dev\/\",\"logo\":{\"@type\":\"ImageObject\",\"inLanguage\":\"it-IT\",\"@id\":\"https:\/\/caritas-wp.glauco.it\/caritas-dev\/#\/schema\/logo\/image\/\",\"url\":\"https:\/\/caritas-wp.glauco.it\/caritas-dev\/wp-content\/uploads\/sites\/7\/2022\/07\/logo_caritas-1.png\",\"contentUrl\":\"https:\/\/caritas-wp.glauco.it\/caritas-dev\/wp-content\/uploads\/sites\/7\/2022\/07\/logo_caritas-1.png\",\"width\":187,\"height\":80,\"caption\":\"Caritas Italiana\"},\"image\":{\"@id\":\"https:\/\/caritas-wp.glauco.it\/caritas-dev\/#\/schema\/logo\/image\/\"}},{\"@type\":\"Person\",\"@id\":\"https:\/\/caritas-wp.glauco.it\/caritas-dev\/#\/schema\/person\/96c3bb43c39ec54ab7e1b2bb2f0cfe36\",\"name\":\"dangelellli\"}]}<\/script>\n<!-- \/ Yoast SEO plugin. -->","yoast_head_json":{"title":"XXX Rapporto Immigrazione Caritas-Migrantes 2021 - Caritas DEV","description":"\"Verso un noi sempre pi\u00f9 grande\"","robots":{"index":"index","follow":"follow","max-snippet":"max-snippet:-1","max-image-preview":"max-image-preview:large","max-video-preview":"max-video-preview:-1"},"canonical":"https:\/\/caritas-wp.glauco.it\/caritas-dev\/xxx-rapporto-immigrazione-caritas-migrantes-2021\/","og_locale":"it_IT","og_type":"article","og_title":"XXX Rapporto Immigrazione Caritas-Migrantes 2021 - Caritas DEV","og_description":"\"Verso un noi sempre pi\u00f9 grande\"","og_url":"https:\/\/caritas-wp.glauco.it\/caritas-dev\/xxx-rapporto-immigrazione-caritas-migrantes-2021\/","og_site_name":"Caritas DEV","article_published_time":"2022-09-27T12:12:08+00:00","article_modified_time":"2022-09-30T10:26:26+00:00","og_image":[{"width":800,"height":1024,"url":"https:\/\/caritas-wp.glauco.it\/caritas-dev\/wp-content\/uploads\/sites\/7\/2022\/09\/copertina-RICM-2021.png","type":"image\/png"}],"author":"dangelellli","twitter_card":"summary_large_image","twitter_misc":{"Scritto da":"dangelellli","Tempo di lettura stimato":"2 minuti"},"schema":{"@context":"https:\/\/schema.org","@graph":[{"@type":"Article","@id":"https:\/\/caritas-wp.glauco.it\/caritas-dev\/xxx-rapporto-immigrazione-caritas-migrantes-2021\/#article","isPartOf":{"@id":"https:\/\/caritas-wp.glauco.it\/caritas-dev\/xxx-rapporto-immigrazione-caritas-migrantes-2021\/"},"author":{"name":"dangelellli","@id":"https:\/\/caritas-wp.glauco.it\/caritas-dev\/#\/schema\/person\/96c3bb43c39ec54ab7e1b2bb2f0cfe36"},"headline":"XXX Rapporto Immigrazione Caritas-Migrantes 2021","datePublished":"2022-09-27T12:12:08+00:00","dateModified":"2022-09-30T10:26:26+00:00","mainEntityOfPage":{"@id":"https:\/\/caritas-wp.glauco.it\/caritas-dev\/xxx-rapporto-immigrazione-caritas-migrantes-2021\/"},"wordCount":236,"publisher":{"@id":"https:\/\/caritas-wp.glauco.it\/caritas-dev\/#organization"},"articleSection":["Rapporti Immigrazione"],"inLanguage":"it-IT"},{"@type":"WebPage","@id":"https:\/\/caritas-wp.glauco.it\/caritas-dev\/xxx-rapporto-immigrazione-caritas-migrantes-2021\/","url":"https:\/\/caritas-wp.glauco.it\/caritas-dev\/xxx-rapporto-immigrazione-caritas-migrantes-2021\/","name":"XXX Rapporto Immigrazione Caritas-Migrantes 2021 - Caritas DEV","isPartOf":{"@id":"https:\/\/caritas-wp.glauco.it\/caritas-dev\/#website"},"datePublished":"2022-09-27T12:12:08+00:00","dateModified":"2022-09-30T10:26:26+00:00","description":"\"Verso un noi sempre pi\u00f9 grande\"","breadcrumb":{"@id":"https:\/\/caritas-wp.glauco.it\/caritas-dev\/xxx-rapporto-immigrazione-caritas-migrantes-2021\/#breadcrumb"},"inLanguage":"it-IT","potentialAction":[{"@type":"ReadAction","target":["https:\/\/caritas-wp.glauco.it\/caritas-dev\/xxx-rapporto-immigrazione-caritas-migrantes-2021\/"]}]},{"@type":"BreadcrumbList","@id":"https:\/\/caritas-wp.glauco.it\/caritas-dev\/xxx-rapporto-immigrazione-caritas-migrantes-2021\/#breadcrumb","itemListElement":[{"@type":"ListItem","position":1,"name":"Home","item":"https:\/\/caritas-wp.glauco.it\/caritas-dev\/"},{"@type":"ListItem","position":2,"name":"XXX Rapporto Immigrazione Caritas-Migrantes 2021"}]},{"@type":"WebSite","@id":"https:\/\/caritas-wp.glauco.it\/caritas-dev\/#website","url":"https:\/\/caritas-wp.glauco.it\/caritas-dev\/","name":"Caritas DEV","description":"Organismo Pastorale della CEI","publisher":{"@id":"https:\/\/caritas-wp.glauco.it\/caritas-dev\/#organization"},"potentialAction":[{"@type":"SearchAction","target":{"@type":"EntryPoint","urlTemplate":"https:\/\/caritas-wp.glauco.it\/caritas-dev\/?s={search_term_string}"},"query-input":"required name=search_term_string"}],"inLanguage":"it-IT"},{"@type":"Organization","@id":"https:\/\/caritas-wp.glauco.it\/caritas-dev\/#organization","name":"Caritas Italiana","url":"https:\/\/caritas-wp.glauco.it\/caritas-dev\/","logo":{"@type":"ImageObject","inLanguage":"it-IT","@id":"https:\/\/caritas-wp.glauco.it\/caritas-dev\/#\/schema\/logo\/image\/","url":"https:\/\/caritas-wp.glauco.it\/caritas-dev\/wp-content\/uploads\/sites\/7\/2022\/07\/logo_caritas-1.png","contentUrl":"https:\/\/caritas-wp.glauco.it\/caritas-dev\/wp-content\/uploads\/sites\/7\/2022\/07\/logo_caritas-1.png","width":187,"height":80,"caption":"Caritas Italiana"},"image":{"@id":"https:\/\/caritas-wp.glauco.it\/caritas-dev\/#\/schema\/logo\/image\/"}},{"@type":"Person","@id":"https:\/\/caritas-wp.glauco.it\/caritas-dev\/#\/schema\/person\/96c3bb43c39ec54ab7e1b2bb2f0cfe36","name":"dangelellli"}]}},"modified_by":null,"_links":{"self":[{"href":"https:\/\/caritas-wp.glauco.it\/caritas-dev\/wp-json\/wp\/v2\/posts\/29859"}],"collection":[{"href":"https:\/\/caritas-wp.glauco.it\/caritas-dev\/wp-json\/wp\/v2\/posts"}],"about":[{"href":"https:\/\/caritas-wp.glauco.it\/caritas-dev\/wp-json\/wp\/v2\/types\/post"}],"author":[{"embeddable":true,"href":"https:\/\/caritas-wp.glauco.it\/caritas-dev\/wp-json\/wp\/v2\/users\/12"}],"replies":[{"embeddable":true,"href":"https:\/\/caritas-wp.glauco.it\/caritas-dev\/wp-json\/wp\/v2\/comments?post=29859"}],"version-history":[{"count":16,"href":"https:\/\/caritas-wp.glauco.it\/caritas-dev\/wp-json\/wp\/v2\/posts\/29859\/revisions"}],"predecessor-version":[{"id":58111,"href":"https:\/\/caritas-wp.glauco.it\/caritas-dev\/wp-json\/wp\/v2\/posts\/29859\/revisions\/58111"}],"wp:featuredmedia":[{"embeddable":true,"href":"https:\/\/caritas-wp.glauco.it\/caritas-dev\/wp-json\/wp\/v2\/media\/29941"}],"wp:attachment":[{"href":"https:\/\/caritas-wp.glauco.it\/caritas-dev\/wp-json\/wp\/v2\/media?parent=29859"}],"wp:term":[{"taxonomy":"category","embeddable":true,"href":"https:\/\/caritas-wp.glauco.it\/caritas-dev\/wp-json\/wp\/v2\/categories?post=29859"},{"taxonomy":"post_tag","embeddable":true,"href":"https:\/\/caritas-wp.glauco.it\/caritas-dev\/wp-json\/wp\/v2\/tags?post=29859"},{"taxonomy":"canale_per_feed","embeddable":true,"href":"https:\/\/caritas-wp.glauco.it\/caritas-dev\/wp-json\/wp\/v2\/canale_per_feed?post=29859"}],"curies":[{"name":"wp","href":"https:\/\/api.w.org\/{rel}","templated":true}]}}