{"id":3665,"date":"2022-09-14T10:09:20","date_gmt":"2022-09-14T08:09:20","guid":{"rendered":"https:\/\/caritas-wp.glauco.it\/caritas-dev\/?p=3665"},"modified":"2022-09-30T12:15:05","modified_gmt":"2022-09-30T10:15:05","slug":"rapporto-2020-su-poverta-ed-esclusione-sociale-in-italia","status":"publish","type":"post","link":"https:\/\/caritas-wp.glauco.it\/caritas-dev\/rapporto-2020-su-poverta-ed-esclusione-sociale-in-italia\/","title":{"rendered":"Rapporto 2020 su povert\u00e0 ed esclusione sociale in Italia"},"content":{"rendered":"<p>Il\u00a0 Rapporto 2020 di Caritas Italiana dal titolo <a href=\"http:\/\/s2ew.caritasitaliana.it\/materiali\/Rapporti_poverta\/2020\/Rapporto_poverta_Caritas_2020.pdf\" target=\"_blank\" rel=\"noopener\">&#8220;Gli anticorpi della solidariet\u00e0&#8221;<\/a> (.pdf), pubblicato in occasione della <strong>Giornata mondiale di contrasto alla povert\u00e0 (17 ottobre 2020)<\/strong>, cerca di restituire una fotografia dei gravi effetti economici e sociali dell\u2019attuale crisi sanitaria legata alla pandemia da Covid-19. I dati della statistica pubblica definiscono lo scenario entro il quale ci muoviamo: il nostro Paese registra nel secondo trimestre del 2020 una marcata flessione del Pil; l\u2019occupazione registra un calo di 841mila occupati rispetto al 2019; diminuisce, inoltre, il tasso di disoccupazione a favore per\u00f2 di una vistosa impennata degli inattivi, cio\u00e8 delle sempre pi\u00f9 numerose persone che smettono di cercare lavoro. Sembra dunque profilarsi il tempo di una grave recessione economica che diventa terreno fertile per la nascita di nuove forme di povert\u00e0, proprio come avvenuto dopo la crisi del 2008.<\/p>\n<p><strong>I dati dei Centri di ascolto Caritas e l&#8217;intervento nella pandemia<\/strong><\/p>\n<p><img loading=\"lazy\" decoding=\"async\" class=\"size-medium wp-image-3667 alignleft\" src=\"https:\/\/caritas-wp.glauco.it\/caritas-dev\/wp-content\/uploads\/sites\/7\/2022\/09\/Infografica_Rapporto_Caritas_2020_2-200x500.jpg\" alt=\"\" width=\"200\" height=\"500\" srcset=\"https:\/\/caritas-wp.glauco.it\/caritas-dev\/wp-content\/uploads\/sites\/7\/2022\/09\/Infografica_Rapporto_Caritas_2020_2-200x500.jpg 200w, https:\/\/caritas-wp.glauco.it\/caritas-dev\/wp-content\/uploads\/sites\/7\/2022\/09\/Infografica_Rapporto_Caritas_2020_2-410x1024.jpg 410w, https:\/\/caritas-wp.glauco.it\/caritas-dev\/wp-content\/uploads\/sites\/7\/2022\/09\/Infografica_Rapporto_Caritas_2020_2-120x300.jpg 120w, https:\/\/caritas-wp.glauco.it\/caritas-dev\/wp-content\/uploads\/sites\/7\/2022\/09\/Infografica_Rapporto_Caritas_2020_2-768x1920.jpg 768w, https:\/\/caritas-wp.glauco.it\/caritas-dev\/wp-content\/uploads\/sites\/7\/2022\/09\/Infografica_Rapporto_Caritas_2020_2-614x1536.jpg 614w, https:\/\/caritas-wp.glauco.it\/caritas-dev\/wp-content\/uploads\/sites\/7\/2022\/09\/Infografica_Rapporto_Caritas_2020_2.jpg 800w\" sizes=\"(max-width: 200px) 100vw, 200px\" \/>I dati dei centri di ascolto Caritas vanno proprio in questa direzione. Analizzando il periodo <strong>maggio-settembre del 2019<\/strong> e confrontandolo con lo stesso periodo del 2020 emerge che da un anno all\u2019altro l\u2019incidenza dei \u201cnuovi poveri\u201d passa dal 31% al 45%: quasi una persona su due che si rivolge alla Caritas lo fa per la prima volta. Aumenta in particolare il peso delle famiglie con minori, delle donne, dei giovani, dei nuclei di italiani che risultano in maggioranza (52% rispetto al 47,9 % dello scorso anno) e delle persone in et\u00e0 lavorativa; cala di contro la grave marginalit\u00e0. A fare la differenza, tuttavia, rispetto allo shock economico del 2008 \u00e8 il punto dal quale si parte: nell\u2019Italia del pre-pandemia (2019) il numero di poveri assoluti \u00e8 pi\u00f9 che doppio rispetto al 2007, alla vigilia del crollo di Lehman Brothers.<\/p>\n<p>In questo tempo inedito, gli interventi della rete Caritas sono numerosi e diversificati. Una vivacit\u00e0 di iniziative e opere realizzate anche grazie all\u2019azione di circa <strong>62mila volontari<\/strong>, a partire dai giovani impegnati nel Servizio Civile Universale. Sono 19.087 gli over 65 che si sono dovuti fermare per ragioni di sicurezza sanitaria e 5.339 le nuove leve (under 34), attivate in questo tempo di emergenza. Da Nord a Sud del Paese, continuano a non far mancare la loro prossimit\u00e0 e generosit\u00e0 verso i pi\u00f9 poveri e i pi\u00f9 vulnerabili e sono segnali della presenza di \u201canticorpi della solidariet\u00e0\u201d che aiutano a diradare le nebbie della crisi in atto. Una crisi che, secondo i dati pubblicati da Banca d\u2019Italia, nei mesi di aprile e maggio, ha provocato una riduzione di reddito per la met\u00e0 delle famiglie italiane, anche tenendo conto degli eventuali strumenti di sostegno ricevuti; addirittura per il 15% del campione il calo \u00e8 di oltre la met\u00e0 del reddito complessivo.<\/p>\n<p>Fin dai primi giorni dell\u2019emergenza Covid-19, di fronte a queste sfide drammatiche e forti criticit\u00e0, Caritas Italiana e le Caritas diocesane hanno continuato a stare accanto agli ultimi e alle persone in difficolt\u00e0, spesso in forme nuove e adattate alle necessit\u00e0 contingenti. Per cercare di avere un quadro complessivo dell\u2019attivit\u00e0 svolta e tentare di descrivere l\u2019impatto economico e sociale della pandemia, sono stati realizzati tre monitoraggi nazionali: uno ad aprile in pieno lockdown, il secondo a giugno, dopo la riapertura dei confini regionali e il terzo a settembre dopo il periodo estivo. I dati raccolti testimoniano due grandi fasi attraversate finora, che corrispondono in parte ai diversi step di avvio delle misure e dei provvedimenti governativi: la prima, della \u201cdura emergenza\u201d coincidente con il blocco totale delle attivit\u00e0 e con i 69 giorni nei quali gli italiani sono rimasti a casa, durante la quale si \u00e8 pagato il prezzo pi\u00f9 alto in termini di vite umane, sul fronte dei contagi e dell\u2019impatto economico; la seconda, vissuta nei mesi estivi, nella quale si \u00e8 avviata una lenta ripartenza, dai contorni e confini incerti. In ciascuna delle due fasi le azioni messe in campo dalla rete Caritas sono state preziose.<\/p>\n<p>&nbsp;<\/p>\n<p><strong>L&#8217;impegno Caritas<\/strong><br \/>\n<img loading=\"lazy\" decoding=\"async\" class=\"size-medium wp-image-3668 alignright\" src=\"https:\/\/caritas-wp.glauco.it\/caritas-dev\/wp-content\/uploads\/sites\/7\/2022\/09\/Infografica_Rapporto_Caritas_2020_2_2-200x500.jpg\" alt=\"\" width=\"200\" height=\"500\" srcset=\"https:\/\/caritas-wp.glauco.it\/caritas-dev\/wp-content\/uploads\/sites\/7\/2022\/09\/Infografica_Rapporto_Caritas_2020_2_2-200x500.jpg 200w, https:\/\/caritas-wp.glauco.it\/caritas-dev\/wp-content\/uploads\/sites\/7\/2022\/09\/Infografica_Rapporto_Caritas_2020_2_2-410x1024.jpg 410w, https:\/\/caritas-wp.glauco.it\/caritas-dev\/wp-content\/uploads\/sites\/7\/2022\/09\/Infografica_Rapporto_Caritas_2020_2_2-120x300.jpg 120w, https:\/\/caritas-wp.glauco.it\/caritas-dev\/wp-content\/uploads\/sites\/7\/2022\/09\/Infografica_Rapporto_Caritas_2020_2_2-768x1920.jpg 768w, https:\/\/caritas-wp.glauco.it\/caritas-dev\/wp-content\/uploads\/sites\/7\/2022\/09\/Infografica_Rapporto_Caritas_2020_2_2-614x1536.jpg 614w, https:\/\/caritas-wp.glauco.it\/caritas-dev\/wp-content\/uploads\/sites\/7\/2022\/09\/Infografica_Rapporto_Caritas_2020_2_2.jpg 800w\" sizes=\"(max-width: 200px) 100vw, 200px\" \/>Entrando nello specifico delle attivit\u00e0, la prima cosa da evidenziare \u00e8 la riapertura dei centri di ascolto \u201cin presenza\u201d, per lo pi\u00f9 su appuntamento o ad accesso libero; un ascolto di prossimit\u00e0 che va tuttavia in parallelo con i servizi telefonici e on line ancora molto diffusi. Da sottolineare poi tutta la preziosa attivit\u00e0 sul fronte dell\u2019accompagnamento e orientamento rispetto alle misure previste dal Decreto \u201cCura Italia\u201d e \u201cDecreto Rilancio&#8221;; sono state azioni molto utili, che hanno permesso a numerose persone e famiglie in difficolt\u00e0 di poter accedere a tali sostegni pubblici (l\u201983% delle diocesi ha svolto questa specifica attivit\u00e0). C\u2019\u00e8 infine il tema del lavoro, in particolare quello della sofferenza sperimentata da tanti piccoli commercianti e lavoratori autonomi: rispetto a questo fronte le Caritas diocesane hanno erogato sostegni economici specifici, in ben 136 diocesi sono stati attivati fondi dedicati, utili a sostenere le spese pi\u00f9 urgenti (affitto degli immobili, rate del mutuo, utenze, acquisti utili alla ripartenza dell\u2019attivit\u00e0, ecc.). Complessivamente sono stati 2.073 i piccoli commercianti\/lavoratori autonomi accompagnati in questo tempo.<\/p>\n<p>Caritas Italiana ha anche esaminato il funzionamento delle misure emergenziali disposte dal governo in particolare di quelle volte a sostenere i redditi di famiglie e lavoratori, anche per individuare i difetti e le criticit\u00e0 da evitare in futuro. Da una rilevazione ad hoc condotta su un campione di 756 nuclei beneficiari dei servizi Caritas nei mesi di giugno-luglio 2020, <strong>il REM \u00e8 risultata la misura pi\u00f9 richiesta (26,3%) ma con un tasso di accettazione delle domande pi\u00f9 basso (30,2%) rispetto alla indennit\u00e0 per lavoratori domestici (61,9%), al bonus per i lavoratori stagionali (58,3%) e al bonus per i lavoratori flessibili (53,8%)<\/strong>. Il REM \u00e8 stato fruito prevalentemente da nuclei composti da adulti over 50, soprattutto single e monogenitori con figli maggiorenni, con un reddito fino a 800 euro e bassi tassi di attivit\u00e0 lavorativa. Si tratta di un profilo del tutto sovrapponibile a quello di coloro che percepiscono il Reddito di cittadinanza (32,5%) all\u2019interno dello stesso campione intervistato: nuclei a reddito molto basso (49,7%), single (45,3%) e coppie senza figli (43,7%), prevalentemente anziani (42,2%). Questo dice che tra le due misure, rispetto alle caratteristiche dei beneficiari, vi sia sovrapposizione piuttosto che compensazione.<br \/>\nInoltre coloro che hanno ricevuto dalle Caritas servizi di orientamento hanno fatto domanda per il REM tre volte di pi\u00f9 rispetto a chi non ha ricevuto tale supporto dalle Caritas e hanno accresciuto di un sesto la possibilit\u00e0 di ottenerlo effettivamente. Orientamento e supporto fanno la differenza, in genere, soprattutto in situazioni di emergenza. Ecco perch\u00e9 nella indagine sulle misure di emergenza, nella met\u00e0 dei casi (50,1%) i servizi e gli operatori Caritas sono stati identificati come la principale forma di aiuto e sostegno, sia concreto che psicologico durante l\u2019emergenza Covid.<\/p>\n<p>Quello che il Covid-19 ha messo in evidenza \u00e8 <strong>il carattere mutevole della povert\u00e0<\/strong> e stiamo ora entrando in una nuova fase nel nostro Paese. Di fronte a una situazione \u201cinedita\u201d, occorrono strumenti di analisi e di intervento adeguati al mutato contesto. In particolare ci sar\u00e0 dunque bisogno di:<\/p>\n<ul>\n<li>mettere in relazione i dati sulla povert\u00e0 (assoluta e relativa) con dati sui percettori delle misure di contrasto;<\/li>\n<li>realizzare analisi di lungo periodo per monitorare come cambiano le condizioni di vita delle persone in povert\u00e0 e se e come su di esse incidano le misure pubbliche;<\/li>\n<li>concepire le misure nazionali di contrasto alla povert\u00e0 come un \u201cwork in progress\u201d, che, a partire da un attento e sistematico lavoro di monitoraggio e valutazione del loro funzionamento e del loro impatto sulle vite delle persone vengano periodicamente \u201caggiustate\u201d per poter adeguarsi e meglio rispondere alle trasformazioni in corso e per affrontare l\u2019incertezza;<\/li>\n<li>intercettare le cause della povert\u00e0, come dice papa Francesco: \u201clottare contro le cause strutturali della povert\u00e0, la disuguaglianza, la mancanza di lavoro, della casa, la negazione dei diritti sociali e lavorativi\u201d (3 Ottobre 2020). Solo in questo modo invece di accettare passivamente e in blocco il presente, si forniscono elementi a partire dai quali proiettarsi in un futuro di concreto cambiamento.<\/li>\n<\/ul>\n<p>Nella stessa giornata \u00e8 stata pubblicata una <a href=\"http:\/\/s2ew.caritasitaliana.it\/materiali\/Rapporti_poverta\/2020\/Brochure_OPR_defA3.pdf\" target=\"_blank\" rel=\"noopener\">brochure pieghevole, stampabile in A3<\/a>, per illustrare il senso e il funzionamento degli Osservatori delle Povert\u00e0 e delle Risorse (OPR), frutto del lavoro del Tavolo nazionale referenti regionali OPR.<\/p>\n","protected":false},"excerpt":{"rendered":"<p>Gli effetti economici e sociali della crisi sanitaria legata alla pandemia da Covid-19. Italia, secondo trimestre del 2020: marcata flessione del Pil, calo di 841 mila occupati rispetto al 2019, gi\u00f9 il tasso di disoccupazione, cresce il numero di inattivi, ovvero persone che smettono di cercare lavoro.<\/p>\n","protected":false},"author":10,"featured_media":34874,"comment_status":"closed","ping_status":"closed","sticky":false,"template":"","format":"standard","meta":{"_lmt_disableupdate":"no","_lmt_disable":"no","footnotes":""},"categories":[131],"tags":[66,69,68],"canale_per_feed":[],"acf":[],"yoast_head":"<!-- This site is optimized with the Yoast SEO plugin v21.4 - https:\/\/yoast.com\/wordpress\/plugins\/seo\/ -->\n<title>Rapporto 2020 su povert\u00e0 ed esclusione sociale in Italia - Caritas DEV<\/title>\n<meta name=\"robots\" content=\"index, follow, max-snippet:-1, max-image-preview:large, max-video-preview:-1\" \/>\n<link rel=\"canonical\" href=\"https:\/\/caritas-wp.glauco.it\/caritas-dev\/rapporto-2020-su-poverta-ed-esclusione-sociale-in-italia\/\" \/>\n<meta property=\"og:locale\" content=\"it_IT\" \/>\n<meta property=\"og:type\" content=\"article\" \/>\n<meta property=\"og:title\" content=\"Rapporto 2020 su povert\u00e0 ed esclusione sociale in Italia - Caritas DEV\" \/>\n<meta property=\"og:description\" content=\"Gli effetti economici e sociali della crisi sanitaria legata alla pandemia da Covid-19. Italia, secondo trimestre del 2020: marcata flessione del Pil, calo di 841 mila occupati rispetto al 2019, gi\u00f9 il tasso di disoccupazione, cresce il numero di inattivi, ovvero persone che smettono di cercare lavoro.\" \/>\n<meta property=\"og:url\" content=\"https:\/\/caritas-wp.glauco.it\/caritas-dev\/rapporto-2020-su-poverta-ed-esclusione-sociale-in-italia\/\" \/>\n<meta property=\"og:site_name\" content=\"Caritas DEV\" \/>\n<meta property=\"article:published_time\" content=\"2022-09-14T08:09:20+00:00\" \/>\n<meta property=\"article:modified_time\" content=\"2022-09-30T10:15:05+00:00\" \/>\n<meta property=\"og:image\" content=\"https:\/\/caritas-wp.glauco.it\/caritas-dev\/wp-content\/uploads\/sites\/7\/2022\/09\/rapp_pov2020.jpg\" \/>\n\t<meta property=\"og:image:width\" content=\"1417\" \/>\n\t<meta property=\"og:image:height\" content=\"2004\" \/>\n\t<meta property=\"og:image:type\" content=\"image\/jpeg\" \/>\n<meta name=\"author\" content=\"spagnolo\" \/>\n<meta name=\"twitter:card\" content=\"summary_large_image\" \/>\n<meta name=\"twitter:label1\" content=\"Scritto da\" \/>\n\t<meta name=\"twitter:data1\" content=\"spagnolo\" \/>\n\t<meta name=\"twitter:label2\" content=\"Tempo di lettura stimato\" \/>\n\t<meta name=\"twitter:data2\" content=\"8 minuti\" \/>\n<script type=\"application\/ld+json\" class=\"yoast-schema-graph\">{\"@context\":\"https:\/\/schema.org\",\"@graph\":[{\"@type\":\"Article\",\"@id\":\"https:\/\/caritas-wp.glauco.it\/caritas-dev\/rapporto-2020-su-poverta-ed-esclusione-sociale-in-italia\/#article\",\"isPartOf\":{\"@id\":\"https:\/\/caritas-wp.glauco.it\/caritas-dev\/rapporto-2020-su-poverta-ed-esclusione-sociale-in-italia\/\"},\"author\":{\"name\":\"spagnolo\",\"@id\":\"https:\/\/caritas-wp.glauco.it\/caritas-dev\/#\/schema\/person\/8331619db9e954b727b1f7ebd62bbd58\"},\"headline\":\"Rapporto 2020 su povert\u00e0 ed esclusione sociale in Italia\",\"datePublished\":\"2022-09-14T08:09:20+00:00\",\"dateModified\":\"2022-09-30T10:15:05+00:00\",\"mainEntityOfPage\":{\"@id\":\"https:\/\/caritas-wp.glauco.it\/caritas-dev\/rapporto-2020-su-poverta-ed-esclusione-sociale-in-italia\/\"},\"wordCount\":1324,\"publisher\":{\"@id\":\"https:\/\/caritas-wp.glauco.it\/caritas-dev\/#organization\"},\"keywords\":[\"povert\u00e0\",\"rapporto\",\"reddito di cittadinanza\"],\"articleSection\":[\"Rapporti Povert\u00e0\"],\"inLanguage\":\"it-IT\"},{\"@type\":\"WebPage\",\"@id\":\"https:\/\/caritas-wp.glauco.it\/caritas-dev\/rapporto-2020-su-poverta-ed-esclusione-sociale-in-italia\/\",\"url\":\"https:\/\/caritas-wp.glauco.it\/caritas-dev\/rapporto-2020-su-poverta-ed-esclusione-sociale-in-italia\/\",\"name\":\"Rapporto 2020 su povert\u00e0 ed esclusione sociale in Italia - Caritas DEV\",\"isPartOf\":{\"@id\":\"https:\/\/caritas-wp.glauco.it\/caritas-dev\/#website\"},\"datePublished\":\"2022-09-14T08:09:20+00:00\",\"dateModified\":\"2022-09-30T10:15:05+00:00\",\"breadcrumb\":{\"@id\":\"https:\/\/caritas-wp.glauco.it\/caritas-dev\/rapporto-2020-su-poverta-ed-esclusione-sociale-in-italia\/#breadcrumb\"},\"inLanguage\":\"it-IT\",\"potentialAction\":[{\"@type\":\"ReadAction\",\"target\":[\"https:\/\/caritas-wp.glauco.it\/caritas-dev\/rapporto-2020-su-poverta-ed-esclusione-sociale-in-italia\/\"]}]},{\"@type\":\"BreadcrumbList\",\"@id\":\"https:\/\/caritas-wp.glauco.it\/caritas-dev\/rapporto-2020-su-poverta-ed-esclusione-sociale-in-italia\/#breadcrumb\",\"itemListElement\":[{\"@type\":\"ListItem\",\"position\":1,\"name\":\"Home\",\"item\":\"https:\/\/caritas-wp.glauco.it\/caritas-dev\/\"},{\"@type\":\"ListItem\",\"position\":2,\"name\":\"Rapporto 2020 su povert\u00e0 ed esclusione sociale in Italia\"}]},{\"@type\":\"WebSite\",\"@id\":\"https:\/\/caritas-wp.glauco.it\/caritas-dev\/#website\",\"url\":\"https:\/\/caritas-wp.glauco.it\/caritas-dev\/\",\"name\":\"Caritas DEV\",\"description\":\"Organismo Pastorale della CEI\",\"publisher\":{\"@id\":\"https:\/\/caritas-wp.glauco.it\/caritas-dev\/#organization\"},\"potentialAction\":[{\"@type\":\"SearchAction\",\"target\":{\"@type\":\"EntryPoint\",\"urlTemplate\":\"https:\/\/caritas-wp.glauco.it\/caritas-dev\/?s={search_term_string}\"},\"query-input\":\"required name=search_term_string\"}],\"inLanguage\":\"it-IT\"},{\"@type\":\"Organization\",\"@id\":\"https:\/\/caritas-wp.glauco.it\/caritas-dev\/#organization\",\"name\":\"Caritas Italiana\",\"url\":\"https:\/\/caritas-wp.glauco.it\/caritas-dev\/\",\"logo\":{\"@type\":\"ImageObject\",\"inLanguage\":\"it-IT\",\"@id\":\"https:\/\/caritas-wp.glauco.it\/caritas-dev\/#\/schema\/logo\/image\/\",\"url\":\"https:\/\/caritas-wp.glauco.it\/caritas-dev\/wp-content\/uploads\/sites\/7\/2022\/07\/logo_caritas-1.png\",\"contentUrl\":\"https:\/\/caritas-wp.glauco.it\/caritas-dev\/wp-content\/uploads\/sites\/7\/2022\/07\/logo_caritas-1.png\",\"width\":187,\"height\":80,\"caption\":\"Caritas Italiana\"},\"image\":{\"@id\":\"https:\/\/caritas-wp.glauco.it\/caritas-dev\/#\/schema\/logo\/image\/\"}},{\"@type\":\"Person\",\"@id\":\"https:\/\/caritas-wp.glauco.it\/caritas-dev\/#\/schema\/person\/8331619db9e954b727b1f7ebd62bbd58\",\"name\":\"spagnolo\"}]}<\/script>\n<!-- \/ Yoast SEO plugin. -->","yoast_head_json":{"title":"Rapporto 2020 su povert\u00e0 ed esclusione sociale in Italia - Caritas DEV","robots":{"index":"index","follow":"follow","max-snippet":"max-snippet:-1","max-image-preview":"max-image-preview:large","max-video-preview":"max-video-preview:-1"},"canonical":"https:\/\/caritas-wp.glauco.it\/caritas-dev\/rapporto-2020-su-poverta-ed-esclusione-sociale-in-italia\/","og_locale":"it_IT","og_type":"article","og_title":"Rapporto 2020 su povert\u00e0 ed esclusione sociale in Italia - Caritas DEV","og_description":"Gli effetti economici e sociali della crisi sanitaria legata alla pandemia da Covid-19. Italia, secondo trimestre del 2020: marcata flessione del Pil, calo di 841 mila occupati rispetto al 2019, gi\u00f9 il tasso di disoccupazione, cresce il numero di inattivi, ovvero persone che smettono di cercare lavoro.","og_url":"https:\/\/caritas-wp.glauco.it\/caritas-dev\/rapporto-2020-su-poverta-ed-esclusione-sociale-in-italia\/","og_site_name":"Caritas DEV","article_published_time":"2022-09-14T08:09:20+00:00","article_modified_time":"2022-09-30T10:15:05+00:00","og_image":[{"width":1417,"height":2004,"url":"https:\/\/caritas-wp.glauco.it\/caritas-dev\/wp-content\/uploads\/sites\/7\/2022\/09\/rapp_pov2020.jpg","type":"image\/jpeg"}],"author":"spagnolo","twitter_card":"summary_large_image","twitter_misc":{"Scritto da":"spagnolo","Tempo di lettura stimato":"8 minuti"},"schema":{"@context":"https:\/\/schema.org","@graph":[{"@type":"Article","@id":"https:\/\/caritas-wp.glauco.it\/caritas-dev\/rapporto-2020-su-poverta-ed-esclusione-sociale-in-italia\/#article","isPartOf":{"@id":"https:\/\/caritas-wp.glauco.it\/caritas-dev\/rapporto-2020-su-poverta-ed-esclusione-sociale-in-italia\/"},"author":{"name":"spagnolo","@id":"https:\/\/caritas-wp.glauco.it\/caritas-dev\/#\/schema\/person\/8331619db9e954b727b1f7ebd62bbd58"},"headline":"Rapporto 2020 su povert\u00e0 ed esclusione sociale in Italia","datePublished":"2022-09-14T08:09:20+00:00","dateModified":"2022-09-30T10:15:05+00:00","mainEntityOfPage":{"@id":"https:\/\/caritas-wp.glauco.it\/caritas-dev\/rapporto-2020-su-poverta-ed-esclusione-sociale-in-italia\/"},"wordCount":1324,"publisher":{"@id":"https:\/\/caritas-wp.glauco.it\/caritas-dev\/#organization"},"keywords":["povert\u00e0","rapporto","reddito di cittadinanza"],"articleSection":["Rapporti Povert\u00e0"],"inLanguage":"it-IT"},{"@type":"WebPage","@id":"https:\/\/caritas-wp.glauco.it\/caritas-dev\/rapporto-2020-su-poverta-ed-esclusione-sociale-in-italia\/","url":"https:\/\/caritas-wp.glauco.it\/caritas-dev\/rapporto-2020-su-poverta-ed-esclusione-sociale-in-italia\/","name":"Rapporto 2020 su povert\u00e0 ed esclusione sociale in Italia - Caritas DEV","isPartOf":{"@id":"https:\/\/caritas-wp.glauco.it\/caritas-dev\/#website"},"datePublished":"2022-09-14T08:09:20+00:00","dateModified":"2022-09-30T10:15:05+00:00","breadcrumb":{"@id":"https:\/\/caritas-wp.glauco.it\/caritas-dev\/rapporto-2020-su-poverta-ed-esclusione-sociale-in-italia\/#breadcrumb"},"inLanguage":"it-IT","potentialAction":[{"@type":"ReadAction","target":["https:\/\/caritas-wp.glauco.it\/caritas-dev\/rapporto-2020-su-poverta-ed-esclusione-sociale-in-italia\/"]}]},{"@type":"BreadcrumbList","@id":"https:\/\/caritas-wp.glauco.it\/caritas-dev\/rapporto-2020-su-poverta-ed-esclusione-sociale-in-italia\/#breadcrumb","itemListElement":[{"@type":"ListItem","position":1,"name":"Home","item":"https:\/\/caritas-wp.glauco.it\/caritas-dev\/"},{"@type":"ListItem","position":2,"name":"Rapporto 2020 su povert\u00e0 ed esclusione sociale in Italia"}]},{"@type":"WebSite","@id":"https:\/\/caritas-wp.glauco.it\/caritas-dev\/#website","url":"https:\/\/caritas-wp.glauco.it\/caritas-dev\/","name":"Caritas DEV","description":"Organismo Pastorale della CEI","publisher":{"@id":"https:\/\/caritas-wp.glauco.it\/caritas-dev\/#organization"},"potentialAction":[{"@type":"SearchAction","target":{"@type":"EntryPoint","urlTemplate":"https:\/\/caritas-wp.glauco.it\/caritas-dev\/?s={search_term_string}"},"query-input":"required name=search_term_string"}],"inLanguage":"it-IT"},{"@type":"Organization","@id":"https:\/\/caritas-wp.glauco.it\/caritas-dev\/#organization","name":"Caritas Italiana","url":"https:\/\/caritas-wp.glauco.it\/caritas-dev\/","logo":{"@type":"ImageObject","inLanguage":"it-IT","@id":"https:\/\/caritas-wp.glauco.it\/caritas-dev\/#\/schema\/logo\/image\/","url":"https:\/\/caritas-wp.glauco.it\/caritas-dev\/wp-content\/uploads\/sites\/7\/2022\/07\/logo_caritas-1.png","contentUrl":"https:\/\/caritas-wp.glauco.it\/caritas-dev\/wp-content\/uploads\/sites\/7\/2022\/07\/logo_caritas-1.png","width":187,"height":80,"caption":"Caritas Italiana"},"image":{"@id":"https:\/\/caritas-wp.glauco.it\/caritas-dev\/#\/schema\/logo\/image\/"}},{"@type":"Person","@id":"https:\/\/caritas-wp.glauco.it\/caritas-dev\/#\/schema\/person\/8331619db9e954b727b1f7ebd62bbd58","name":"spagnolo"}]}},"modified_by":null,"_links":{"self":[{"href":"https:\/\/caritas-wp.glauco.it\/caritas-dev\/wp-json\/wp\/v2\/posts\/3665"}],"collection":[{"href":"https:\/\/caritas-wp.glauco.it\/caritas-dev\/wp-json\/wp\/v2\/posts"}],"about":[{"href":"https:\/\/caritas-wp.glauco.it\/caritas-dev\/wp-json\/wp\/v2\/types\/post"}],"author":[{"embeddable":true,"href":"https:\/\/caritas-wp.glauco.it\/caritas-dev\/wp-json\/wp\/v2\/users\/10"}],"replies":[{"embeddable":true,"href":"https:\/\/caritas-wp.glauco.it\/caritas-dev\/wp-json\/wp\/v2\/comments?post=3665"}],"version-history":[{"count":15,"href":"https:\/\/caritas-wp.glauco.it\/caritas-dev\/wp-json\/wp\/v2\/posts\/3665\/revisions"}],"predecessor-version":[{"id":58097,"href":"https:\/\/caritas-wp.glauco.it\/caritas-dev\/wp-json\/wp\/v2\/posts\/3665\/revisions\/58097"}],"wp:featuredmedia":[{"embeddable":true,"href":"https:\/\/caritas-wp.glauco.it\/caritas-dev\/wp-json\/wp\/v2\/media\/34874"}],"wp:attachment":[{"href":"https:\/\/caritas-wp.glauco.it\/caritas-dev\/wp-json\/wp\/v2\/media?parent=3665"}],"wp:term":[{"taxonomy":"category","embeddable":true,"href":"https:\/\/caritas-wp.glauco.it\/caritas-dev\/wp-json\/wp\/v2\/categories?post=3665"},{"taxonomy":"post_tag","embeddable":true,"href":"https:\/\/caritas-wp.glauco.it\/caritas-dev\/wp-json\/wp\/v2\/tags?post=3665"},{"taxonomy":"canale_per_feed","embeddable":true,"href":"https:\/\/caritas-wp.glauco.it\/caritas-dev\/wp-json\/wp\/v2\/canale_per_feed?post=3665"}],"curies":[{"name":"wp","href":"https:\/\/api.w.org\/{rel}","templated":true}]}}