{"id":44846,"date":"2022-09-24T13:32:00","date_gmt":"2022-09-24T11:32:00","guid":{"rendered":"https:\/\/caritas-wp.glauco.it\/caritas-dev\/?p=44846"},"modified":"2022-09-28T15:03:26","modified_gmt":"2022-09-28T13:03:26","slug":"emergenza-ucraina-limpegno-della-caritas","status":"publish","type":"post","link":"https:\/\/caritas-wp.glauco.it\/caritas-dev\/emergenza-ucraina-limpegno-della-caritas\/","title":{"rendered":"Emergenza Ucraina: l&#8217;impegno della Caritas"},"content":{"rendered":"<p>Il conflitto, deflagrato il 24 febbraio scorso, continua a essere caratterizzato da bombardamenti indiscriminati nelle aree civili che non risparmiano scuole, ospedali, centri comunitari, abitazioni. L\u2019economia di base \u00e8 pressoch\u00e9 ferma e la vita di ogni giorno dipende quasi totalmente dagli aiuti umanitari.<br \/>\nSecondo i dati ONU aggiornati al settembre 2022, sono pi\u00f9 di 17,7 milioni le persone che necessitano di assistenza umanitaria, di cui 5,5 milioni sono bambini; i rifugiati nei Paesi confinanti a causa del confitto sono attualmente circa 7,3 milioni; oltre 7 milioni gli sfollati interni, dei quali circa 1 milione sono minori.<br \/>\nL\u2019imminente arrivo dell\u2019inverno genera forti preoccupazioni, non solo per la diffusa distruzione delle infrastrutture nel Paese, ma anche per l\u2019impossibilit\u00e0 di reperire fonti e forniture di energia a prezzi sostenibili.<\/p>\n<p><strong>LA RISPOSTA DELLA RETE CARITAS<\/strong><br \/>\nLe richieste di aiuto e assistenza umanitaria in Ucraina crescono e la risposta all&#8217;interno del Paese di Caritas Spes e Caritas Ucraina (le due Caritas ucraine), grazie anche al supporto della rete delle Caritas sorelle, non si ferma. Anzi, aumentano, ad esempio, i centri parrocchiali, dove si pu\u00f2 trovare rifugio, protezione e beni di prima necessit\u00e0, e i poli logistici per la raccolta, lo stoccaggio e la distribuzione di beni umanitari anche nelle aree pi\u00f9 remote. La risposta a questa crisi si estende a tutti Paesi confinanti. Ad oggi sono stati lanciati progetti di medio e lungo periodo in risposta all&#8217;emergenza coordinati dalle Caritas nazionali con <strong><a href=\"http:\/\/www.caritas.org\" target=\"_blank\" rel=\"noopener\">Caritas Internationalis<\/a><\/strong> e <strong><a href=\"https:\/\/www.caritas.eu\/\" target=\"_blank\" rel=\"noopener\">Caritas Europa<\/a><\/strong> in: Moldavia, Polonia, Repubblica Ceca, Romania, Slovacchia.<\/p>\n<p><img loading=\"lazy\" decoding=\"async\" class=\"alignnone size-full wp-image-44847\" src=\"https:\/\/caritas-wp.glauco.it\/caritas-dev\/wp-content\/uploads\/sites\/7\/2022\/09\/mini_conflittoucraina_agosto2022.jpg\" width=\"132\" height=\"194\" align=\"left\" \/><br \/>\n<strong><a href=\"https:\/\/caritas-wp.glauco.it\/caritas-dev\/materiali\/Emergenza_Ucraina\/Dossier_Ucraina_23_agosto_def.pdf\" target=\"_blank\" rel=\"noopener\">Rapporto &#8220;Emergenza Ucraina \u2013 La risposta Caritas&#8221;<\/a><\/strong> .pdf (agg. 23 agosto 2022)<br \/>\n<em>INDICE | Ieri: dal 2014, 8 anni di guerra | Oggi: una guerra senza tregua | La risposta di Caritas in Ucraina | Interventi umanitari nei Paesi limitrofi | La risposta di Caritas Italiana | Accoglienza in Italia e sostegno all\u2019estero | Approfondimenti e aggiornamenti<\/em><\/p>\n<p>&nbsp;<\/p>\n<p>QUANTO FATTO FINORA DA CARITAS UCRAINA E CARITAS SPES<br \/>\nCON IL SOSTEGNO DELLA RETE INTERNAZIONALE<br \/>\n<img loading=\"lazy\" decoding=\"async\" class=\"alignnone wp-image-44848\" src=\"https:\/\/caritas-wp.glauco.it\/caritas-dev\/wp-content\/uploads\/sites\/7\/2022\/09\/ucraina_ambitiintervento_15settembre2022_sitonuovo-500x332.jpg\" alt=\"\" width=\"860\" height=\"571\" srcset=\"https:\/\/caritas-wp.glauco.it\/caritas-dev\/wp-content\/uploads\/sites\/7\/2022\/09\/ucraina_ambitiintervento_15settembre2022_sitonuovo-500x332.jpg 500w, https:\/\/caritas-wp.glauco.it\/caritas-dev\/wp-content\/uploads\/sites\/7\/2022\/09\/ucraina_ambitiintervento_15settembre2022_sitonuovo-1024x680.jpg 1024w, https:\/\/caritas-wp.glauco.it\/caritas-dev\/wp-content\/uploads\/sites\/7\/2022\/09\/ucraina_ambitiintervento_15settembre2022_sitonuovo-300x199.jpg 300w, https:\/\/caritas-wp.glauco.it\/caritas-dev\/wp-content\/uploads\/sites\/7\/2022\/09\/ucraina_ambitiintervento_15settembre2022_sitonuovo-768x510.jpg 768w, https:\/\/caritas-wp.glauco.it\/caritas-dev\/wp-content\/uploads\/sites\/7\/2022\/09\/ucraina_ambitiintervento_15settembre2022_sitonuovo-1536x1020.jpg 1536w, https:\/\/caritas-wp.glauco.it\/caritas-dev\/wp-content\/uploads\/sites\/7\/2022\/09\/ucraina_ambitiintervento_15settembre2022_sitonuovo-1320x877.jpg 1320w, https:\/\/caritas-wp.glauco.it\/caritas-dev\/wp-content\/uploads\/sites\/7\/2022\/09\/ucraina_ambitiintervento_15settembre2022_sitonuovo-272x182.jpg 272w, https:\/\/caritas-wp.glauco.it\/caritas-dev\/wp-content\/uploads\/sites\/7\/2022\/09\/ucraina_ambitiintervento_15settembre2022_sitonuovo.jpg 1575w\" sizes=\"(max-width: 860px) 100vw, 860px\" \/><\/p>\n<p>NUMERO DI RIFUGIATI UCRAINI NEI PAESI CONFINANTI (dati UNHCR)<br \/>\n<img loading=\"lazy\" decoding=\"async\" class=\"alignnone wp-image-44854\" src=\"https:\/\/caritas-wp.glauco.it\/caritas-dev\/wp-content\/uploads\/sites\/7\/2022\/09\/ucraina_frecce_13settembre2022_sitonuovo-500x293.jpg\" alt=\"\" width=\"860\" height=\"504\" srcset=\"https:\/\/caritas-wp.glauco.it\/caritas-dev\/wp-content\/uploads\/sites\/7\/2022\/09\/ucraina_frecce_13settembre2022_sitonuovo-500x293.jpg 500w, https:\/\/caritas-wp.glauco.it\/caritas-dev\/wp-content\/uploads\/sites\/7\/2022\/09\/ucraina_frecce_13settembre2022_sitonuovo-1024x601.jpg 1024w, https:\/\/caritas-wp.glauco.it\/caritas-dev\/wp-content\/uploads\/sites\/7\/2022\/09\/ucraina_frecce_13settembre2022_sitonuovo-300x176.jpg 300w, https:\/\/caritas-wp.glauco.it\/caritas-dev\/wp-content\/uploads\/sites\/7\/2022\/09\/ucraina_frecce_13settembre2022_sitonuovo-768x450.jpg 768w, https:\/\/caritas-wp.glauco.it\/caritas-dev\/wp-content\/uploads\/sites\/7\/2022\/09\/ucraina_frecce_13settembre2022_sitonuovo-1320x774.jpg 1320w, https:\/\/caritas-wp.glauco.it\/caritas-dev\/wp-content\/uploads\/sites\/7\/2022\/09\/ucraina_frecce_13settembre2022_sitonuovo.jpg 1417w\" sizes=\"(max-width: 860px) 100vw, 860px\" \/><\/p>\n<p><strong>COSA FA CARITAS ITALIANA<\/strong><br \/>\nCaritas Italiana ha da subito manifestato vicinanza alle Caritas in Ucraina e nei Paesi vicini. In costante dialogo con le Caritas in Ucraina e in coordinamento con la rete internazionale, Caritas Italiana resta accanto alla popolazione colpita, supportando anche le Caritas dei Paesi confinanti per l\u2019accoglienza delle persone in fuga dalla guerra, garantendo le azioni necessarie per rispondere ai bisogni pi\u00f9 urgenti e contribuendo all\u2019accoglienza di quanti arrivano in Italia. Tutti gli interventi sono realizzati in coordinamento e grazie al contributo della rete internazionale Caritas. Anche Caritas Italiana ha stanziato vari contributi per garantire l\u2019operativit\u00e0 delle Caritas sorelle impegnate in questa emergenza.<br \/>\nDal 3 marzo 2022 <a href=\"https:\/\/www.mediafriends.it\/raccoltafondi\/1032\/mediaset-per-l-ucraina.shtml\" target=\"_blank\" rel=\"noopener\">Mediafriends<\/a> ha lanciato una campagna di raccolta fondi a favore della popolazione dell&#8217;Ucraina colpita dalla guerra e a sostegno delle iniziative umanitarie della Caritas Italiana. La campagna si \u00e8 sviluppata fino al 15 giugno attraverso tutte le reti televisive, i tg, i programmi radiofonici, i siti internet e i social del Gruppo Mediaset. Inoltre vari gruppi bancari hanno avviato campagne di sostegno alle azioni di Caritas Italiana in Ucraina, nei Paesi limitrofi e per l&#8217;accoglienza in Italia.<\/p>\n<p><strong>SUL TERRITORIO ITALIANO<\/strong><br \/>\nSecondo una nota del Viminale al 15 luglio 2022, sono 150.791 le persone in fuga dal conflitto in Ucraina arrivate in Italia. Nelle diocesi italiane si sta lavorando su pi\u00f9 fronti per garantire un&#8217;accoglienza adeguata a queste persone in fuga. Diverse attivit\u00e0 sono state organizzate a livello locale: orientamento per espletamento di pratiche amministrative, di ambito sanitario, pratiche relative alle vaccinazioni, relative all&#8217;inserimento scolastico; raccolta beni di prima necessit\u00e0; assistenza sanitaria; corsi di lingua; attivit\u00e0 ludico-educative per minori; accompagnamento psicologico. Le strutture maggiormente utilizzate: appartamenti, parrocchie, famiglie, istituti religiosi, centri di accoglienza. I tanti frutti solidali che fioriscono nelle nostre comunit\u00e0 sono preziose occasioni di animazione alla pace ma anche gesti concreti di sostegno e vicinanza, che ci impegniamo a finalizzare al meglio. <strong>Il totale delle persone accolte complessivamente dalla rete ecclesiale risultano 13.721, di cui 7.745 quelle accolte da 125 Caritas diocesane.<\/strong><br \/>\n_______________________________________________________<\/p>\n<p><strong>COME CONTRIBUIRE<\/strong><br \/>\n\u00c8 possibile sostenere gli interventi di Caritas Italiana (Via Aurelia 796 \u2013 00165 Roma), utilizzando il conto corrente postale n. 347013, o <a href=\"https:\/\/caritas-wp.glauco.it\/caritas-dev\/sostienici-anche-tu\/\" target=\"_blank\" rel=\"noopener\">donazione on-line<\/a>, o bonifico bancario (causale \u201cEuropa\/emergenza Ucraina\u201d) tramite:<\/p>\n<ul>\n<li>Banca Popolare Etica, via Parigi 17, Roma \u2013 Iban: IT24 C050 1803 2000 0001 3331 111<\/li>\n<li>Banca Intesa Sanpaolo, Fil. Accentrata Ter S, Roma \u2013 Iban: IT66 W030 6909 6061 0000 0012 474<\/li>\n<li>Banco Posta, viale Europa 175, Roma \u2013 Iban: IT91 P076 0103 2000 0000 0347 013<\/li>\n<li>UniCredit, via Taranto 49, Roma \u2013 Iban: IT 88 U 02008 05206 000011063119<\/li>\n<\/ul>\n<p><strong>PER INFORMAZIONI<\/strong><br \/>\nSi tratta di un&#8217;emergenza complessa e Caritas Italiana \u2013 grazie ai contatti costanti con le Caritas locali, la rete internazionale e le Caritas diocesane italiane \u2013 monitora costantemente la situazione per adattare le risposte ai bisogni reali. Ringraziamo quanti stanno donando con generosit\u00e0 attraverso i diversi canali attivati e quanti con altrettanta generosit\u00e0 ci stanno facendo pervenire direttamente o tramite le Caritas delle rispettive diocesi la loro disponibilit\u00e0 a dare una mano in diversi modi per questa emergenza. Per facilitare la comunicazione con Caritas Italiana sono stati attivati i seguenti contatti:<\/p>\n<ul>\n<li>per specifiche richieste concernenti l&#8217;accoglienza in Italia si possono inviare e-mail a <a href=\"mailto:accoglienza@caritas.it\" target=\"_blank\" rel=\"noopener\">accoglienza@caritas.it<\/a>;<\/li>\n<li>per specifiche richieste concernenti donazioni e proposte di collaborazioni\/accordi si possono inviare e-mail a <a href=\"mailto:donazioni@caritas.it\" target=\"_blank\" rel=\"noopener\">donazioni@caritas.it<\/a>;<\/li>\n<li>per specifiche richieste concernenti disponibilit\u00e0 ad attivit\u00e0 di volontariato si possono inviare e-mail a <a href=\"mailto:volontariato@caritas.it\" target=\"_blank\" rel=\"noopener\">volontariato@caritas.it<\/a>.<\/li>\n<li>Per informazioni generali: <a href=\"mailto:emergenzaucraina@caritas.it\" target=\"_blank\" rel=\"noopener\">emergenzaucraina@caritas.it<\/a>.<\/li>\n<\/ul>\n","protected":false},"excerpt":{"rendered":"<p>Il conflitto, deflagrato il 24 febbraio scorso, continua a essere caratterizzato da bombardamenti indiscriminati nelle aree civili che non risparmiano scuole, ospedali, centri comunitari, abitazioni. L\u2019economia di base \u00e8 pressoch\u00e9 ferma e la vita di ogni giorno dipende quasi totalmente dagli aiuti umanitari. Secondo i dati ONU aggiornati al settembre 2022, sono pi\u00f9 di 17,7 [&hellip;]<\/p>\n","protected":false},"author":12,"featured_media":44850,"comment_status":"closed","ping_status":"closed","sticky":true,"template":"","format":"standard","meta":{"_lmt_disableupdate":"no","_lmt_disable":"no","footnotes":""},"categories":[14],"tags":[154,155,153],"canale_per_feed":[],"acf":[],"yoast_head":"<!-- This site is optimized with the Yoast SEO plugin v21.4 - https:\/\/yoast.com\/wordpress\/plugins\/seo\/ -->\n<title>Emergenza Ucraina: l&#039;impegno della Caritas - Caritas DEV<\/title>\n<meta name=\"description\" content=\"Le richieste di aiuto e assistenza umanitaria in Ucraina crescono e la risposta all&#039;interno del Paese di Caritas Spes e Caritas Ucraina (le due Caritas ucraine), grazie anche al supporto della rete delle Caritas sorelle, non si ferma.\" \/>\n<meta name=\"robots\" content=\"index, follow, max-snippet:-1, max-image-preview:large, max-video-preview:-1\" \/>\n<link rel=\"canonical\" href=\"https:\/\/caritas-wp.glauco.it\/caritas-dev\/emergenza-ucraina-limpegno-della-caritas\/\" \/>\n<meta property=\"og:locale\" content=\"it_IT\" \/>\n<meta property=\"og:type\" content=\"article\" \/>\n<meta property=\"og:title\" content=\"Emergenza Ucraina: l&#039;impegno della Caritas - Caritas DEV\" \/>\n<meta property=\"og:description\" content=\"Le richieste di aiuto e assistenza umanitaria in Ucraina crescono e la risposta all&#039;interno del Paese di Caritas Spes e Caritas Ucraina (le due Caritas ucraine), grazie anche al supporto della rete delle Caritas sorelle, non si ferma.\" \/>\n<meta property=\"og:url\" content=\"https:\/\/caritas-wp.glauco.it\/caritas-dev\/emergenza-ucraina-limpegno-della-caritas\/\" \/>\n<meta property=\"og:site_name\" content=\"Caritas DEV\" \/>\n<meta property=\"article:published_time\" content=\"2022-09-24T11:32:00+00:00\" \/>\n<meta property=\"article:modified_time\" content=\"2022-09-28T13:03:26+00:00\" \/>\n<meta property=\"og:image\" content=\"https:\/\/caritas-wp.glauco.it\/caritas-dev\/wp-content\/uploads\/sites\/7\/2022\/09\/ucraina_volontari.jpg\" \/>\n\t<meta property=\"og:image:width\" content=\"1880\" \/>\n\t<meta property=\"og:image:height\" content=\"764\" \/>\n\t<meta property=\"og:image:type\" content=\"image\/jpeg\" \/>\n<meta name=\"author\" content=\"dangelellli\" \/>\n<meta name=\"twitter:card\" content=\"summary_large_image\" \/>\n<meta name=\"twitter:label1\" content=\"Scritto da\" \/>\n\t<meta name=\"twitter:data1\" content=\"dangelellli\" \/>\n\t<meta name=\"twitter:label2\" content=\"Tempo di lettura stimato\" \/>\n\t<meta name=\"twitter:data2\" content=\"6 minuti\" \/>\n<script type=\"application\/ld+json\" class=\"yoast-schema-graph\">{\"@context\":\"https:\/\/schema.org\",\"@graph\":[{\"@type\":\"Article\",\"@id\":\"https:\/\/caritas-wp.glauco.it\/caritas-dev\/emergenza-ucraina-limpegno-della-caritas\/#article\",\"isPartOf\":{\"@id\":\"https:\/\/caritas-wp.glauco.it\/caritas-dev\/emergenza-ucraina-limpegno-della-caritas\/\"},\"author\":{\"name\":\"dangelellli\",\"@id\":\"https:\/\/caritas-wp.glauco.it\/caritas-dev\/#\/schema\/person\/96c3bb43c39ec54ab7e1b2bb2f0cfe36\"},\"headline\":\"Emergenza Ucraina: l&#8217;impegno della Caritas\",\"datePublished\":\"2022-09-24T11:32:00+00:00\",\"dateModified\":\"2022-09-28T13:03:26+00:00\",\"mainEntityOfPage\":{\"@id\":\"https:\/\/caritas-wp.glauco.it\/caritas-dev\/emergenza-ucraina-limpegno-della-caritas\/\"},\"wordCount\":858,\"publisher\":{\"@id\":\"https:\/\/caritas-wp.glauco.it\/caritas-dev\/#organization\"},\"keywords\":[\"Caritas Europa\",\"Caritas Internationalis\",\"Emergenza Ucraina\"],\"articleSection\":[\"Europa\"],\"inLanguage\":\"it-IT\"},{\"@type\":\"WebPage\",\"@id\":\"https:\/\/caritas-wp.glauco.it\/caritas-dev\/emergenza-ucraina-limpegno-della-caritas\/\",\"url\":\"https:\/\/caritas-wp.glauco.it\/caritas-dev\/emergenza-ucraina-limpegno-della-caritas\/\",\"name\":\"Emergenza Ucraina: l'impegno della Caritas - Caritas DEV\",\"isPartOf\":{\"@id\":\"https:\/\/caritas-wp.glauco.it\/caritas-dev\/#website\"},\"datePublished\":\"2022-09-24T11:32:00+00:00\",\"dateModified\":\"2022-09-28T13:03:26+00:00\",\"description\":\"Le richieste di aiuto e assistenza umanitaria in Ucraina crescono e la risposta all'interno del Paese di Caritas Spes e Caritas Ucraina (le due Caritas ucraine), grazie anche al supporto della rete delle Caritas sorelle, non si ferma.\",\"breadcrumb\":{\"@id\":\"https:\/\/caritas-wp.glauco.it\/caritas-dev\/emergenza-ucraina-limpegno-della-caritas\/#breadcrumb\"},\"inLanguage\":\"it-IT\",\"potentialAction\":[{\"@type\":\"ReadAction\",\"target\":[\"https:\/\/caritas-wp.glauco.it\/caritas-dev\/emergenza-ucraina-limpegno-della-caritas\/\"]}]},{\"@type\":\"BreadcrumbList\",\"@id\":\"https:\/\/caritas-wp.glauco.it\/caritas-dev\/emergenza-ucraina-limpegno-della-caritas\/#breadcrumb\",\"itemListElement\":[{\"@type\":\"ListItem\",\"position\":1,\"name\":\"Home\",\"item\":\"https:\/\/caritas-wp.glauco.it\/caritas-dev\/\"},{\"@type\":\"ListItem\",\"position\":2,\"name\":\"Emergenza Ucraina: l&#8217;impegno della Caritas\"}]},{\"@type\":\"WebSite\",\"@id\":\"https:\/\/caritas-wp.glauco.it\/caritas-dev\/#website\",\"url\":\"https:\/\/caritas-wp.glauco.it\/caritas-dev\/\",\"name\":\"Caritas DEV\",\"description\":\"Organismo Pastorale della CEI\",\"publisher\":{\"@id\":\"https:\/\/caritas-wp.glauco.it\/caritas-dev\/#organization\"},\"potentialAction\":[{\"@type\":\"SearchAction\",\"target\":{\"@type\":\"EntryPoint\",\"urlTemplate\":\"https:\/\/caritas-wp.glauco.it\/caritas-dev\/?s={search_term_string}\"},\"query-input\":\"required name=search_term_string\"}],\"inLanguage\":\"it-IT\"},{\"@type\":\"Organization\",\"@id\":\"https:\/\/caritas-wp.glauco.it\/caritas-dev\/#organization\",\"name\":\"Caritas Italiana\",\"url\":\"https:\/\/caritas-wp.glauco.it\/caritas-dev\/\",\"logo\":{\"@type\":\"ImageObject\",\"inLanguage\":\"it-IT\",\"@id\":\"https:\/\/caritas-wp.glauco.it\/caritas-dev\/#\/schema\/logo\/image\/\",\"url\":\"https:\/\/caritas-wp.glauco.it\/caritas-dev\/wp-content\/uploads\/sites\/7\/2022\/07\/logo_caritas-1.png\",\"contentUrl\":\"https:\/\/caritas-wp.glauco.it\/caritas-dev\/wp-content\/uploads\/sites\/7\/2022\/07\/logo_caritas-1.png\",\"width\":187,\"height\":80,\"caption\":\"Caritas Italiana\"},\"image\":{\"@id\":\"https:\/\/caritas-wp.glauco.it\/caritas-dev\/#\/schema\/logo\/image\/\"}},{\"@type\":\"Person\",\"@id\":\"https:\/\/caritas-wp.glauco.it\/caritas-dev\/#\/schema\/person\/96c3bb43c39ec54ab7e1b2bb2f0cfe36\",\"name\":\"dangelellli\"}]}<\/script>\n<!-- \/ Yoast SEO plugin. -->","yoast_head_json":{"title":"Emergenza Ucraina: l'impegno della Caritas - Caritas DEV","description":"Le richieste di aiuto e assistenza umanitaria in Ucraina crescono e la risposta all'interno del Paese di Caritas Spes e Caritas Ucraina (le due Caritas ucraine), grazie anche al supporto della rete delle Caritas sorelle, non si ferma.","robots":{"index":"index","follow":"follow","max-snippet":"max-snippet:-1","max-image-preview":"max-image-preview:large","max-video-preview":"max-video-preview:-1"},"canonical":"https:\/\/caritas-wp.glauco.it\/caritas-dev\/emergenza-ucraina-limpegno-della-caritas\/","og_locale":"it_IT","og_type":"article","og_title":"Emergenza Ucraina: l'impegno della Caritas - Caritas DEV","og_description":"Le richieste di aiuto e assistenza umanitaria in Ucraina crescono e la risposta all'interno del Paese di Caritas Spes e Caritas Ucraina (le due Caritas ucraine), grazie anche al supporto della rete delle Caritas sorelle, non si ferma.","og_url":"https:\/\/caritas-wp.glauco.it\/caritas-dev\/emergenza-ucraina-limpegno-della-caritas\/","og_site_name":"Caritas DEV","article_published_time":"2022-09-24T11:32:00+00:00","article_modified_time":"2022-09-28T13:03:26+00:00","og_image":[{"width":1880,"height":764,"url":"https:\/\/caritas-wp.glauco.it\/caritas-dev\/wp-content\/uploads\/sites\/7\/2022\/09\/ucraina_volontari.jpg","type":"image\/jpeg"}],"author":"dangelellli","twitter_card":"summary_large_image","twitter_misc":{"Scritto da":"dangelellli","Tempo di lettura stimato":"6 minuti"},"schema":{"@context":"https:\/\/schema.org","@graph":[{"@type":"Article","@id":"https:\/\/caritas-wp.glauco.it\/caritas-dev\/emergenza-ucraina-limpegno-della-caritas\/#article","isPartOf":{"@id":"https:\/\/caritas-wp.glauco.it\/caritas-dev\/emergenza-ucraina-limpegno-della-caritas\/"},"author":{"name":"dangelellli","@id":"https:\/\/caritas-wp.glauco.it\/caritas-dev\/#\/schema\/person\/96c3bb43c39ec54ab7e1b2bb2f0cfe36"},"headline":"Emergenza Ucraina: l&#8217;impegno della Caritas","datePublished":"2022-09-24T11:32:00+00:00","dateModified":"2022-09-28T13:03:26+00:00","mainEntityOfPage":{"@id":"https:\/\/caritas-wp.glauco.it\/caritas-dev\/emergenza-ucraina-limpegno-della-caritas\/"},"wordCount":858,"publisher":{"@id":"https:\/\/caritas-wp.glauco.it\/caritas-dev\/#organization"},"keywords":["Caritas Europa","Caritas Internationalis","Emergenza Ucraina"],"articleSection":["Europa"],"inLanguage":"it-IT"},{"@type":"WebPage","@id":"https:\/\/caritas-wp.glauco.it\/caritas-dev\/emergenza-ucraina-limpegno-della-caritas\/","url":"https:\/\/caritas-wp.glauco.it\/caritas-dev\/emergenza-ucraina-limpegno-della-caritas\/","name":"Emergenza Ucraina: l'impegno della Caritas - Caritas DEV","isPartOf":{"@id":"https:\/\/caritas-wp.glauco.it\/caritas-dev\/#website"},"datePublished":"2022-09-24T11:32:00+00:00","dateModified":"2022-09-28T13:03:26+00:00","description":"Le richieste di aiuto e assistenza umanitaria in Ucraina crescono e la risposta all'interno del Paese di Caritas Spes e Caritas Ucraina (le due Caritas ucraine), grazie anche al supporto della rete delle Caritas sorelle, non si ferma.","breadcrumb":{"@id":"https:\/\/caritas-wp.glauco.it\/caritas-dev\/emergenza-ucraina-limpegno-della-caritas\/#breadcrumb"},"inLanguage":"it-IT","potentialAction":[{"@type":"ReadAction","target":["https:\/\/caritas-wp.glauco.it\/caritas-dev\/emergenza-ucraina-limpegno-della-caritas\/"]}]},{"@type":"BreadcrumbList","@id":"https:\/\/caritas-wp.glauco.it\/caritas-dev\/emergenza-ucraina-limpegno-della-caritas\/#breadcrumb","itemListElement":[{"@type":"ListItem","position":1,"name":"Home","item":"https:\/\/caritas-wp.glauco.it\/caritas-dev\/"},{"@type":"ListItem","position":2,"name":"Emergenza Ucraina: l&#8217;impegno della Caritas"}]},{"@type":"WebSite","@id":"https:\/\/caritas-wp.glauco.it\/caritas-dev\/#website","url":"https:\/\/caritas-wp.glauco.it\/caritas-dev\/","name":"Caritas DEV","description":"Organismo Pastorale della CEI","publisher":{"@id":"https:\/\/caritas-wp.glauco.it\/caritas-dev\/#organization"},"potentialAction":[{"@type":"SearchAction","target":{"@type":"EntryPoint","urlTemplate":"https:\/\/caritas-wp.glauco.it\/caritas-dev\/?s={search_term_string}"},"query-input":"required name=search_term_string"}],"inLanguage":"it-IT"},{"@type":"Organization","@id":"https:\/\/caritas-wp.glauco.it\/caritas-dev\/#organization","name":"Caritas Italiana","url":"https:\/\/caritas-wp.glauco.it\/caritas-dev\/","logo":{"@type":"ImageObject","inLanguage":"it-IT","@id":"https:\/\/caritas-wp.glauco.it\/caritas-dev\/#\/schema\/logo\/image\/","url":"https:\/\/caritas-wp.glauco.it\/caritas-dev\/wp-content\/uploads\/sites\/7\/2022\/07\/logo_caritas-1.png","contentUrl":"https:\/\/caritas-wp.glauco.it\/caritas-dev\/wp-content\/uploads\/sites\/7\/2022\/07\/logo_caritas-1.png","width":187,"height":80,"caption":"Caritas Italiana"},"image":{"@id":"https:\/\/caritas-wp.glauco.it\/caritas-dev\/#\/schema\/logo\/image\/"}},{"@type":"Person","@id":"https:\/\/caritas-wp.glauco.it\/caritas-dev\/#\/schema\/person\/96c3bb43c39ec54ab7e1b2bb2f0cfe36","name":"dangelellli"}]}},"modified_by":null,"_links":{"self":[{"href":"https:\/\/caritas-wp.glauco.it\/caritas-dev\/wp-json\/wp\/v2\/posts\/44846"}],"collection":[{"href":"https:\/\/caritas-wp.glauco.it\/caritas-dev\/wp-json\/wp\/v2\/posts"}],"about":[{"href":"https:\/\/caritas-wp.glauco.it\/caritas-dev\/wp-json\/wp\/v2\/types\/post"}],"author":[{"embeddable":true,"href":"https:\/\/caritas-wp.glauco.it\/caritas-dev\/wp-json\/wp\/v2\/users\/12"}],"replies":[{"embeddable":true,"href":"https:\/\/caritas-wp.glauco.it\/caritas-dev\/wp-json\/wp\/v2\/comments?post=44846"}],"version-history":[{"count":14,"href":"https:\/\/caritas-wp.glauco.it\/caritas-dev\/wp-json\/wp\/v2\/posts\/44846\/revisions"}],"predecessor-version":[{"id":45660,"href":"https:\/\/caritas-wp.glauco.it\/caritas-dev\/wp-json\/wp\/v2\/posts\/44846\/revisions\/45660"}],"wp:featuredmedia":[{"embeddable":true,"href":"https:\/\/caritas-wp.glauco.it\/caritas-dev\/wp-json\/wp\/v2\/media\/44850"}],"wp:attachment":[{"href":"https:\/\/caritas-wp.glauco.it\/caritas-dev\/wp-json\/wp\/v2\/media?parent=44846"}],"wp:term":[{"taxonomy":"category","embeddable":true,"href":"https:\/\/caritas-wp.glauco.it\/caritas-dev\/wp-json\/wp\/v2\/categories?post=44846"},{"taxonomy":"post_tag","embeddable":true,"href":"https:\/\/caritas-wp.glauco.it\/caritas-dev\/wp-json\/wp\/v2\/tags?post=44846"},{"taxonomy":"canale_per_feed","embeddable":true,"href":"https:\/\/caritas-wp.glauco.it\/caritas-dev\/wp-json\/wp\/v2\/canale_per_feed?post=44846"}],"curies":[{"name":"wp","href":"https:\/\/api.w.org\/{rel}","templated":true}]}}