{"id":53805,"date":"2022-09-29T16:12:15","date_gmt":"2022-09-29T14:12:15","guid":{"rendered":"https:\/\/caritas-wp.glauco.it\/caritas-dev\/?p=53805"},"modified":"2022-09-29T16:13:44","modified_gmt":"2022-09-29T14:13:44","slug":"vi-giornata-mondiale-dei-poveri-13-novembre-2022","status":"publish","type":"post","link":"https:\/\/caritas-wp.glauco.it\/caritas-dev\/vi-giornata-mondiale-dei-poveri-13-novembre-2022\/","title":{"rendered":"VI Giornata mondiale dei Poveri (13 novembre 2022)"},"content":{"rendered":"<p>Si celebra <strong>domenica 13 novembre 2022<\/strong> (XXXIII del Tempo Ordinario) la <strong>VI Giornata Mondiale dei Poveri<\/strong>, che Papa Francesco ha dedicato al tema Ges\u00f9 Cristo si \u00e8 fatto povero per voi (cfr 2 Cor 8,9), titolo del <a href=\"https:\/\/www.vatican.va\/content\/francesco\/it\/messages\/poveri\/documents\/20220613-messaggio-vi-giornatamondiale-poveri-2022.html\" target=\"_blank\" rel=\"noopener\">Messaggio diffuso il 14 giugno scorso<\/a>.<\/p>\n<p>Papa Bergoglio a partire dalla tragica attualit\u00e0 del <a href=\"https:\/\/caritas-wp.glauco.it\/caritas-dev\/emergenza-ucraina-limpegno-della-caritas\/\" target=\"_blank\" rel=\"noopener\">conflitto in Ucraina<\/a>, dall\u2019insensatezza della guerra pi\u00f9 volte definita dal Santo Padre \u201cuna pazzia\u201d, individua <strong>tre percorsi per vivere la solidariet\u00e0 responsabile<\/strong>.<\/p>\n<ul>\n<li>Il primo \u00e8 quello di rifiutare ogni forma di \u201crilassatezza che porta ad assumere comportamenti non coerenti&#8221; e dice che questo &#8220;\u00e8 un tema che ritorna spesso nel magistero del Papa perch\u00e9 \u00e8 una condizione culturale frutto di un esasperato secolarismo che rinchiude le persone all\u2019interno di una muraglia cinese senza pi\u00f9 senso di responsabilit\u00e0 sociale, con l\u2019illusione di vivere un\u2019esistenza felice ma di fatto effimera e senza fondamento&#8221;.<\/li>\n<li>Il secondo percorso \u00e8 quello di assumere la solidariet\u00e0 come forma di impegno sociale e cristiano e cita le parole di Francesco: \u201cLa solidariet\u00e0 \u00e8 proprio questo: condividere il poco che abbiamo con quanti non hanno nulla, perch\u00e9 nessuno soffra. Pi\u00f9 cresce il senso della comunit\u00e0 e della comunione come stile di vita e maggiormente si sviluppa la solidariet\u00e0\u2026&#8221;. Molti Paesi negli ultimi decenni, afferma il presule, hanno fatto progressi grazie a politiche familiari e progetti sociali, \u00e8 giunto quindi il momento della condivisione di questo \u201cpatrimonio di sicurezza e stabilit\u00e0\u201d, perch\u00e9 nessuno abbia a trovarsi nell\u2019indigenza. Centrale in questo spirito di condivisione il valore che si d\u00e0 al denaro e l&#8217;uso che se ne vuole fare.<\/li>\n<li>Il terzo passaggio \u00e8 la proposta contenuta nel titolo di questa VI Giornata Mondiale dei Poveri. \u00c8 tratto dalla seconda Lettera di Paolo ai cristiani di Corinto: \u201cGes\u00f9 Cristo si \u00e8 fatto povero per voi\u201d. Il contesto della Lettera dell\u2019apostolo \u00e8 quello della raccolta di fondi per sostenere i poveri della comunit\u00e0 di Gerusalemme. Ieri come oggi \u00e8 importante dare continuit\u00e0 alla generosit\u00e0. \u201cLa solidariet\u00e0, in effetti, \u00e8 proprio questo \u2013 prosegue papa Francesco nel messaggio &#8211; condividere il poco che abbiamo con quanti non hanno nulla, perch\u00e9 nessuno soffra. Pi\u00f9 cresce il senso della comunit\u00e0 e della comunione come stile di vita e maggiormente si sviluppa la solidariet\u00e0 [\u2026]. Come membri della societ\u00e0 civile, manteniamo vivo il richiamo ai valori di libert\u00e0, responsabilit\u00e0, fratellanza e solidariet\u00e0. E come cristiani, ritroviamo sempre nella carit\u00e0, nella fede e nella speranza il fondamento del nostro essere e del nostro agire.<\/li>\n<\/ul>\n","protected":false},"excerpt":{"rendered":"<p>Si celebra domenica 13 novembre 2022 (XXXIII del Tempo Ordinario) la VI Giornata Mondiale dei Poveri, che Papa Francesco ha dedicato al tema Ges\u00f9 Cristo si \u00e8 fatto povero per voi (cfr 2 Cor 8,9), titolo del Messaggio diffuso il 14 giugno scorso. Papa Bergoglio a partire dalla tragica attualit\u00e0 del conflitto in Ucraina, dall\u2019insensatezza [&hellip;]<\/p>\n","protected":false},"author":13,"featured_media":53830,"comment_status":"closed","ping_status":"closed","sticky":false,"template":"","format":"standard","meta":{"_lmt_disableupdate":"no","_lmt_disable":"no","footnotes":""},"categories":[51],"tags":[],"canale_per_feed":[],"acf":[],"yoast_head":"<!-- This site is optimized with the Yoast SEO plugin v21.4 - https:\/\/yoast.com\/wordpress\/plugins\/seo\/ -->\n<title>VI Giornata mondiale dei Poveri (13 novembre 2022) - Caritas DEV<\/title>\n<meta name=\"robots\" content=\"index, follow, max-snippet:-1, max-image-preview:large, max-video-preview:-1\" \/>\n<link rel=\"canonical\" href=\"https:\/\/caritas-wp.glauco.it\/caritas-dev\/vi-giornata-mondiale-dei-poveri-13-novembre-2022\/\" \/>\n<meta property=\"og:locale\" content=\"it_IT\" \/>\n<meta property=\"og:type\" content=\"article\" \/>\n<meta property=\"og:title\" content=\"VI Giornata mondiale dei Poveri (13 novembre 2022) - Caritas DEV\" \/>\n<meta property=\"og:description\" content=\"Si celebra domenica 13 novembre 2022 (XXXIII del Tempo Ordinario) la VI Giornata Mondiale dei Poveri, che Papa Francesco ha dedicato al tema Ges\u00f9 Cristo si \u00e8 fatto povero per voi (cfr 2 Cor 8,9), titolo del Messaggio diffuso il 14 giugno scorso. Papa Bergoglio a partire dalla tragica attualit\u00e0 del conflitto in Ucraina, dall\u2019insensatezza [&hellip;]\" \/>\n<meta property=\"og:url\" content=\"https:\/\/caritas-wp.glauco.it\/caritas-dev\/vi-giornata-mondiale-dei-poveri-13-novembre-2022\/\" \/>\n<meta property=\"og:site_name\" content=\"Caritas DEV\" \/>\n<meta property=\"article:published_time\" content=\"2022-09-29T14:12:15+00:00\" \/>\n<meta property=\"article:modified_time\" content=\"2022-09-29T14:13:44+00:00\" \/>\n<meta property=\"og:image\" content=\"https:\/\/caritas-wp.glauco.it\/caritas-dev\/wp-content\/uploads\/sites\/7\/2022\/09\/giornata-mondiale-poveri.jpg\" \/>\n\t<meta property=\"og:image:width\" content=\"1000\" \/>\n\t<meta property=\"og:image:height\" content=\"500\" \/>\n\t<meta property=\"og:image:type\" content=\"image\/jpeg\" \/>\n<meta name=\"author\" content=\"bottazzi\" \/>\n<meta name=\"twitter:card\" content=\"summary_large_image\" \/>\n<meta name=\"twitter:label1\" content=\"Scritto da\" \/>\n\t<meta name=\"twitter:data1\" content=\"bottazzi\" \/>\n\t<meta name=\"twitter:label2\" content=\"Tempo di lettura stimato\" \/>\n\t<meta name=\"twitter:data2\" content=\"3 minuti\" \/>\n<script type=\"application\/ld+json\" class=\"yoast-schema-graph\">{\"@context\":\"https:\/\/schema.org\",\"@graph\":[{\"@type\":\"Article\",\"@id\":\"https:\/\/caritas-wp.glauco.it\/caritas-dev\/vi-giornata-mondiale-dei-poveri-13-novembre-2022\/#article\",\"isPartOf\":{\"@id\":\"https:\/\/caritas-wp.glauco.it\/caritas-dev\/vi-giornata-mondiale-dei-poveri-13-novembre-2022\/\"},\"author\":{\"name\":\"bottazzi\",\"@id\":\"https:\/\/caritas-wp.glauco.it\/caritas-dev\/#\/schema\/person\/062f1762ed0cd17c2b2fc114cb3c2f07\"},\"headline\":\"VI Giornata mondiale dei Poveri (13 novembre 2022)\",\"datePublished\":\"2022-09-29T14:12:15+00:00\",\"dateModified\":\"2022-09-29T14:13:44+00:00\",\"mainEntityOfPage\":{\"@id\":\"https:\/\/caritas-wp.glauco.it\/caritas-dev\/vi-giornata-mondiale-dei-poveri-13-novembre-2022\/\"},\"wordCount\":399,\"publisher\":{\"@id\":\"https:\/\/caritas-wp.glauco.it\/caritas-dev\/#organization\"},\"articleSection\":[\"Giornate mondiali dei poveri\"],\"inLanguage\":\"it-IT\"},{\"@type\":\"WebPage\",\"@id\":\"https:\/\/caritas-wp.glauco.it\/caritas-dev\/vi-giornata-mondiale-dei-poveri-13-novembre-2022\/\",\"url\":\"https:\/\/caritas-wp.glauco.it\/caritas-dev\/vi-giornata-mondiale-dei-poveri-13-novembre-2022\/\",\"name\":\"VI Giornata mondiale dei Poveri (13 novembre 2022) - Caritas DEV\",\"isPartOf\":{\"@id\":\"https:\/\/caritas-wp.glauco.it\/caritas-dev\/#website\"},\"datePublished\":\"2022-09-29T14:12:15+00:00\",\"dateModified\":\"2022-09-29T14:13:44+00:00\",\"breadcrumb\":{\"@id\":\"https:\/\/caritas-wp.glauco.it\/caritas-dev\/vi-giornata-mondiale-dei-poveri-13-novembre-2022\/#breadcrumb\"},\"inLanguage\":\"it-IT\",\"potentialAction\":[{\"@type\":\"ReadAction\",\"target\":[\"https:\/\/caritas-wp.glauco.it\/caritas-dev\/vi-giornata-mondiale-dei-poveri-13-novembre-2022\/\"]}]},{\"@type\":\"BreadcrumbList\",\"@id\":\"https:\/\/caritas-wp.glauco.it\/caritas-dev\/vi-giornata-mondiale-dei-poveri-13-novembre-2022\/#breadcrumb\",\"itemListElement\":[{\"@type\":\"ListItem\",\"position\":1,\"name\":\"Home\",\"item\":\"https:\/\/caritas-wp.glauco.it\/caritas-dev\/\"},{\"@type\":\"ListItem\",\"position\":2,\"name\":\"VI Giornata mondiale dei Poveri (13 novembre 2022)\"}]},{\"@type\":\"WebSite\",\"@id\":\"https:\/\/caritas-wp.glauco.it\/caritas-dev\/#website\",\"url\":\"https:\/\/caritas-wp.glauco.it\/caritas-dev\/\",\"name\":\"Caritas DEV\",\"description\":\"Organismo Pastorale della CEI\",\"publisher\":{\"@id\":\"https:\/\/caritas-wp.glauco.it\/caritas-dev\/#organization\"},\"potentialAction\":[{\"@type\":\"SearchAction\",\"target\":{\"@type\":\"EntryPoint\",\"urlTemplate\":\"https:\/\/caritas-wp.glauco.it\/caritas-dev\/?s={search_term_string}\"},\"query-input\":\"required name=search_term_string\"}],\"inLanguage\":\"it-IT\"},{\"@type\":\"Organization\",\"@id\":\"https:\/\/caritas-wp.glauco.it\/caritas-dev\/#organization\",\"name\":\"Caritas Italiana\",\"url\":\"https:\/\/caritas-wp.glauco.it\/caritas-dev\/\",\"logo\":{\"@type\":\"ImageObject\",\"inLanguage\":\"it-IT\",\"@id\":\"https:\/\/caritas-wp.glauco.it\/caritas-dev\/#\/schema\/logo\/image\/\",\"url\":\"https:\/\/caritas-wp.glauco.it\/caritas-dev\/wp-content\/uploads\/sites\/7\/2022\/07\/logo_caritas-1.png\",\"contentUrl\":\"https:\/\/caritas-wp.glauco.it\/caritas-dev\/wp-content\/uploads\/sites\/7\/2022\/07\/logo_caritas-1.png\",\"width\":187,\"height\":80,\"caption\":\"Caritas Italiana\"},\"image\":{\"@id\":\"https:\/\/caritas-wp.glauco.it\/caritas-dev\/#\/schema\/logo\/image\/\"}},{\"@type\":\"Person\",\"@id\":\"https:\/\/caritas-wp.glauco.it\/caritas-dev\/#\/schema\/person\/062f1762ed0cd17c2b2fc114cb3c2f07\",\"name\":\"bottazzi\"}]}<\/script>\n<!-- \/ Yoast SEO plugin. -->","yoast_head_json":{"title":"VI Giornata mondiale dei Poveri (13 novembre 2022) - Caritas DEV","robots":{"index":"index","follow":"follow","max-snippet":"max-snippet:-1","max-image-preview":"max-image-preview:large","max-video-preview":"max-video-preview:-1"},"canonical":"https:\/\/caritas-wp.glauco.it\/caritas-dev\/vi-giornata-mondiale-dei-poveri-13-novembre-2022\/","og_locale":"it_IT","og_type":"article","og_title":"VI Giornata mondiale dei Poveri (13 novembre 2022) - Caritas DEV","og_description":"Si celebra domenica 13 novembre 2022 (XXXIII del Tempo Ordinario) la VI Giornata Mondiale dei Poveri, che Papa Francesco ha dedicato al tema Ges\u00f9 Cristo si \u00e8 fatto povero per voi (cfr 2 Cor 8,9), titolo del Messaggio diffuso il 14 giugno scorso. Papa Bergoglio a partire dalla tragica attualit\u00e0 del conflitto in Ucraina, dall\u2019insensatezza [&hellip;]","og_url":"https:\/\/caritas-wp.glauco.it\/caritas-dev\/vi-giornata-mondiale-dei-poveri-13-novembre-2022\/","og_site_name":"Caritas DEV","article_published_time":"2022-09-29T14:12:15+00:00","article_modified_time":"2022-09-29T14:13:44+00:00","og_image":[{"width":1000,"height":500,"url":"https:\/\/caritas-wp.glauco.it\/caritas-dev\/wp-content\/uploads\/sites\/7\/2022\/09\/giornata-mondiale-poveri.jpg","type":"image\/jpeg"}],"author":"bottazzi","twitter_card":"summary_large_image","twitter_misc":{"Scritto da":"bottazzi","Tempo di lettura stimato":"3 minuti"},"schema":{"@context":"https:\/\/schema.org","@graph":[{"@type":"Article","@id":"https:\/\/caritas-wp.glauco.it\/caritas-dev\/vi-giornata-mondiale-dei-poveri-13-novembre-2022\/#article","isPartOf":{"@id":"https:\/\/caritas-wp.glauco.it\/caritas-dev\/vi-giornata-mondiale-dei-poveri-13-novembre-2022\/"},"author":{"name":"bottazzi","@id":"https:\/\/caritas-wp.glauco.it\/caritas-dev\/#\/schema\/person\/062f1762ed0cd17c2b2fc114cb3c2f07"},"headline":"VI Giornata mondiale dei Poveri (13 novembre 2022)","datePublished":"2022-09-29T14:12:15+00:00","dateModified":"2022-09-29T14:13:44+00:00","mainEntityOfPage":{"@id":"https:\/\/caritas-wp.glauco.it\/caritas-dev\/vi-giornata-mondiale-dei-poveri-13-novembre-2022\/"},"wordCount":399,"publisher":{"@id":"https:\/\/caritas-wp.glauco.it\/caritas-dev\/#organization"},"articleSection":["Giornate mondiali dei poveri"],"inLanguage":"it-IT"},{"@type":"WebPage","@id":"https:\/\/caritas-wp.glauco.it\/caritas-dev\/vi-giornata-mondiale-dei-poveri-13-novembre-2022\/","url":"https:\/\/caritas-wp.glauco.it\/caritas-dev\/vi-giornata-mondiale-dei-poveri-13-novembre-2022\/","name":"VI Giornata mondiale dei Poveri (13 novembre 2022) - Caritas DEV","isPartOf":{"@id":"https:\/\/caritas-wp.glauco.it\/caritas-dev\/#website"},"datePublished":"2022-09-29T14:12:15+00:00","dateModified":"2022-09-29T14:13:44+00:00","breadcrumb":{"@id":"https:\/\/caritas-wp.glauco.it\/caritas-dev\/vi-giornata-mondiale-dei-poveri-13-novembre-2022\/#breadcrumb"},"inLanguage":"it-IT","potentialAction":[{"@type":"ReadAction","target":["https:\/\/caritas-wp.glauco.it\/caritas-dev\/vi-giornata-mondiale-dei-poveri-13-novembre-2022\/"]}]},{"@type":"BreadcrumbList","@id":"https:\/\/caritas-wp.glauco.it\/caritas-dev\/vi-giornata-mondiale-dei-poveri-13-novembre-2022\/#breadcrumb","itemListElement":[{"@type":"ListItem","position":1,"name":"Home","item":"https:\/\/caritas-wp.glauco.it\/caritas-dev\/"},{"@type":"ListItem","position":2,"name":"VI Giornata mondiale dei Poveri (13 novembre 2022)"}]},{"@type":"WebSite","@id":"https:\/\/caritas-wp.glauco.it\/caritas-dev\/#website","url":"https:\/\/caritas-wp.glauco.it\/caritas-dev\/","name":"Caritas DEV","description":"Organismo Pastorale della CEI","publisher":{"@id":"https:\/\/caritas-wp.glauco.it\/caritas-dev\/#organization"},"potentialAction":[{"@type":"SearchAction","target":{"@type":"EntryPoint","urlTemplate":"https:\/\/caritas-wp.glauco.it\/caritas-dev\/?s={search_term_string}"},"query-input":"required name=search_term_string"}],"inLanguage":"it-IT"},{"@type":"Organization","@id":"https:\/\/caritas-wp.glauco.it\/caritas-dev\/#organization","name":"Caritas Italiana","url":"https:\/\/caritas-wp.glauco.it\/caritas-dev\/","logo":{"@type":"ImageObject","inLanguage":"it-IT","@id":"https:\/\/caritas-wp.glauco.it\/caritas-dev\/#\/schema\/logo\/image\/","url":"https:\/\/caritas-wp.glauco.it\/caritas-dev\/wp-content\/uploads\/sites\/7\/2022\/07\/logo_caritas-1.png","contentUrl":"https:\/\/caritas-wp.glauco.it\/caritas-dev\/wp-content\/uploads\/sites\/7\/2022\/07\/logo_caritas-1.png","width":187,"height":80,"caption":"Caritas Italiana"},"image":{"@id":"https:\/\/caritas-wp.glauco.it\/caritas-dev\/#\/schema\/logo\/image\/"}},{"@type":"Person","@id":"https:\/\/caritas-wp.glauco.it\/caritas-dev\/#\/schema\/person\/062f1762ed0cd17c2b2fc114cb3c2f07","name":"bottazzi"}]}},"modified_by":null,"_links":{"self":[{"href":"https:\/\/caritas-wp.glauco.it\/caritas-dev\/wp-json\/wp\/v2\/posts\/53805"}],"collection":[{"href":"https:\/\/caritas-wp.glauco.it\/caritas-dev\/wp-json\/wp\/v2\/posts"}],"about":[{"href":"https:\/\/caritas-wp.glauco.it\/caritas-dev\/wp-json\/wp\/v2\/types\/post"}],"author":[{"embeddable":true,"href":"https:\/\/caritas-wp.glauco.it\/caritas-dev\/wp-json\/wp\/v2\/users\/13"}],"replies":[{"embeddable":true,"href":"https:\/\/caritas-wp.glauco.it\/caritas-dev\/wp-json\/wp\/v2\/comments?post=53805"}],"version-history":[{"count":1,"href":"https:\/\/caritas-wp.glauco.it\/caritas-dev\/wp-json\/wp\/v2\/posts\/53805\/revisions"}],"predecessor-version":[{"id":53834,"href":"https:\/\/caritas-wp.glauco.it\/caritas-dev\/wp-json\/wp\/v2\/posts\/53805\/revisions\/53834"}],"wp:featuredmedia":[{"embeddable":true,"href":"https:\/\/caritas-wp.glauco.it\/caritas-dev\/wp-json\/wp\/v2\/media\/53830"}],"wp:attachment":[{"href":"https:\/\/caritas-wp.glauco.it\/caritas-dev\/wp-json\/wp\/v2\/media?parent=53805"}],"wp:term":[{"taxonomy":"category","embeddable":true,"href":"https:\/\/caritas-wp.glauco.it\/caritas-dev\/wp-json\/wp\/v2\/categories?post=53805"},{"taxonomy":"post_tag","embeddable":true,"href":"https:\/\/caritas-wp.glauco.it\/caritas-dev\/wp-json\/wp\/v2\/tags?post=53805"},{"taxonomy":"canale_per_feed","embeddable":true,"href":"https:\/\/caritas-wp.glauco.it\/caritas-dev\/wp-json\/wp\/v2\/canale_per_feed?post=53805"}],"curies":[{"name":"wp","href":"https:\/\/api.w.org\/{rel}","templated":true}]}}